{"id":8202,"date":"2011-02-07T00:04:41","date_gmt":"2011-02-06T23:04:41","guid":{"rendered":"http:\/\/www.zeitgeistlos.de\/zgblog\/?p=8202"},"modified":"2011-02-03T12:00:56","modified_gmt":"2011-02-03T11:00:56","slug":"bereit-immer-bereit-sir","status":"publish","type":"post","link":"https:\/\/www.zeitgeistlos.de\/zgblog\/2011\/bereit-immer-bereit-sir\/","title":{"rendered":"Bereit? \u00bbImmer bereit, Sir!\u00ab"},"content":{"rendered":"<p style=\"text-align: justify;\">Laut einer Befragung des Bundesverbandes der Betriebskrankenkassen sind \u00fcber die H\u00e4lfte aller Berufst\u00e4tigen auch privat f\u00fcr ihren Arbeitgeber erreichbar. Nehmt ihr den Telefonh\u00f6rer auch immer ab, wenn der Chef anruft?<a rel=\"lightbox\" href=\"https:\/\/www.zeitgeistlos.de\/zgblog\/wp-content\/uploads\/Immer-bereit.jpg\"><img decoding=\"async\" class=\"aligncenter size-full wp-image-8203\" title=\"TrendTableau B\u00f6ckler Impuls 20\/2010\" src=\"https:\/\/www.zeitgeistlos.de\/zgblog\/wp-content\/uploads\/Immer-bereit.jpg\" alt width=\"238\" height=\"384\" srcset=\"https:\/\/www.zeitgeistlos.de\/zgblog\/wp-content\/uploads\/Immer-bereit.jpg 496w, https:\/\/www.zeitgeistlos.de\/zgblog\/wp-content\/uploads\/Immer-bereit-93x150.jpg 93w, https:\/\/www.zeitgeistlos.de\/zgblog\/wp-content\/uploads\/Immer-bereit-248x400.jpg 248w\" sizes=\"(max-width: 238px) 100vw, 238px\"><\/a><\/p>\n<p style=\"text-align: justify;\">\n<\/p><p style=\"text-align: justify;\">Quelle: <a href=\"http:\/\/www.boeckler.de\/32015_111326.html\" target=\"_blank\">Boeckler-Impuls <sup class=\"numerator\">20<\/sup>\u2044<sub class=\"denominator\">2010<\/sub><\/a><\/p>\n","protected":false},"excerpt":{"rendered":"<p>Laut einer Befragung des Bundesverbandes der Betriebskrankenkassen sind \u00fcber die H\u00e4lfte aller Berufst\u00e4tigen auch privat f\u00fcr ihren Arbeitgeber erreichbar. Nehmt ihr den Telefonh\u00f6rer auch immer ab, wenn der Chef anruft? Quelle: Boeckler-Impuls 20\u20442010<\/p>\n","protected":false},"author":4,"featured_media":0,"comment_status":"open","ping_status":"open","sticky":false,"template":"","format":"standard","meta":{"wp_typography_post_enhancements_disabled":false,"footnotes":""},"categories":[1],"tags":[1646,162],"class_list":["post-8202","post","type-post","status-publish","format-standard","hentry","category-vermischtes","tag-arbeit","tag-arbeitsfetischismus"],"_links":{"self":[{"href":"https:\/\/www.zeitgeistlos.de\/zgblog\/wp-json\/wp\/v2\/posts\/8202","targetHints":{"allow":["GET"]}}],"collection":[{"href":"https:\/\/www.zeitgeistlos.de\/zgblog\/wp-json\/wp\/v2\/posts"}],"about":[{"href":"https:\/\/www.zeitgeistlos.de\/zgblog\/wp-json\/wp\/v2\/types\/post"}],"author":[{"embeddable":true,"href":"https:\/\/www.zeitgeistlos.de\/zgblog\/wp-json\/wp\/v2\/users\/4"}],"replies":[{"embeddable":true,"href":"https:\/\/www.zeitgeistlos.de\/zgblog\/wp-json\/wp\/v2\/comments?post=8202"}],"version-history":[{"count":13,"href":"https:\/\/www.zeitgeistlos.de\/zgblog\/wp-json\/wp\/v2\/posts\/8202\/revisions"}],"predecessor-version":[{"id":8264,"href":"https:\/\/www.zeitgeistlos.de\/zgblog\/wp-json\/wp\/v2\/posts\/8202\/revisions\/8264"}],"wp:attachment":[{"href":"https:\/\/www.zeitgeistlos.de\/zgblog\/wp-json\/wp\/v2\/media?parent=8202"}],"wp:term":[{"taxonomy":"category","embeddable":true,"href":"https:\/\/www.zeitgeistlos.de\/zgblog\/wp-json\/wp\/v2\/categories?post=8202"},{"taxonomy":"post_tag","embeddable":true,"href":"https:\/\/www.zeitgeistlos.de\/zgblog\/wp-json\/wp\/v2\/tags?post=8202"}],"curies":[{"name":"wp","href":"https:\/\/api.w.org\/{rel}","templated":true}]}}