{"id":54201,"date":"2026-04-27T07:05:43","date_gmt":"2026-04-27T05:05:43","guid":{"rendered":"https:\/\/www.zeitgeistlos.de\/zgblog\/?p=54201"},"modified":"2026-04-26T19:51:47","modified_gmt":"2026-04-26T17:51:47","slug":"geschwaetz-von-gestern-44","status":"publish","type":"post","link":"https:\/\/www.zeitgeistlos.de\/zgblog\/2026\/geschwaetz-von-gestern-44\/","title":{"rendered":"Geschw\u00e4tz von gestern (44)"},"content":{"rendered":"<p><img decoding=\"async\" class=\"aligncenter wp-image-29099\" src=\"https:\/\/www.zeitgeistlos.de\/zgblog\/wp-content\/uploads\/maske.jpg\" alt width=\"1000\" height=\"563\" srcset=\"https:\/\/www.zeitgeistlos.de\/zgblog\/wp-content\/uploads\/maske.jpg 1000w, https:\/\/www.zeitgeistlos.de\/zgblog\/wp-content\/uploads\/maske-150x84.jpg 150w, https:\/\/www.zeitgeistlos.de\/zgblog\/wp-content\/uploads\/maske-450x253.jpg 450w, https:\/\/www.zeitgeistlos.de\/zgblog\/wp-content\/uploads\/maske-768x432.jpg 768w, https:\/\/www.zeitgeistlos.de\/zgblog\/wp-content\/uploads\/maske-500x282.jpg 500w\" sizes=\"(max-width: 1000px) 100vw, 1000px\">Folge 44? Echt jetzt? Jetzt ist doch wirklich mal gut! Wie oft und wie lange willst Du noch mit dem Corona-Thema ankommen? Die Leute wollen das nicht mehr h\u00f6ren und lesen! Kannst Du nicht endlich aufh\u00f6ren, sie mit dem C\u2011Thema zu bel\u00e4stigen? Es ist vorbei. Schlu\u00df. Aus. Vergangenheit. Schnee von gestern. Augen zu. Schwamm dr\u00fcber. Ab unter den Teppich.<\/p>\n<p>\u00dcber das gr\u00f6\u00dfte Menschheitsverbrechen in Deutschland, seit dem 2. Weltkrieg, wollen wir nicht mehr reden. Hunderttausende Menschen mussten einsam in den Altenheimen sterben. Kinder wurden traumatisiert. Tausende \u00f6konomische Existenzen f\u00fcr immer zerst\u00f6rt. Billionen Schulden gemacht. Von tausendfachen Impfsch\u00e4den und <a href=\"https:\/\/www.zeitgeistlos.de\/zgblog\/2024\/repression-2\/\" target=\"_blank\" rel=\"noopener\">Repressionen<\/a> ganz zu schweigen.<\/p>\n<p>Interessiert <strong><em>mich<\/em><\/strong> alles nicht mehr. Hauptsache <strong><em>ich<\/em><\/strong> bin gut durch die Pandemie gekommen und <strong><em>ich<\/em> <\/strong>kann noch ein paar Jahre l\u00e4nger leben.<\/p>\n<p><!--more--><\/p>\n<hr>\n<p><strong>Watte im Kopf<\/strong><br>\nPaul Brandenburg, Ken Jebsen, Stefan Hockertz, Boris Reitschuster und jetzt auch <a href=\"https:\/\/x.com\/bitcoin_hotel\/status\/2038228658981077469\" target=\"_blank\" rel=\"noopener\">Michael Ballweg<\/a>. Immer mehr Selbstdenker und C\u2011Kritiker wandern aus Deutschland aus. Sie alle wurden regelrecht vertrieben und rausgemobbt. Zur\u00fcck bleiben die Ja-Sager,<a href=\"https:\/\/www.zeitgeistlos.de\/zgblog\/2026\/gratismut-3\/\" target=\"_blank\" rel=\"noopener\"> die Gratismutigen<\/a> und die eierlosen Opportunisten. Sowie Diejenigen, die es sich nicht leisten k\u00f6nnen, dieser Nervenklinik zu entkommen.<\/p>\n<p>Das intellektuelle Niveau in den Altmedien ist gleichzeitig auf einem absoluten Tiefpunkt angelangt. Bekenntnisformeln, Distanzierungsphrasen, Haltungsgew\u00e4sch und Gesinnungsvokabeln, sollen die eigene Lagerzugeh\u00f6rigkeit unterstreichen, w\u00e4hrend Argument, Kontext oder gar geschichtliche Zusammenh\u00e4nge regelm\u00e4\u00dfig ausgeblendet werden.<\/p>\n<hr>\n<div id=\"attachment_34314\" style=\"width: 610px\" class=\"wp-caption aligncenter\"><img decoding=\"async\" aria-describedby=\"caption-attachment-34314\" class=\"wp-image-34314\" src=\"https:\/\/www.zeitgeistlos.de\/zgblog\/wp-content\/uploads\/pande.jpg\" alt width=\"600\" height=\"603\" srcset=\"https:\/\/www.zeitgeistlos.de\/zgblog\/wp-content\/uploads\/pande.jpg 600w, https:\/\/www.zeitgeistlos.de\/zgblog\/wp-content\/uploads\/pande-398x400.jpg 398w, https:\/\/www.zeitgeistlos.de\/zgblog\/wp-content\/uploads\/pande-150x150.jpg 150w, https:\/\/www.zeitgeistlos.de\/zgblog\/wp-content\/uploads\/pande-299x300.jpg 299w\" sizes=\"(max-width: 600px) 100vw, 600px\"><p id=\"caption-attachment-34314\" class=\"wp-caption-text\">(Laser Lurch \/ CC BY-NC-ND 4.0)<\/p><\/div>\n<hr>\n<p><span class=\"yt-core-attributed-string yt-core-attributed-string--white-space-pre-wrap\" dir=\"auto\" role=\"text\"><strong>Der Deutungsschleier<\/strong><br>\nInteressant ist, wie weiterhin versucht wird, die C\u2011Geschichte in all ihren Facetten umzuschreiben. Zum Gl\u00fcck gibt es noch \u00fcberlebende Zeugen. Im Dezember 2021 behauptete die \u00bbKomikerin\u00ab <a href=\"https:\/\/x.com\/sarahbosetti\/status\/1466829037645582341\" target=\"_blank\" rel=\"noopener\">Sarah Bosetti<\/a> in Bezug auf Ungeimpfte und C\u2011Ma\u00dfnahmenkritiker:<\/span><\/p>\n<blockquote><p><span class=\"dquo\">\u00bb<\/span><strong>W\u00e4re die Spaltung der Gesellschaft wirklich etwas so Schlimmes?<\/strong> Sie w\u00fcrde ja nicht in der Mitte auseinanderbrechen, sondern ziemlich weit rechts unten. Und so ein Blinddarm ist ja nicht im strengeren Sinne essentiell f\u00fcr das \u00dcberleben des Gesamtkomplexes.\u00ab<\/p><\/blockquote>\n<p><a href=\"https:\/\/de.wikipedia.org\/wiki\/Sarah_Bosetti\" target=\"_blank\" rel=\"noopener\">Wikipedia<\/a> macht nun daraus:<\/p>\n<blockquote><p><span class=\"dquo\">\u00bb<\/span>F\u00fcr Kritik sorgte Bosetti mit einer im Dezember 2021 ausgestrahlten Folge ihres Formats \u00bbBosetti will reden!\u00ab, <strong>in der sie Menschen, die die Gesellschaft spalten wollten, in einem satirischen Kommentar als ziemlich weit rechts und ziemlich weit unten verortete<\/strong>, im Blinddarm der Gesellschaft, der nicht essentiell f\u00fcr das \u00dcberleben des Gesamtkomplexes sei.\u00ab<\/p><\/blockquote>\n<p>Bosetti hat eben nicht<em> gegen<\/em> vermeintliche Spalter der Gesellschaft polemisiert, sondern <em>f\u00fcr<\/em> die Spaltung der Gesellschaft polemisiert!<\/p>\n<p>Weil die C\u2011Kritiker und Ungeimpften ja alle <em>\u00bbweit rechts\u00ab<\/em> stehen w\u00fcrden und somit ein unwichtiges Organ der Gesellschaft (<em>\u00bbBlinddarm\u00ab<\/em>) seien, k\u00f6nne man auf diese Menschengruppe auch leicht verzichten (<em>\u00bbnicht essentiell\u00ab<\/em>), so der Tenor von Frau Bosetti. Spaltungssprache in Reinform. Das war und ist nicht nur eine menschenverachtende Sprache, sondern auch eine Verzerrung des Zitates und somit klar Geschichtsklitterung, was die wikipedia hier betreibt!<\/p>\n<hr>\n<div id=\"attachment_39340\" style=\"width: 785px\" class=\"wp-caption aligncenter\"><a href=\"https:\/\/individuelle-impfentscheidung.de\/aktuelles\/detail\/spahn-ueber-covid-19-impfung-fremdschutz-war-nie-das-ziel.html\" target=\"_blank\" rel=\"noopener\"><img decoding=\"async\" aria-describedby=\"caption-attachment-39340\" class=\"wp-image-39340\" src=\"https:\/\/www.zeitgeistlos.de\/zgblog\/wp-content\/uploads\/impfen-hilft.jpg\" alt width=\"775\" height=\"417\" srcset=\"https:\/\/www.zeitgeistlos.de\/zgblog\/wp-content\/uploads\/impfen-hilft.jpg 775w, https:\/\/www.zeitgeistlos.de\/zgblog\/wp-content\/uploads\/impfen-hilft-450x242.jpg 450w, https:\/\/www.zeitgeistlos.de\/zgblog\/wp-content\/uploads\/impfen-hilft-150x81.jpg 150w, https:\/\/www.zeitgeistlos.de\/zgblog\/wp-content\/uploads\/impfen-hilft-768x413.jpg 768w, https:\/\/www.zeitgeistlos.de\/zgblog\/wp-content\/uploads\/impfen-hilft-500x269.jpg 500w\" sizes=\"(max-width: 775px) 100vw, 775px\"><\/a><p id=\"caption-attachment-39340\" class=\"wp-caption-text\"><span class=\"dquo\">\u00bb<\/span>Fremdschutz war nie das Ziel!\u00ab (Jens Spahn im Dezember 2026)<\/p><\/div>\n<hr>\n<p><strong>Betreutes Denken<br>\n<\/strong>Fast 750.000 Menschen in Deutschland haben sich w\u00e4hrend der \u00bbC\u2011Pandemie\u00ab die <a href=\"https:\/\/www.epochtimes.de\/politik\/deutschland\/safevac-2-0-app-pei-studie-zu-covid-19-impfnebenwirkungen-noch-immer-offen-a5427304.html\" target=\"_blank\" rel=\"noopener\">\u00bbSafe-Vac-App\u00ab<\/a> vom Paul-Ehrlich-Institut (PEI) auf ihrem smartphone installiert. Zwei Jahre nach Datenerhebung gibt es noch immer keine Ver\u00f6ffentlichung der Daten. Nach dem j\u00fcngsten Bericht der Pharmakovigilanz des PEI, vom 31. Dezember 2024, gab es <em>\u00bb<strong>350.868 Verdachtsf\u00e4lle, darunter 63.909 schwerwiegende Nebenwirkungen<\/strong>, die mindestens einen Krankenhausaufenthalt oder m\u00f6glicherweise einen Todesfall zur Folge hatten.\u00ab<\/em> Manchmal gibt es vermutlich auch Daten, die will man gar nicht so genau wissen.<\/p>\n<p>Wer im Jahr 2020 von einem Laborursprung des Covid-Virus gesprochen hatte (\u00bbLabortheorie\u00ab), wurde sofort als Spinner, Schwurbler und Verschw\u00f6rungstheoretiker diffamiert und zensiert. Im M\u00e4rz 2025 hie\u00df es dann \u00fcberall, dass <a href=\"https:\/\/www.tagesschau.de\/inland\/bnd-corona-ursprung-wuhan-labor-bundesregierung-100.html\" target=\"_blank\" rel=\"noopener\">der Bundesnachrichtendienst<\/a> (BND), mit einer Wahrscheinlichkeit von 80 bis 95 Prozent davon ausging, dass C aus dem Labor kommt. Politik, Experten und <em>\u00bbdie Wissenschaft\u00ab<\/em> wussten das bereits im Jahr 2020, da sie vom BND beraten wurden. Haben es aber offensichtlich verschwiegen.<\/p>\n<p>Und trotzdem verliert ein <a href=\"https:\/\/www.epochtimes.de\/politik\/deutschland\/gericht-verbietet-physiker-wiesendanger-behauptungen-ueber-drosten-a5463502.html\" target=\"_blank\" rel=\"noopener\">Roland Wiesendanger<\/a> im Jahr 2026 vor Gericht, der von Anfang an gesagt hat, dass C aus dem Labor kommt und <em>\u00bbdie Wissenschaft\u00ab<\/em> die Bev\u00f6lkerung hier vermutlich bewusst \u2011durch Weglassen und Verschweigen- get\u00e4uscht hat. Was soll das?<\/p>\n<hr>\n<p><strong>Zirkus-Kommission<\/strong><br>\nDie Sitzungen der <a href=\"https:\/\/www.bundestag.de\/ausschuesse\/weitere_gremien\/ee01\" target=\"_blank\" rel=\"noopener\">Corona-Enquete Kommission<\/a> sind derweil f\u00fcr Selbstdenker weiterhin ein absurder Alibi-Aufarbeitungs-Zirkus. Da werden die Verantwortlichen der C\u2011Ma\u00dfnahmen als \u00bbSachverst\u00e4ndige\u00ab geladen, die im Prinzip die alten C\u2011Narrative wiederholen. Gleichzeitig werden keine \u00f6ffentlich-zug\u00e4nglichen Daten, Grafiken und Fakten zugelassen.<\/p>\n<p>Hier hat es offensichtlich keinerlei Erkenntnisprozesse gegeben. Ganz so, als w\u00e4re <em>\u00bbdie Wissenschaft\u00ab<\/em> auf dem Stand von 2020 stehengeblieben. Zum Gl\u00fcck gibt es Menschen, wie Prof Dr. Stefan Homburg, die dieses erb\u00e4rmliche Schauspiel regelm\u00e4\u00dfig entlarven:<\/p>\n<p><iframe title=\"YouTube video player\" src=\"https:\/\/www.youtube.com\/embed\/hOJPV9TZCcg?si=iZzEK9hQAKEJwop1\" width=\"550\" height=\"350\" frameborder=\"0\" allowfullscreen=\"allowfullscreen\"><\/iframe><\/p>\n<p>In der letzten Sitzung wurde, unter anderem, Stephan Kohn geladen. Der Stephan Kohn, der schon im Fr\u00fchjahr 2020 im BMI ein <a href=\"https:\/\/web.archive.org\/web\/20200516102038\/https:\/\/www.abendzeitung-muenchen.de\/media.media.5284c61e-1721-4af4-8af1-c1a6330b4b89.original.pdf\" target=\"_blank\" rel=\"noopener\">Krisenpapier<\/a> verfasst hat, indem er die Verh\u00e4ltnism\u00e4\u00dfigkeit und Angemessenheit der C\u2011Ma\u00dfnahmen hinterfragt hatte. Als Dank wurde er aus dem BMI entlassen. In der aktuellen Sitzung sagte er nun, dass die C\u2011Ma\u00dfnahmen mehr Schaden angerichtet h\u00e4tten, als das Virus.<\/p>\n<p>Nun wurde er in der C\u2011Kommission <a href=\"https:\/\/www.youtube.com\/watch?v=lSa9e5Bw1Ek\" target=\"_blank\" rel=\"noopener\">vom CDU-Abgeordneten Axel M\u00fcller regelrecht ge-gaslighted<\/a>: er unterstellte Kohn indirekt, ob er, weil in seiner Vergangenheit <em>\u00bbetwas vertuscht wurde\u00ab<\/em>, bei C auch eine Vertuschung sehen w\u00fcrde? M\u00fcller machte damit immer wieder Anspielungen auf etwaige <a href=\"https:\/\/apollo-news.net\/skandal-bei-corona-kommission-cdu-abgeordneter-instrumentalisiert-missbrauch-in-der-kindheit-eines-sachverstndigen\/\" target=\"_blank\" rel=\"noopener\">Missbrauchserfahrungen<\/a> von Kohn und wollte damit seine Integrit\u00e4t und Glaubw\u00fcrdigkeit in Frage stellen.<\/p>\n<p>Die C\u2011Ma\u00dfnahmen-Bef\u00fcrworter zeigen immer offener ihre h\u00e4\u00dflichen und menschenverachtenden Fratzen. Von wegen \u00bbEmpathie\u00ab und \u00bbSolidarit\u00e4t\u00ab \u2014 den C\u2011Ma\u00dfnahmen-Freunden ging es nur um ihren eigenen Arsch und um nichts Anderes!<\/p>\n<hr>\n<p><strong>Die Pharma-Inquisition<br>\n<\/strong>\u00dcbrigens: die <a href=\"https:\/\/www.bundeswehr.de\/de\/organisation\/unterstuetzungsbereich\/meldungen\/pistorius-setzt-duldungspflicht-covid-19-aus-5804844\" target=\"_blank\" rel=\"noopener\">\u00bbDuldungspflicht f\u00fcr die C\u2011Impfung\u00ab<\/a> ist bei der Bundeswehr seit Mai 2024 ausgesetzt worden. Auch die \u00bbeinrichtungsbezogene Impfpflicht\u00ab ist Ende 2022 ausgelaufen. Und trotzdem gibt es <a href=\"https:\/\/www.youtube.com\/watch?v=eF_Xhcn3TuQ\" target=\"_blank\" rel=\"noopener\">bis heute st\u00e4ndig neue Gerichtsverfahren<\/a>, bei denen Menschen vor das Gericht gezerrt werden, weil sie sich nicht impfen lassen wollten, keine Maske getragen haben oder weil \u00c4rzte Impfbefreiungen ausgestellt haben.<\/p>\n<p>Wenn der Gesetzgeber beide Impfpflichten ausgesetzt hat (aus Gr\u00fcnden), w\u00e4re es dann nicht angemessen, beim C\u2011Thema eine umfassende juristische Amnestie zu erlassen? <a href=\"https:\/\/www.viennaoffices.at\/de\/News-Room\/City-News\/Slowakei-beschliesst-Covid-Amnestie\" target=\"_blank\" rel=\"noopener\">Slowenien<\/a> und <a href=\"https:\/\/www.focus.de\/politik\/ausland\/in-der-regierung-umstritten-italien-will-1-7-millionen-impfverweigerern-die-strafen-erlassen_id_260557201.html\" target=\"_blank\" rel=\"noopener\">Italien<\/a> haben das auch geschafft. Was soll das, Menschen f\u00fcr einen vermeintlichen Gesetzesbruch zu verurteilen, bei dem das Gesetz heute keine G\u00fcltigkeit mehr hat? Kann mir mal Jemand helfen, diesen Knoten im Kopf zu l\u00f6sen?<\/p>\n<p>Wie viele C\u2011mRNA-Ungeimpfte auf der Welt gibt es heute eigentlich, die es tief bereuen, dass sie sich vor einigen Jahren nicht haben spritzen lassen? Und wie viele Gespritzte bereuen es?<\/p>\n<hr>\n<div id=\"attachment_52463\" style=\"width: 1010px\" class=\"wp-caption aligncenter\"><a href=\"https:\/\/www.bundestag.de\/parlament\/plenum\/abstimmung\/abstimmung?id=767\" target=\"_blank\" rel=\"noopener\"><img decoding=\"async\" aria-describedby=\"caption-attachment-52463\" class=\"wp-image-52463\" src=\"https:\/\/www.zeitgeistlos.de\/zgblog\/wp-content\/uploads\/impfpflicht_abstimmung.jpg\" alt width=\"1000\" height=\"692\" srcset=\"https:\/\/www.zeitgeistlos.de\/zgblog\/wp-content\/uploads\/impfpflicht_abstimmung.jpg 1000w, https:\/\/www.zeitgeistlos.de\/zgblog\/wp-content\/uploads\/impfpflicht_abstimmung-450x311.jpg 450w, https:\/\/www.zeitgeistlos.de\/zgblog\/wp-content\/uploads\/impfpflicht_abstimmung-150x104.jpg 150w, https:\/\/www.zeitgeistlos.de\/zgblog\/wp-content\/uploads\/impfpflicht_abstimmung-768x531.jpg 768w, https:\/\/www.zeitgeistlos.de\/zgblog\/wp-content\/uploads\/impfpflicht_abstimmung-434x300.jpg 434w\" sizes=\"(max-width: 1000px) 100vw, 1000px\"><\/a><p id=\"caption-attachment-52463\" class=\"wp-caption-text\">Abstimmung zur Impfpflicht gegen SARS-CoV\u20112 vom 7. April 2022<\/p><\/div>\n<hr>\n<p><strong>Weitere Meldungen zum Ignorieren (weil nicht sein kann, was nicht sein darf und nicht sein soll):<\/strong><\/p>\n<ul>\n<li><span class=\"dquo\">\u00bb<\/span>Was in der Corona-Zeit wirklich passiert ist | Psychiatrische Einordnung\u00ab (<a href=\"https:\/\/www.youtube.com\/watch?v=c3cWICHK3DA\" target=\"_blank\" rel=\"noopener\">Quelle<\/a>)<\/li>\n<li><span class=\"dquo\">\u00bb<\/span>Der Mensch wurde genetisch ver\u00e4ndert! \u2014 Prof. Dr. Sucharit Bhakdi\u00ab (<a href=\"https:\/\/www.youtube.com\/watch?v=kjtAc8c9bRU\" target=\"_blank\" rel=\"noopener\">Quelle<\/a>)<\/li>\n<li><span class=\"dquo\">\u00bb<\/span>Das Gelegenheitsfenster\u00ab (<a href=\"https:\/\/www.manova.news\/artikel\/das-gelegenheitsfenster-2\" target=\"_blank\" rel=\"noopener\">Quelle<\/a>)<\/li>\n<li><span class=\"dquo\">\u00bb<\/span>Covid-Spritze: Biden-Regierung vertuschte Schlaganfallrisiko\u00ab (<a href=\"https:\/\/tkp.at\/2026\/03\/26\/covid-spritze-biden-regierung-vertuschte-schlaganfallrisiko\/\" target=\"_blank\" rel=\"noopener\">Quelle<\/a>)<\/li>\n<li><span class=\"dquo\">\u00bb<\/span>Die Geschichte der Entf\u00fchrung Dr. Reiner Fuellmichs\u00ab (<a href=\"https:\/\/fassadenkratzer.de\/2026\/03\/23\/die-geschichte-der-entfuhrung-dr-reiner-fuellmichs\/\" target=\"_blank\" rel=\"noopener\">Quelle<\/a>)<\/li>\n<li><span class=\"dquo\">\u00bb<\/span>Julia Neigel vor Corona-Enquete-Kommission: 2G-Regime und Lockdown der Kultur ist v\u00f6lker- und EU-rechtswidrig\u00ab (<a href=\"https:\/\/www.nachdenkseiten.de\/?p=148324\" target=\"_blank\" rel=\"noopener\">Quelle<\/a>)<\/li>\n<li><span class=\"dquo\">\u00bb<\/span>Corona, WHO, Medien: Dr. Wodarg mit brisanten Vorw\u00fcrfen\u00ab (<a href=\"https:\/\/www.youtube.com\/watch?v=DJxEKa_4kp4\" target=\"_blank\" rel=\"noopener\">Quelle<\/a>)<\/li>\n<li><span class=\"dquo\">\u00bb<\/span>Studie findet keine Wirksamkeit, aber Risikosignale bei mRNA-Injektionen f\u00fcr Kinder\u00ab (<a href=\"https:\/\/www.barucker.press\/p\/keine-wirkssamkeit-mrna-kinder-corona\" target=\"_blank\" rel=\"noopener\">Quelle<\/a>)<\/li>\n<li><span class=\"dquo\">\u00bb<\/span>R\u00dcCKFLUG nach DEUTSCHLAND STORNIERT! Michael Ballweg \u00fcber Lockdowns, Corona &amp; Bitcoin\u00ab (<a href=\"https:\/\/www.youtube.com\/watch?v=94GVwFposEs\" target=\"_blank\" rel=\"noopener\">Quelle<\/a>)<\/li>\n<li><span class=\"dquo\">\u00bb<\/span>Demo in Berlin: Sechs Jahre Corona-Widerstand\u00ab (<a href=\"https:\/\/transition-news.org\/demo-in-berlin-sechs-jahre-corona-widerstand\" target=\"_blank\" rel=\"noopener\">Quelle<\/a>)<\/li>\n<li><span class=\"dquo\">\u00bb<\/span>Der Mainstream kann Impfsch\u00e4den nicht mehr ignorieren\u00ab (<a href=\"https:\/\/www.achgut.com\/artikel\/der_mainstream_kann_impfschaeden_nicht_mehr_ignorieren\" target=\"_blank\" rel=\"noopener\">Quelle<\/a>)<\/li>\n<li><span class=\"dquo\">\u00bb<\/span>Gekaperte Solidarit\u00e4t: Gemeinwohlappelle zur Manipulation der Massen\u00ab (<a href=\"https:\/\/www.barucker.press\/p\/gekaperte-solidaritat\" target=\"_blank\" rel=\"noopener\">Quelle<\/a>)<\/li>\n<li><span class=\"dquo\">\u00bb<\/span>Treibjagd gegen Professor Meyen endet mit Versetzung in den Ruhestand\u00ab (<a href=\"https:\/\/www.tichyseinblick.de\/daili-es-sentials\/treibjagd-gegen-professor-meyen-endet-mit-versetzung-in-den-ruhestand\/\" target=\"_blank\" rel=\"noopener\">Quelle<\/a>)<\/li>\n<li><span class=\"dquo\">\u00bb<\/span>Die Beton-Zahlen: Knallharte Anh\u00f6rung im Landtag Brandenburg mit Marcel Barz\u00ab (<a href=\"https:\/\/www.youtube.com\/watch?v=YwZnQIdzBrw\" target=\"_blank\" rel=\"noopener\">Quelle<\/a>)<\/li>\n<li><span class=\"dquo\">\u00bb<\/span>Bundeswehr, Corona und Zwang: Was Soldaten wirklich erleben mussten | Christiane M\u00fcller &amp; Tom Lausen\u00ab (<a href=\"https:\/\/www.youtube.com\/watch?v=ur3SkBRJC-o\" target=\"_blank\" rel=\"noopener\">Quelle<\/a>)<\/li>\n<li><span class=\"dquo\">\u00bb<\/span>Andrej Hunko \u2013 Das Thema Corona ist nicht vorbei \u2013 es ist verdr\u00e4ngt!\u00ab (<a href=\"https:\/\/www.youtube.com\/watch?v=EnXrp3piF_Q\" target=\"_blank\" rel=\"noopener\">Quelle<\/a>)<\/li>\n<li><span class=\"dquo\">\u00bb<\/span>Verfilmte Pseudo\u00f6ffentlichkeit: Der Corona-UA in Th\u00fcringen mit Prof. Dr. Matthias Schrappe\u00ab (<a href=\"https:\/\/www.youtube.com\/watch?v=kJntTK5JCMU\" target=\"_blank\" rel=\"noopener\">Quelle<\/a>)<\/li>\n<li><span class=\"dquo\">\u00bb<\/span>Impftrag\u00f6die im Bundestag: Ex-Pfizer-Toxikologe enth\u00fcllt \u2013 was die Enquete verschweigt\u00ab (<a href=\"https:\/\/www.youtube.com\/watch?v=NLf3XdQY0lU\" target=\"_blank\" rel=\"noopener\">Quelle<\/a>)<\/li>\n<li><span class=\"dquo\">\u00bb<\/span>Ich verlor alles \u2013 Arzt schildert Fall nach modRNA-Impfung | Dr. med. Daniel Beutler\u00ab (<a href=\"https:\/\/www.youtube.com\/watch?v=_dQDcub07Qw\" target=\"_blank\" rel=\"noopener\">Quelle<\/a>)<\/li>\n<li><span class=\"dquo\">\u00bb<\/span>Meine Anh\u00f6rung in Italien | Prof. Homburg\u00ab (<a href=\"https:\/\/www.youtube.com\/watch?v=VK_tQTZzek8\" target=\"_blank\" rel=\"noopener\">Quelle<\/a>)<\/li>\n<li><span class=\"dquo\">\u00bb<\/span>Je lauter der Bach, desto stiller die Wahrheit\u00ab (<a href=\"https:\/\/fassadenkratzer.de\/2026\/04\/09\/je-lauter-der-bach-desto-stiller-die-wahrheit\/\" target=\"_blank\" rel=\"noopener\">Quelle<\/a>)<\/li>\n<li><span class=\"dquo\">\u00bb<\/span>Enquete-Kommission: Lauterbach r\u00e4umt ein, dass die Impfpflicht politisch motiviert war\u00ab (<a href=\"https:\/\/apollo-news.net\/bei-enquete-kommission-lauterbach-raeumt-ein-dass-die-impfpflicht-politisch-motiviert-war\/\" target=\"_blank\" rel=\"noopener\">Quelle<\/a>)<\/li>\n<li><span class=\"dquo\">\u00bb<\/span>Impfschadenprozess gegen AstraZeneca: Wegweisendes Gerichtsurteil in Karlsruhe\u00ab (<a href=\"https:\/\/www.youtube.com\/watch?v=Cqa56NpMNPk\" target=\"_blank\" rel=\"noopener\">Quelle<\/a>)<\/li>\n<li><span class=\"dquo\">\u00bb<\/span>Corona-Impfung: Paul-Ehrlich-Institut meldet hunderte schwere Nebenwirkungs-Verdachtsf\u00e4lle zu sp\u00e4t\u00ab (<a href=\"https:\/\/multipolar-magazin.de\/meldungen\/0396\" target=\"_blank\" rel=\"noopener\">Quelle<\/a>)<\/li>\n<li><span class=\"dquo\">\u00bb<\/span>Pfizer-Insider packt aus: Was bei den Corona-Impfstoffen schiefging\u00ab (<a href=\"https:\/\/www.youtube.com\/watch?v=S2-uUp2MayY\" target=\"_blank\" rel=\"noopener\">Quelle<\/a>)<\/li>\n<li><span class=\"dquo\">\u00bb<\/span>Trotz Urteil: Gesundheitsamt dr\u00fcckt sich, Impfstoffvertr\u00e4ge herauszugeben\u00ab (<a href=\"https:\/\/apollo-news.net\/trotz-urteil-gesundheitsamt-drueckt-sich-impfstoffvertraege-herauszugeben\/\" target=\"_blank\" rel=\"noopener\">Quelle<\/a>)<\/li>\n<li><span class=\"dquo\">\u00bb<\/span>Covid-Zertifikat gef\u00e4lscht: \u00d6RR-Journalist sticht Infos \u00fcber Nationaltrainer durch \u2013 und bewirkt Entlassung\u00ab (<a href=\"https:\/\/apollo-news.net\/covid-zertifikat-geflscht-rr-journalist-sticht-infos-ber-nationaltrainer-durch-und-bewirkt-entlassung\/\" target=\"_blank\" rel=\"noopener\">Quelle<\/a>)<\/li>\n<li><span class=\"dquo\">\u00bb<\/span>Neuer Sachsensumpf? S\u00e4ngerin Julia Neigel zeigt Corona-Richter an\u00ab (<a href=\"https:\/\/www.berliner-zeitung.de\/politik-gesellschaft\/neuer-sachsensumpf-saengerin-julia-neigel-zeigt-corona-richter-an-li.10031019\" target=\"_blank\" rel=\"noopener\">Quelle<\/a>)<\/li>\n<li><span class=\"dquo\">\u00bb<\/span>Der Fall Drosten und die Wissenschaftlichkeit\u00ab (<a href=\"https:\/\/www.youtube.com\/watch?v=YGx4bZeJFlE\" target=\"_blank\" rel=\"noopener\">Quelle<\/a>)<\/li>\n<li><span class=\"dquo\">\u00bb<\/span>Neue Beweise: Alles war gelogen \/ Prof. Dr. Homburg\u00ab (<a href=\"https:\/\/www.youtube.com\/watch?v=_aWGFKQNUTo\" target=\"_blank\" rel=\"noopener\">Quelle<\/a>)<\/li>\n<li><span class=\"dquo\">\u00bb<\/span>Eklat in Corona-Kommission: CDU-Politiker greift Ma\u00dfnahmenkritiker mit dessen Vergangenheit als Opfer von Kindesmissbrauch an\u00ab (<a href=\"https:\/\/nius.de\/politik\/corona-massnahmenkritiker-bundestag-cdu\" target=\"_blank\" rel=\"noopener\">Quelle<\/a>)<\/li>\n<li><span class=\"dquo\">\u00bb<\/span>Oliver Pocher \u00fcber Corona und Meinungsfreiheit: Wie er heute zu seiner Impfpflicht-Aussage steht\u00ab (<a href=\"https:\/\/www.berliner-zeitung.de\/article\/oliver-pocher-ueber-corona-und-meinungsfreiheit-wie-er-heute-zu-seiner-impfpflicht-aussage-steht-10032479\" target=\"_blank\" rel=\"noopener\">Quelle<\/a>)<\/li>\n<li><span class=\"dquo\">\u00bb<\/span>Die T\u00e4ter mauern: Impfsch\u00e4den angeblich von Long-Covid nicht zu unterscheiden\u00ab (<a href=\"https:\/\/fassadenkratzer.de\/2026\/04\/25\/die-tater-mauern-impfschaden-angeblich-von-long-covid-nicht-zu-unterscheiden\/\" target=\"_blank\" rel=\"noopener\">Quelle<\/a>)<\/li>\n<\/ul>\n<hr>\n<blockquote class=\"twitter-tweet\" data-media-max-width=\"560\">\n<p dir=\"ltr\" lang=\"de\">Volker Bruch hat f\u00fcr <a href=\"https:\/\/twitter.com\/hashtag\/allesdichmachen?src=hash&amp;ref_src=twsrc%5Etfw\">#allesdichmachen<\/a> ein ewig zeitloses Video produziert. <a href=\"https:\/\/t.co\/E1if3WW007\">pic.twitter.com\/E1if3WW007<\/a><\/p>\n<p>\u2014 henning rosenbusch (@rosenbusch_) <a href=\"https:\/\/twitter.com\/rosenbusch_\/status\/2047214417834557649?ref_src=twsrc%5Etfw\">April 23, 2026<\/a><\/p><\/blockquote>\n<p><script async src=\"https:\/\/platform.twitter.com\/widgets.js\" charset=\"utf-8\"><\/script><\/p>\n<hr>\n<p><a href=\"https:\/\/www.zeitgeistlos.de\/zgblog\/?s=geschw%C3%A4tz+von+gestern&amp;submit=Suchen\" target=\"_blank\" rel=\"noopener noreferrer\">Geschw\u00e4tz von gestern<\/a><\/p>\n","protected":false},"excerpt":{"rendered":"<p>Folge 44? Echt jetzt? Jetzt ist doch wirklich mal gut! Wie oft und wie lange willst Du noch mit dem Corona-Thema ankommen? Die Leute wollen das nicht mehr h\u00f6ren und lesen! Kannst Du nicht endlich aufh\u00f6ren, sie mit dem C\u2011Thema \u2026 <a href=\"https:\/\/www.zeitgeistlos.de\/zgblog\/2026\/geschwaetz-von-gestern-44\/\">Weiterlesen <span class=\"meta-nav\">\u2192<\/span><\/a><\/p>\n","protected":false},"author":4,"featured_media":0,"comment_status":"open","ping_status":"open","sticky":false,"template":"","format":"standard","meta":{"wp_typography_post_enhancements_disabled":false,"footnotes":""},"categories":[5,4],"tags":[2596,2415,2032,2201,227,143,2134,2329,2109,2061,998,2064,2426,356,901,1366,1454],"class_list":["post-54201","post","type-post","status-publish","format-standard","hentry","category-medien","category-politik","tag-alena-buyx","tag-aufarbeitung","tag-corona","tag-corona-massnahmen","tag-demokratie","tag-grundrechte","tag-impfpflicht","tag-impfschaden","tag-impfung","tag-maskenpflicht","tag-realsatire","tag-repression","tag-rki-files","tag-virus","tag-wahrheit","tag-wissenschaft","tag-zynismus"],"_links":{"self":[{"href":"https:\/\/www.zeitgeistlos.de\/zgblog\/wp-json\/wp\/v2\/posts\/54201","targetHints":{"allow":["GET"]}}],"collection":[{"href":"https:\/\/www.zeitgeistlos.de\/zgblog\/wp-json\/wp\/v2\/posts"}],"about":[{"href":"https:\/\/www.zeitgeistlos.de\/zgblog\/wp-json\/wp\/v2\/types\/post"}],"author":[{"embeddable":true,"href":"https:\/\/www.zeitgeistlos.de\/zgblog\/wp-json\/wp\/v2\/users\/4"}],"replies":[{"embeddable":true,"href":"https:\/\/www.zeitgeistlos.de\/zgblog\/wp-json\/wp\/v2\/comments?post=54201"}],"version-history":[{"count":90,"href":"https:\/\/www.zeitgeistlos.de\/zgblog\/wp-json\/wp\/v2\/posts\/54201\/revisions"}],"predecessor-version":[{"id":54743,"href":"https:\/\/www.zeitgeistlos.de\/zgblog\/wp-json\/wp\/v2\/posts\/54201\/revisions\/54743"}],"wp:attachment":[{"href":"https:\/\/www.zeitgeistlos.de\/zgblog\/wp-json\/wp\/v2\/media?parent=54201"}],"wp:term":[{"taxonomy":"category","embeddable":true,"href":"https:\/\/www.zeitgeistlos.de\/zgblog\/wp-json\/wp\/v2\/categories?post=54201"},{"taxonomy":"post_tag","embeddable":true,"href":"https:\/\/www.zeitgeistlos.de\/zgblog\/wp-json\/wp\/v2\/tags?post=54201"}],"curies":[{"name":"wp","href":"https:\/\/api.w.org\/{rel}","templated":true}]}}