{"id":53982,"date":"2026-05-02T06:52:56","date_gmt":"2026-05-02T04:52:56","guid":{"rendered":"https:\/\/www.zeitgeistlos.de\/zgblog\/?p=53982"},"modified":"2026-05-01T10:02:46","modified_gmt":"2026-05-01T08:02:46","slug":"intellektuelle-beleidigung-9","status":"publish","type":"post","link":"https:\/\/www.zeitgeistlos.de\/zgblog\/2026\/intellektuelle-beleidigung-9\/","title":{"rendered":"Intellektuelle Beleidigung (9)"},"content":{"rendered":"<p><img decoding=\"async\" class=\"aligncenter wp-image-23326\" src=\"https:\/\/www.zeitgeistlos.de\/zgblog\/wp-content\/uploads\/partei_01-1.jpg\" alt width=\"1000\" height=\"563\" srcset=\"https:\/\/www.zeitgeistlos.de\/zgblog\/wp-content\/uploads\/partei_01-1.jpg 1000w, https:\/\/www.zeitgeistlos.de\/zgblog\/wp-content\/uploads\/partei_01-1-150x84.jpg 150w, https:\/\/www.zeitgeistlos.de\/zgblog\/wp-content\/uploads\/partei_01-1-450x253.jpg 450w, https:\/\/www.zeitgeistlos.de\/zgblog\/wp-content\/uploads\/partei_01-1-768x432.jpg 768w, https:\/\/www.zeitgeistlos.de\/zgblog\/wp-content\/uploads\/partei_01-1-500x282.jpg 500w\" sizes=\"(max-width: 1000px) 100vw, 1000px\">Wir leben in kafkaesken Zeiten. W\u00e4hrend wir beinahe t\u00e4glich neue Korruptionen, L\u00fcgen und Skandale erleben, der Kreis der Kritiker und Altmedien-Abwender t\u00e4glich gr\u00f6\u00dfer wird, klammert sich gleichzeitig ein nicht unerheblicher Teil bedingungslos an die Erz\u00e4hlungen von Regierung und Tagesschau. Der Moderator und \u00bbKomiker\u00ab der \u00bbHeute Show\u00ab beispielsweise, Oliver Welke, ist so Jemand.<\/p>\n<p>In <a href=\"https:\/\/www.youtube.com\/watch?v=WtQgU77V_wE\" target=\"_blank\" rel=\"noopener\">einem Podcast<\/a> betont er, wie <em>\u00bbautokratisch\u00ab<\/em> doch die USA sei und das man in Deutschland weiter <em>\u00bbdie Demokratie verteidigen\u00ab<\/em> m\u00fcsse. Kein Wort zu H\u00fcseyin Dogru. Michael Ballweg. Den Digital Service Act. Zu willk\u00fcrlichen Hausdurchsuchungen. <a href=\"https:\/\/www.gesetze-im-internet.de\/stgb\/__188.html\" target=\"_blank\" rel=\"noopener\">Paragraf \u00a7 188<\/a>. Den faktischen \u00bbRadikalenerlass 2.0\u00ab gegen\u00fcber der AfD. <a href=\"https:\/\/multipolar-magazin.de\/artikel\/de-banking\" target=\"_blank\" rel=\"noopener\">Debanking<\/a>. Haltungsjournalismus. Cancel-Culture. Alles kein Thema.<\/p>\n<hr>\n<p><strong>Erb\u00e4rmliche Infrastruktur<\/strong><br>\nBerlin kann es nicht. Und vermutlich viele andere deutsche St\u00e4dte auch nicht. Weder die Aufrechterhaltung der normalen, allt\u00e4glichen Infrastruktur, noch die Vorbereitung auf einen echten Krisenfall: <a href=\"https:\/\/apollo-news.net\/drei-monate-nach-brandanschlag-schon-wieder-stromausfall-in-berlins-sdwesten\/\" target=\"_blank\" rel=\"noopener\"><em>\u00bbDrei Monate nach Brandanschlag: Schon wieder Stromausfall in Berlins S\u00fcdwesten.\u00ab<\/em><\/a> Stra\u00dfen. Beh\u00f6rden. Br\u00fccken. <a href=\"https:\/\/www.nd-aktuell.de\/artikel\/1198640.schienenverkehr-deutsche-bahn-zuverlaessig-unzuverlaessig.html\" target=\"_blank\" rel=\"noopener\">Deutsche Bahn<\/a>. Schulen. \u00d6PNV. <a href=\"https:\/\/www.berliner-zeitung.de\/article\/gesundheitssystem-berlin-ist-nicht-auf-einen-grossen-katastrophenfall-vorbereitet-10030153\" target=\"_blank\" rel=\"noopener\">Krankenh\u00e4user<\/a>. Alles marode. Alles kaputtgespart. Aber Krieg? Das sollen und wollen wir k\u00f6nnen? Was darf Satire?<\/p>\n<p>Die Menschen \u00e4chzen wegen der Inflation. Explodierende Mieten. Exorbitante Gas- und Strompreise. Und nun kommen noch die hohen Benzinpreise hinzu. Aber unsere Politik hat gl\u00fccklicherweise sofort reagiert und ein paar hilfreiche Tipps geliefert:<\/p>\n<ul>\n<li><span class=\"dquo\">\u00bb<\/span><em>Verkehrsminister empfiehlt wegen hoher Spritpreise <a href=\"https:\/\/www.welt.de\/politik\/deutschland\/article69c79348a30bdde3fbbcf12b\/patrick-schnieder-verkehrsminister-empfiehlt-wegen-hoher-spritpreise-umstieg-auf-deutschlandticket.html?wtrid=socialmedia.socialflow....socialflow_twitter\" target=\"_blank\" rel=\"noopener\">Umstieg auf Deutschlandticket<\/a>\u00ab<\/em><\/li>\n<li><em><span class=\"dquo\">\u00bb<\/span>Wegen hoher Spritpreise: Monika Schnitzer r\u00e4t, den <a href=\"https:\/\/apollo-news.net\/wegen-hoher-spritpreise-monika-schnitzer-raet-den-ein-oder-anderen-pullover-weniger-zu-kaufen\/\" target=\"_blank\" rel=\"noopener\">ein oder anderen Pullover weniger<\/a> zu kaufen\u00ab<\/em><\/li>\n<\/ul>\n<p>Wir k\u00f6nnen echt froh sein, so&nbsp; verdammt empathische Abgeordnete zu haben, die an uns denken. <img decoding=\"async\" class=\"wpml_ico\" src=\"https:\/\/www.zeitgeistlos.de\/zgblog\/wp-content\/plugins\/wp-monalisa\/icons\/wpml_yes.gif\" alt><\/p>\n<hr>\n<p><strong>Rechte Identit\u00e4tslinke<\/strong><br>\nW\u00e4hrend die woken Identit\u00e4tslinken alles was nicht SPD\/GR\u00dcNE\/LINKE gew\u00e4hlt hat, nicht gendern will, die C\u2011Ma\u00dfnahmen abgelehnt sowie die Migrationspoliitk kritisiert hat, als rechtsextreme Nazis titulieren \u2014 verwendet jetzt ihr linksliberales \u00bbYouTube-und-Influencer-Vorfeld\u00ab echte NS-\u00c4sthetik, um Stimmung <em>gegen rechts<\/em> zu machen:<\/p>\n<div id=\"attachment_54596\" style=\"width: 1010px\" class=\"wp-caption aligncenter\"><a href=\"https:\/\/www.youtube.com\/watch?v=EKQyevvgv8k\" target=\"_blank\" rel=\"noopener\"><img decoding=\"async\" aria-describedby=\"caption-attachment-54596\" class=\"wp-image-54596\" src=\"https:\/\/www.zeitgeistlos.de\/zgblog\/wp-content\/uploads\/freiheitsfront.jpg\" alt width=\"1000\" height=\"560\" srcset=\"https:\/\/www.zeitgeistlos.de\/zgblog\/wp-content\/uploads\/freiheitsfront.jpg 1000w, https:\/\/www.zeitgeistlos.de\/zgblog\/wp-content\/uploads\/freiheitsfront-450x252.jpg 450w, https:\/\/www.zeitgeistlos.de\/zgblog\/wp-content\/uploads\/freiheitsfront-150x84.jpg 150w, https:\/\/www.zeitgeistlos.de\/zgblog\/wp-content\/uploads\/freiheitsfront-768x430.jpg 768w, https:\/\/www.zeitgeistlos.de\/zgblog\/wp-content\/uploads\/freiheitsfront-500x280.jpg 500w\" sizes=\"(max-width: 1000px) 100vw, 1000px\"><\/a><p id=\"caption-attachment-54596\" class=\"wp-caption-text\">Von links nach rechts: Dara, Marcant, Vincent<\/p><\/div>\n<p>Ob hier die zahlreichen Meldestellen, NGO\u2019s und Staatsanwaltschaften aktiv werden?<\/p>\n<p>Aber vielleicht <a href=\"https:\/\/taz.de\/Zentralrat-der-Juden-uebt-Kritik\/!5442214\/\" target=\"_blank\" rel=\"noopener\">hier<\/a>:<\/p>\n<blockquote><p><span class=\"dquo\">\u00bb<\/span><strong>Trump mit Hitlergru\u00df<\/strong>, dazu die Zeile: Sein Kampf. Das neue <strong>Stern-Cover<\/strong> verharmlose den Holocaust, findet der Zentralrat der Juden\u00ab<\/p><\/blockquote>\n<p>Wom\u00f6glich <a href=\"https:\/\/nius.de\/kissler-kompakt\/zdf-clown-boehmermann-will-mit-hitler-punkten\" target=\"_blank\" rel=\"noopener\">hier<\/a>:<\/p>\n<blockquote><p><span class=\"dquo\">\u00bb<\/span>Auch ein <strong>Adolf Hitler<\/strong> h\u00e4tte sich gerne auf die Unschuldsvermutung berufen, wei\u00df <strong>B\u00f6hmermann<\/strong>.\u00ab<\/p><\/blockquote>\n<p>Oder hier:<\/p>\n<div id=\"attachment_45561\" style=\"width: 627px\" class=\"wp-caption aligncenter\"><a href=\"https:\/\/www.t-online.de\/nachrichten\/deutschland\/innenpolitik\/id_100383630\/krieg-gegen-die-ukraine-pistorius-vergleicht-kremlchef-putin-mit-hitler.html\" target=\"_blank\" rel=\"noopener\"><img decoding=\"async\" aria-describedby=\"caption-attachment-45561\" class=\"wp-image-45561\" src=\"https:\/\/www.zeitgeistlos.de\/zgblog\/wp-content\/uploads\/putin_hitler-1.jpg\" alt width=\"617\" height=\"573\" srcset=\"https:\/\/www.zeitgeistlos.de\/zgblog\/wp-content\/uploads\/putin_hitler-1.jpg 617w, https:\/\/www.zeitgeistlos.de\/zgblog\/wp-content\/uploads\/putin_hitler-1-431x400.jpg 431w, https:\/\/www.zeitgeistlos.de\/zgblog\/wp-content\/uploads\/putin_hitler-1-150x139.jpg 150w, https:\/\/www.zeitgeistlos.de\/zgblog\/wp-content\/uploads\/putin_hitler-1-323x300.jpg 323w\" sizes=\"(max-width: 617px) 100vw, 617px\"><\/a><p id=\"caption-attachment-45561\" class=\"wp-caption-text\">t\u2011online vom 11. April 2024<\/p><\/div>\n<p>Nat\u00fcrlich nicht. Die <em>guten<\/em> Hitler-und-Nazi-Vergleiche st\u00fctzen immer die Narrative von Regierung und Tagesschau und sind damit von der Meinungsfreiheit gedeckt. Alle anderen sind Volksverhetzung und geh\u00f6ren maximal bestraft. <em>\u00bbDer neue Goldstandard ist der Doppelstandard!\u00ab<\/em> (Milena Preradovic).<\/p>\n<hr>\n<p><strong>Gr\u00fcne Heuchelei<\/strong><br>\nDie Gr\u00fcnen pl\u00e4dieren f\u00fcr eine unbegrenzte Migrationspolitik. Gleichzeitig schicken viele von ihnen ihre T\u00f6chter eher auf Schulen mit einem geringen t\u00fcrkisch-arabischen Migrationsanteil. Sie leben eher selten direkt neben einem Fl\u00fcchtlingsheim (Zufall!) und gehen wohl kaum in das <a href=\"https:\/\/www.berliner-kurier.de\/berlin\/massenschlaegerei-im-columbiabad-25-maenner-pruegeln-sich-5-verletzte-li.2349629\" target=\"_blank\" rel=\"noopener\">Columbia-Bad<\/a> oder in das Prinzenbad. In aller Regel sehen und erleben sie die Folgen ihrer Migrationspoliitk \u00fcberhaupt nicht.<\/p>\n<p>Nun soll in Berlin-Kreuzberg (seit Jahrzehnten eine gr\u00fcne Hochburg) eine <a href=\"https:\/\/archive.ph\/gvXQg\" target=\"_blank\" rel=\"noopener\">Massenunterkunft f\u00fcr Gefl\u00fcchtete<\/a> bereit gestellt werden. Und was ist passiert? Die Gr\u00fcnen sehen hier eine <em>\u00bbGefahr f\u00fcr den sozialen Zusammenhalt\u00ab<\/em>. Der Sozialraum sei schon <em>\u00bbbelastet\u00ab<\/em>. Die gr\u00fcne Bigotterie, Verlogenheit und Heuchelei einmal komplett vorgef\u00fchrt und durchgespielt.<\/p>\n<hr>\n<p><strong><span class=\"dquo\">\u00bb<\/span>Bellizistische Mietm\u00e4uler\u00ab<\/strong><br>\nKennen Sie noch den politischen Dreht\u00fcreffekt? Zuerst betreiben Politiker Lobbyismus f\u00fcr entsprechende Interessen von Banken, Konzernen oder Unternehmen und nach ihrer politischen Karriere landen sie \u2011nat\u00fcrlich nur zuf\u00e4llig- bei genau der gleichen Bank oder dem entsprechenden Konzern.<\/p>\n<p>Beim Bild-Journalisten<a href=\"https:\/\/www.nachdenkseiten.de\/?p=149389\" target=\"_blank\" rel=\"noopener\"> Julian R\u00f6pcke<\/a> ist das aber nicht der Fall! Er ist nun von der BILD zu einem ukrainisch-deutschen Drohnen-Hersteller gewechselt. B\u00f6se Zungen w\u00fcrden hier von \u00bbNATO-Presstituierten\u00ab oder \u00bbbellizistischen Mietm\u00e4ulern\u00ab sprechen. Dabei geht es hier einzig und allein um Freiheit, Demokratie und Mitmenschlichkeit! <img decoding=\"async\" class=\"wpml_ico\" src=\"https:\/\/www.zeitgeistlos.de\/zgblog\/wp-content\/plugins\/wp-monalisa\/icons\/wpml_cool.gif\" alt><\/p>\n<hr>\n<p><img decoding=\"async\" class=\"aligncenter wp-image-51656\" src=\"https:\/\/www.zeitgeistlos.de\/zgblog\/wp-content\/uploads\/weltkrieg_partei1.jpg\" alt width=\"800\" height=\"1127\" srcset=\"https:\/\/www.zeitgeistlos.de\/zgblog\/wp-content\/uploads\/weltkrieg_partei1.jpg 800w, https:\/\/www.zeitgeistlos.de\/zgblog\/wp-content\/uploads\/weltkrieg_partei1-284x400.jpg 284w, https:\/\/www.zeitgeistlos.de\/zgblog\/wp-content\/uploads\/weltkrieg_partei1-727x1024.jpg 727w, https:\/\/www.zeitgeistlos.de\/zgblog\/wp-content\/uploads\/weltkrieg_partei1-106x150.jpg 106w, https:\/\/www.zeitgeistlos.de\/zgblog\/wp-content\/uploads\/weltkrieg_partei1-768x1082.jpg 768w, https:\/\/www.zeitgeistlos.de\/zgblog\/wp-content\/uploads\/weltkrieg_partei1-213x300.jpg 213w\" sizes=\"(max-width: 800px) 100vw, 800px\"><\/p>\n<hr>\n<p><a href=\"https:\/\/www.youtube.com\/watch?v=nx5n1iTuvq4\" target=\"_blank\" rel=\"noopener\">Nord-Stream\u20112<\/a>? War da was? Der gr\u00f6\u00dfte Terror-Anschlag auf eine deutsche, kritische Infrastruktur seit dem Zweiten Weltkrieg? N\u00f6! Bitte gehen Sie weiter! Hier gibt es nichts zu sehen! <img decoding=\"async\" class=\"wpml_ico\" src=\"https:\/\/www.zeitgeistlos.de\/zgblog\/wp-content\/plugins\/wp-monalisa\/icons\/wpml_whistle3.gif\" alt><\/p>\n<hr>\n<p><a href=\"https:\/\/www.zeitgeistlos.de\/zgblog\/?s=Intellektuelle+Beleidigung&amp;submit=Suchen\" target=\"_blank\" rel=\"noopener\">Intellektuelle Beleidigung<\/a><\/p>\n","protected":false},"excerpt":{"rendered":"<p>Wir leben in kafkaesken Zeiten. W\u00e4hrend wir beinahe t\u00e4glich neue Korruptionen, L\u00fcgen und Skandale erleben, der Kreis der Kritiker und Altmedien-Abwender t\u00e4glich gr\u00f6\u00dfer wird, klammert sich gleichzeitig ein nicht unerheblicher Teil bedingungslos an die Erz\u00e4hlungen von Regierung und Tagesschau. Der \u2026 <a href=\"https:\/\/www.zeitgeistlos.de\/zgblog\/2026\/intellektuelle-beleidigung-9\/\">Weiterlesen <span class=\"meta-nav\">\u2192<\/span><\/a><\/p>\n","protected":false},"author":4,"featured_media":0,"comment_status":"open","ping_status":"open","sticky":false,"template":"","format":"standard","meta":{"wp_typography_post_enhancements_disabled":false,"footnotes":""},"categories":[5,4,203],"tags":[98,2304,1130,2277,2488,789,40,87,1633,998,2064,1645,1129],"class_list":["post-53982","post","type-post","status-publish","format-standard","hentry","category-medien","category-politik","category-satire","tag-berlin","tag-dummheit","tag-geistige-verarmung","tag-infrastruktur","tag-intellektuelle-beleidigung","tag-intelligenz","tag-krieg","tag-macht","tag-politik","tag-realsatire","tag-repression","tag-satire","tag-verdummung"],"_links":{"self":[{"href":"https:\/\/www.zeitgeistlos.de\/zgblog\/wp-json\/wp\/v2\/posts\/53982","targetHints":{"allow":["GET"]}}],"collection":[{"href":"https:\/\/www.zeitgeistlos.de\/zgblog\/wp-json\/wp\/v2\/posts"}],"about":[{"href":"https:\/\/www.zeitgeistlos.de\/zgblog\/wp-json\/wp\/v2\/types\/post"}],"author":[{"embeddable":true,"href":"https:\/\/www.zeitgeistlos.de\/zgblog\/wp-json\/wp\/v2\/users\/4"}],"replies":[{"embeddable":true,"href":"https:\/\/www.zeitgeistlos.de\/zgblog\/wp-json\/wp\/v2\/comments?post=53982"}],"version-history":[{"count":44,"href":"https:\/\/www.zeitgeistlos.de\/zgblog\/wp-json\/wp\/v2\/posts\/53982\/revisions"}],"predecessor-version":[{"id":54779,"href":"https:\/\/www.zeitgeistlos.de\/zgblog\/wp-json\/wp\/v2\/posts\/53982\/revisions\/54779"}],"wp:attachment":[{"href":"https:\/\/www.zeitgeistlos.de\/zgblog\/wp-json\/wp\/v2\/media?parent=53982"}],"wp:term":[{"taxonomy":"category","embeddable":true,"href":"https:\/\/www.zeitgeistlos.de\/zgblog\/wp-json\/wp\/v2\/categories?post=53982"},{"taxonomy":"post_tag","embeddable":true,"href":"https:\/\/www.zeitgeistlos.de\/zgblog\/wp-json\/wp\/v2\/tags?post=53982"}],"curies":[{"name":"wp","href":"https:\/\/api.w.org\/{rel}","templated":true}]}}