{"id":53689,"date":"2026-04-10T07:08:19","date_gmt":"2026-04-10T05:08:19","guid":{"rendered":"https:\/\/www.zeitgeistlos.de\/zgblog\/?p=53689"},"modified":"2026-04-23T08:54:25","modified_gmt":"2026-04-23T06:54:25","slug":"der-paedagogische-happen-74","status":"publish","type":"post","link":"https:\/\/www.zeitgeistlos.de\/zgblog\/2026\/der-paedagogische-happen-74\/","title":{"rendered":"Der p\u00e4dagogische Happen (74)"},"content":{"rendered":"<p><img decoding=\"async\" class=\"aligncenter wp-image-19940 size-thumbnail\" src=\"https:\/\/www.zeitgeistlos.de\/zgblog\/wp-content\/uploads\/happen-1-150x113.jpg\" alt width=\"150\" height=\"113\" srcset=\"https:\/\/www.zeitgeistlos.de\/zgblog\/wp-content\/uploads\/happen-1-150x113.jpg 150w, https:\/\/www.zeitgeistlos.de\/zgblog\/wp-content\/uploads\/happen-1.jpg 200w\" sizes=\"(max-width: 150px) 100vw, 150px\"><\/p>\n<p style=\"text-align: center;\"><strong>-Sitzenbleiber-<\/strong><\/p>\n<p>Ein weiteres Thema, dass vielen unbequem ist \u2011und ja nur der AfD n\u00fctzt- ist nicht nur die steigende Quote der Klassen-Wiederholer in den Grundschulen, sondern auch die immer schlechter werdenden Kompetenzen der Erstkl\u00e4ssler.<\/p>\n<p>Immer mehr Kinder, die eingeschult werden, k\u00f6nnen nicht mehr ihren eigenen Namen schreiben, kennen weder Monate oder Wochentage, k\u00f6nnen die Zahlen von 1\u201320 nicht fehlerfrei aufsagen oder flie\u00dfend deutsch sprechen.<\/p>\n<p><!--more--><\/p>\n<hr>\n<p><strong>\u00dcberfrachtet<br>\n<\/strong>Wie schon \u00f6fters, und an anderer Stelle betont, werden die Schulen gnadenlos \u00fcberfrachtet. Die Lehrpl\u00e4ne werden nicht nur von Jahr zu Jahr voller, Lehrer sollen gleichzeitig nicht nur Therapeuten, Magier und Sozialarbeiter sein \u2014 jetzt sollen Grundschulen auch s\u00e4mtliche famili\u00e4re, gesellschaftliche und weltpolitische Verwerfungen auffangen und \u00bbreparieren\u00ab. Das kann nur scheitern.<\/p>\n<p>Es kommen immer mehr Sch\u00fcler in die Schule, die weder kognitive noch sozial-emotionale Grundlagen mitbringen. Es fand weder eine Werterziehung, noch eine minimale Bildungserziehung in der Familie statt. Die Folge ist, dass hier Lehrer und Erzieher t\u00e4glich Kinder erleben, die weder dem Unterricht folgen k\u00f6nnen (und wollen), noch einen konfliktfreien Tag mit ihren Mitsch\u00fclern hinbekommen.<\/p>\n<p>In aller Regel sind das dann auch Kinder, die in der Schulanfangsphase (SAPH, 1.\u20133. Klasse) die Klasse mindestens einmal wiederholen m\u00fcssen, um sich \u00fcberhaupt altersgerecht entwickeln zu k\u00f6nnen.<\/p>\n<hr>\n<p><strong>\u00dcberf\u00fcllt<\/strong><br>\nDabei sagt die Wiederholquote leider wenig aus. Denn immer mehr Schulen gehen dazu \u00fcber, die Kinder regelrecht \u00bbmitzuziehen\u00ab. Sie m\u00fcssten von ihren Leistungen bzw. wegen ihrer sozial-emotionalen Entwicklungsverz\u00f6gerung, eigentlich <a href=\"https:\/\/www.tichyseinblick.de\/meinungen\/mehr-sitzenbleiber-ersten-klasse\/\" target=\"_blank\" rel=\"noopener\">die Klasse wiederholen<\/a> \u2014 aber daf\u00fcr sind weder Platz, Raum noch Lehrkr\u00e4fte vorhanden.<\/p>\n<p>Unsere Schule hat beispielsweise jedes Jahr vier neue erste Klassen mit jeweils rund 25 neuen Kindern (vierz\u00fcgig). Wenn man nun aus der ersten Klasse viele Kinder wiederholen lassen w\u00fcrde, werden die neuen ersten Klassen noch voller. Dabei sind Schulklassen mit 25 Kindern jetzt schon zu viel.<\/p>\n<p>Hier allen Kindern gerecht zu werden und wenn man dann noch mehr als drei \u00bbherausfordernde Kinder\u00ab pro Klasse hat \u2014 ist ein Ding der Unm\u00f6glichkeit. Aber ja, es gibt \u00bbmagische Methoden\u00ab, mit denen alles ganz wunderbar klappt. Das erz\u00e4hlen uns doch immer Menschen, die nicht in der Schule arbeiten, sondern in ihren Elfenbeint\u00fcrmen sitzen, tolle Reden halten oder B\u00fccher schreiben?<\/p>\n<hr>\n<p><strong>\u00dcberfordert<\/strong><br>\nIch kann mich hier nur wiederholen: man erwartet von Lehrern, Sozialarbeitern, Therapeuten und Erziehern magische Zauberkr\u00e4fte. Es hat schon einen Grund, warum die Lehrer seit Jahren <a href=\"https:\/\/www.zeit.de\/news\/2025-11\/26\/grundschullehrer-schlagen-alarm-kleinere-klassen-gefordert\" target=\"_blank\" rel=\"noopener\">kleinere Klassen<\/a> fordern und reihenweise <a href=\"https:\/\/www.spiegel.de\/panorama\/bildung\/bildung-neue-studie-beleuchtet-lehrkraefte-exodus-aus-deutschen-schulen-a-688fb131-0f6a-400f-a6e9-59b209162e45\" target=\"_blank\" rel=\"noopener\">ihren Beruf aufgeben<\/a>. \u00dcber den Elefanten im Raum will selbstverst\u00e4ndlich auch Niemand sprechen: Migration und Fl\u00fcchtlinge.<\/p>\n<p>Interessiert alles in der Regel weder die Politik, noch die Eltern. Die Schulen sollen einfach mal machen und nicht soviel n\u00f6rgeln. Wenn etwas schief geht oder die astronomischen Erwartungen nicht erf\u00fcllt werden, sind wenigstens die Schuldigen sofort gefunden: Lehrer und Erzieher.<\/p>\n<hr>\n<p><a href=\"https:\/\/www.zeitgeistlos.de\/zgblog\/?s=Kinder+in+Deutschland&amp;submit=Suchen\" target=\"_blank\" rel=\"noopener noreferrer\">Kinder in Deutschland<\/a><br>\n<a href=\"https:\/\/www.zeitgeistlos.de\/zgblog\/?s=happen&amp;submit=Suchen\" target=\"_blank\" rel=\"noopener noreferrer\">Der p\u00e4dagogische Happen<\/a><\/p>\n","protected":false},"excerpt":{"rendered":"<p>-Sitzenbleiber- Ein weiteres Thema, dass vielen unbequem ist \u2011und ja nur der AfD n\u00fctzt- ist nicht nur die steigende Quote der Klassen-Wiederholer in den Grundschulen, sondern auch die immer schlechter werdenden Kompetenzen der Erstkl\u00e4ssler. Immer mehr Kinder, die eingeschult werden, \u2026 <a href=\"https:\/\/www.zeitgeistlos.de\/zgblog\/2026\/der-paedagogische-happen-74\/\">Weiterlesen <span class=\"meta-nav\">\u2192<\/span><\/a><\/p>\n","protected":false},"author":4,"featured_media":0,"comment_status":"open","ping_status":"open","sticky":false,"template":"","format":"standard","meta":{"wp_typography_post_enhancements_disabled":false,"footnotes":""},"categories":[834],"tags":[1763,455,1557,2263,1808,269,1648,736,1690,2406,760,1986],"class_list":["post-53689","post","type-post","status-publish","format-standard","hentry","category-kinder-und-jugend","tag-der-paedagogische-happen","tag-deutschland","tag-fluechtlinge","tag-grundschule","tag-happen","tag-kinder","tag-kinder-und-jugend","tag-kindheitserfahrungen","tag-lehrer","tag-migration","tag-schule","tag-wiederholung"],"_links":{"self":[{"href":"https:\/\/www.zeitgeistlos.de\/zgblog\/wp-json\/wp\/v2\/posts\/53689","targetHints":{"allow":["GET"]}}],"collection":[{"href":"https:\/\/www.zeitgeistlos.de\/zgblog\/wp-json\/wp\/v2\/posts"}],"about":[{"href":"https:\/\/www.zeitgeistlos.de\/zgblog\/wp-json\/wp\/v2\/types\/post"}],"author":[{"embeddable":true,"href":"https:\/\/www.zeitgeistlos.de\/zgblog\/wp-json\/wp\/v2\/users\/4"}],"replies":[{"embeddable":true,"href":"https:\/\/www.zeitgeistlos.de\/zgblog\/wp-json\/wp\/v2\/comments?post=53689"}],"version-history":[{"count":27,"href":"https:\/\/www.zeitgeistlos.de\/zgblog\/wp-json\/wp\/v2\/posts\/53689\/revisions"}],"predecessor-version":[{"id":54633,"href":"https:\/\/www.zeitgeistlos.de\/zgblog\/wp-json\/wp\/v2\/posts\/53689\/revisions\/54633"}],"wp:attachment":[{"href":"https:\/\/www.zeitgeistlos.de\/zgblog\/wp-json\/wp\/v2\/media?parent=53689"}],"wp:term":[{"taxonomy":"category","embeddable":true,"href":"https:\/\/www.zeitgeistlos.de\/zgblog\/wp-json\/wp\/v2\/categories?post=53689"},{"taxonomy":"post_tag","embeddable":true,"href":"https:\/\/www.zeitgeistlos.de\/zgblog\/wp-json\/wp\/v2\/tags?post=53689"}],"curies":[{"name":"wp","href":"https:\/\/api.w.org\/{rel}","templated":true}]}}