{"id":52095,"date":"2025-12-11T07:34:28","date_gmt":"2025-12-11T06:34:28","guid":{"rendered":"https:\/\/www.zeitgeistlos.de\/zgblog\/?p=52095"},"modified":"2025-12-11T08:38:06","modified_gmt":"2025-12-11T07:38:06","slug":"geschwaetz-von-gestern-40","status":"publish","type":"post","link":"https:\/\/www.zeitgeistlos.de\/zgblog\/2025\/geschwaetz-von-gestern-40\/","title":{"rendered":"Geschw\u00e4tz von gestern (40)"},"content":{"rendered":"<p><img decoding=\"async\" class=\"aligncenter size-full wp-image-29099\" src=\"https:\/\/www.zeitgeistlos.de\/zgblog\/wp-content\/uploads\/maske.jpg\" alt width=\"1000\" height=\"563\" srcset=\"https:\/\/www.zeitgeistlos.de\/zgblog\/wp-content\/uploads\/maske.jpg 1000w, https:\/\/www.zeitgeistlos.de\/zgblog\/wp-content\/uploads\/maske-150x84.jpg 150w, https:\/\/www.zeitgeistlos.de\/zgblog\/wp-content\/uploads\/maske-450x253.jpg 450w, https:\/\/www.zeitgeistlos.de\/zgblog\/wp-content\/uploads\/maske-768x432.jpg 768w, https:\/\/www.zeitgeistlos.de\/zgblog\/wp-content\/uploads\/maske-500x282.jpg 500w\" sizes=\"(max-width: 1000px) 100vw, 1000px\">Bei einer erneuten Sitzung der Enquete-Kommission <a href=\"https:\/\/www.bundestag.de\/ausschuesse\/weitere_gremien\/ee01\" target=\"_blank\" rel=\"noopener\"><em>\u00bbAufarbeitung der Corona-Pandemie und Lehren f\u00fcr zuk\u00fcnftige pandemische Ereignisse\u201c<\/em><\/a> wurde Christian Drosten von Michael Nehls und Stefan Homburg befragt. Auf die Frage, warum er denn innerhalb von einer Woche seine Meinung zur T\u00f6dlichkeit des C\u2011Virus ge\u00e4ndert habe und auf welchen Daten das beruhen w\u00fcrde, reagierte er ausgesprochen d\u00fcnnh\u00e4utig und wich aus. Die Vorsitzende, Frau Hoppermann (CDU), stellte sich dann schnell sch\u00fctzend vor Drosten.<\/p>\n<p><!--more--><\/p>\n<p>Selbst als <a href=\"https:\/\/x.com\/aya_velazquez\/status\/1995497128416665939\" target=\"_blank\" rel=\"noopener\">Stefan Homburg<\/a> ihn mit einer Lancet-Studie konfrontiert hat, die aufzeigt, dass Schweden w\u00e4hrend der gesamten Pandemie, ohne C\u2011Ma\u00dfnahmen, eine deutlich geringere \u00dcbersterblichkeit als Deutschland hatte \u2014 antwortete Drosten, dass dennoch alle C\u2011Ma\u00dfnahmen, Lockdowns, Maskenpflicht etc., mehrere Zehntausend Menschenleben in Deutschland gerettet h\u00e4tten. So geht <em>\u00bbWissenschaft!\u00ab<\/em><\/p>\n<p>Und weil die Tagesschau keine Argumente hat, aber die Journalisten dem offiziellen C\u2011Narrativ schnell zur Seite springen (m\u00fcssen) und keinen C\u2011Kritiker rehabilitieren wollen \u2014 wird Stefan Homburg, via Ad Hominem durch Markus Grill, einfach als <a href=\"https:\/\/x.com\/SHomburg\/status\/1995583105428848750\" target=\"_blank\" rel=\"noopener\"><em>\u00bbungehobelter Gro\u00dfinquisitor\u00ab<\/em><\/a> beschimpft. So geht<em> \u00bbJournalismus!\u00ab<\/em><\/p>\n<hr>\n<p><iframe title=\"YouTube video player\" src=\"https:\/\/www.youtube.com\/embed\/VVa_MhWcyj8?si=iD7-8Ybqj_M_VwzM\" width=\"550\" height=\"350\" frameborder=\"0\" allowfullscreen=\"allowfullscreen\"><\/iframe><\/p>\n<hr>\n<p><strong>Die Fake-News-Pandemie<\/strong><br>\nFolgende, jahrelang von Politik und Medien als \u00bbkrude Verschw\u00f6rungserz\u00e4hlungen\u00ab von \u00bbCovidioten\u00ab, \u00bbRechtsextremen\u00ab, \u00bbSchwurblern\u00ab und \u00bbQuerdullis\u00ab aufgestellte Behauptungen, haben sich heute als Wahrheit herausgestellt:<\/p>\n<p><strong><em><span class=\"dquo\">\u00bb<\/span>Das Virus kommt aus dem Labor\u00ab<\/em><\/strong>. Zahlreiche Medien und Wissenschaftler (Drosten) haben das jahrelang als \u00bbFake News\u00ab und \u00bbVerschw\u00f6rungsquatsch\u00ab (\u00bbLab-Leak-Hypothese\u00ab) abgetan. <a href=\"https:\/\/www.youtube.com\/watch?v=so9h30P5Xn8\" target=\"_blank\" rel=\"noopener\">Roland Wiesendanger<\/a> hat das schon sehr fr\u00fch gesagt und wurde daf\u00fcr \u00fcberall angefeindet. Mittlerweile ist es Konsens, dass das <a href=\"https:\/\/www.n-tv.de\/wissen\/Deutscher-Forscher-Sars-CoV-2-kommt-zu-99-9-Prozent-aus-Labor-article23669036.html\" target=\"_blank\" rel=\"noopener\">C\u2011Virus in einem Labor entwickelt<\/a> wurde (gain of function).<\/p>\n<p><strong><em><span class=\"dquo\">\u00bb<\/span>Masken sch\u00fctzen nicht!\u00ab<\/em><\/strong> Jahrelang war die Maske nicht nur das C\u2011Symbol und die heilige Relique, sondern wurde auch als Allheilmittel beschworen. Dabei haben schon fr\u00fch, <a href=\"https:\/\/www.cochrane.de\/news\/cochrane-review-zum-nutzen-von-masken-gegen-atemwegsinfektionen\" target=\"_blank\" rel=\"noopener\">viele Studien<\/a> und <a href=\"https:\/\/swprs.org\/face-masks-evidence\/\" target=\"_blank\" rel=\"noopener\">Analysen<\/a> auf die minimale Wirkung der \u00bbMasken\u00ab (vor allem im Alltag und im Freien) hingewiesen.<\/p>\n<p><strong><em><span class=\"dquo\">\u00bb<\/span>Die Politik wollte die C\u2011Ma\u00dfnahmen durchsetzen und nicht die Wissenschaft!\u00ab<\/em><\/strong> Jahrelang wurde behauptet, dass sich die Politik nach den Empfehlungen des RKI richten w\u00fcrde. <em>\u00bbDie Wissenschaft\u00ab<\/em> h\u00e4tte quasi die C\u2011Ma\u00dfnahmen empfohlen. Die <a href=\"https:\/\/rki-transparenzbericht.de\/\" target=\"_blank\" rel=\"noopener\">\u00bbRKI-Files\u00ab<\/a> entlarvten das als dreiste L\u00fcge. Die Politik hat zu jeder Zeit <em>alles<\/em> entschieden, selbst wenn das RKI oder andere Experten, manche C\u2011Ma\u00dfnahmen<em> ausdr\u00fccklich nicht<\/em> empfohlen haben. Das Problem ist hierbei, dass sich s\u00e4mtliche Gerichtsurteile auf die <em>\u00bbwissenschaftliche Expertise\u00ab<\/em> des RKI verlassen haben \u2014 die aber wiederum nur das geliefert haben, was die Politik wollte.<\/p>\n<hr>\n<div id=\"attachment_30702\" style=\"width: 607px\" class=\"wp-caption aligncenter\"><img decoding=\"async\" aria-describedby=\"caption-attachment-30702\" class=\"wp-image-30702 size-full\" src=\"https:\/\/www.zeitgeistlos.de\/zgblog\/wp-content\/uploads\/BMG_.jpg\" alt width=\"597\" height=\"726\" srcset=\"https:\/\/www.zeitgeistlos.de\/zgblog\/wp-content\/uploads\/BMG_.jpg 597w, https:\/\/www.zeitgeistlos.de\/zgblog\/wp-content\/uploads\/BMG_-329x400.jpg 329w, https:\/\/www.zeitgeistlos.de\/zgblog\/wp-content\/uploads\/BMG_-123x150.jpg 123w, https:\/\/www.zeitgeistlos.de\/zgblog\/wp-content\/uploads\/BMG_-247x300.jpg 247w\" sizes=\"(max-width: 597px) 100vw, 597px\"><p id=\"caption-attachment-30702\" class=\"wp-caption-text\">Im Fr\u00fchjar 2020<\/p><\/div>\n<hr>\n<p><strong><em><span class=\"dquo\">\u00bb<\/span>Der C\u2011Impfstoff hat Nebenwirkungen!\u00ab<\/em> <\/strong>\u00dcberall wurde das verneint, abgetan, relativiert und verharmlost. Von <a href=\"https:\/\/www.zeitgeistlos.de\/zgblog\/2025\/fake-news-3\/\" target=\"_blank\" rel=\"noopener\">Karl Lauterbach<\/a>. Spahn. Buyx. Drosten. Brinkmann. Und wie sie alle hei\u00dfen. Mittlerweile gibt es nicht nur <a href=\"https:\/\/www.berliner-zeitung.de\/news\/paul-ehrlich-institut-1028-todesfaelle-nach-corona-impfung-in-deutschland-li.172421\" target=\"_blank\" rel=\"noopener\">mindestens 1.000 amtlich best\u00e4tigte Impf-Tote<\/a>, sondern auch Hunderttausende in Deutschland mit schweren Impf-Nebenwirkungen, die man heute weiterhin mit dem Etikett \u00bbLong Covid\u00ab oder \u00bbPost Covid\u00ab zu verstecken versucht.<\/p>\n<p><strong><em><span class=\"dquo\">\u00bb<\/span>Die C\u2011Ma\u00dfnahmen verursachen mehr Schaden als Nutzen!\u00ab<\/em> <\/strong>Ausgangssperren. Masken. PCR-Test. Angst-Paranoia. Lockdowns. Schulschlie\u00dfungen. \u00bb2G\u00ab. \u00bb3G\u00ab. Isolierte Hochbetagte. Panik-Berichterstattung. Das alles hat der Gesundheit der Bev\u00f6lkerung insgesamt einen <a href=\"https:\/\/www.berliner-zeitung.de\/open-source\/klaus-stoehr-und-detlev-krueger-etliche-corona-massnahmen-entweder-unnoetig-oder-schaedlich-li.2236610\" target=\"_blank\" rel=\"noopener\">deutlich gr\u00f6\u00dferen gesundheitlichen Schaden zugef\u00fcgt<\/a>, als die vermeintliche Verhinderung von Infektionen.<\/p>\n<p><strong><em><span class=\"dquo\">\u00bb<\/span>Es gibt keine Zensur!\u00ab<\/em><\/strong> YouTube-Videos, Facebook-Postings, Instagram, Twitter-Beitr\u00e4ge \u2014 hier wurde massenhaft gel\u00f6scht, was nicht in die WHO-Erz\u00e4hlung passte. Selbst wenn es der Wahrheit entsprach. Wer darauf hingewiesen hatte, war sofort ein Schwurbler, Querdulli, Covidiot und Corona-Leugner. Inzwischen hat selbst Mark Zuckerberg, CEO von Meta, <a href=\"https:\/\/tkp.at\/2025\/01\/08\/zuckerberg-beendet-frueher-bestrittene-zensur-auf-facebook-und-instagram\/\" target=\"_blank\" rel=\"noopener\">die Zensur zugegeben<\/a>.<\/p>\n<p><strong><em><span class=\"dquo\">\u00bb<\/span>Covid-19 ist nicht t\u00f6dlicher als die Grippe!\u00ab<\/em> <\/strong>Wer das vor einigen Jahren noch gesagt hatte, wurde \u00fcberall beschimpft, diskreditiert und verunglimpft. Selbst die <a href=\"https:\/\/www.transparenztest.de\/post\/neue-ioannidis-metastudie-nur-1-von-3000-sars-cov2-infizierten-unter-60-jahren-stirbt\" target=\"_blank\" rel=\"noopener\">Metastudie von Dr. John Ioannidis<\/a> hat best\u00e4tigt, dass C mit einer mittelschweren Grippe vergleichbar ist (auch wenn das <a href=\"https:\/\/de.wikipedia.org\/wiki\/John_Ioannidis\" target=\"_blank\" rel=\"noopener\">wikipedia<\/a> mal wieder komplett verschweigt!). Man wollte es nicht h\u00f6ren und wahrhaben. Mittlerweile gibt es <a href=\"https:\/\/swprs.org\/studies-on-covid-19-lethality\/\" target=\"_blank\" rel=\"noopener\">sehr viele internationale Studien<\/a>, die genau das belegen.<\/p>\n<div id=\"attachment_31380\" style=\"width: 611px\" class=\"wp-caption aligncenter\"><a href=\"https:\/\/www.bundestag.de\/parlament\/plenum\/abstimmung\/abstimmung?id=767\" target=\"_blank\" rel=\"noopener\"><img decoding=\"async\" aria-describedby=\"caption-attachment-31380\" class=\"wp-image-31380 size-full\" src=\"https:\/\/www.zeitgeistlos.de\/zgblog\/wp-content\/uploads\/BMG_Impfpflicht.jpg\" alt width=\"601\" height=\"665\" srcset=\"https:\/\/www.zeitgeistlos.de\/zgblog\/wp-content\/uploads\/BMG_Impfpflicht.jpg 601w, https:\/\/www.zeitgeistlos.de\/zgblog\/wp-content\/uploads\/BMG_Impfpflicht-362x400.jpg 362w, https:\/\/www.zeitgeistlos.de\/zgblog\/wp-content\/uploads\/BMG_Impfpflicht-136x150.jpg 136w, https:\/\/www.zeitgeistlos.de\/zgblog\/wp-content\/uploads\/BMG_Impfpflicht-271x300.jpg 271w\" sizes=\"(max-width: 601px) 100vw, 601px\"><\/a><p id=\"caption-attachment-31380\" class=\"wp-caption-text\">Januar 2021<\/p><\/div>\n<hr>\n<p><strong>Die unsichtbaren Gitter<\/strong><br>\nDer US-Autor und Satiriker, <a href=\"https:\/\/overton-magazin.de\/dialog\/c-j-hopkins-die-ganze-welt-kennt-den-neuen-autoritarismus-in-deutschland\/\" target=\"_blank\" rel=\"noopener\">C. J. Hopkins<\/a>, der wegen seinem satirischen Buch \u00bbNew Normal Reich\u00ab schon vor Gericht stand und deshalb auch eine Hausdurchsuchung erleiden musste, gibt ein paar <strong>Merkmale totalit\u00e4rer Systeme<\/strong>:<\/p>\n<ul>\n<li>Menschen zu zwingen, Symbole der Konformit\u00e4t mit der offiziellen Ideologie des Systems zu zeigen, ist ein Kennzeichen totalit\u00e4rer Systeme.<\/li>\n<li>Die Ausrufung eines Ausnahmezustands und die Aufhebung verfassungsm\u00e4\u00dfiger Rechte ohne rechtfertigenden Grund, ist ein Kennzeichen totalit\u00e4rer Systeme.<\/li>\n<li>Das Verbot von Protesten gegen Regierungsbeschl\u00fcsse, ist ein Kennzeichen totalit\u00e4rer Systeme.<\/li>\n<li>Die \u00dcberschwemmung der \u00d6ffentlichkeit mit L\u00fcgen und Propaganda, die darauf abzielt, die Menschen in Angst und Schrecken zu geistlosem Gehorsam zu versetzen, ist ein Kennzeichen totalit\u00e4rer Systeme.<\/li>\n<li>Die Segregation von Gesellschaften ist ein Kennzeichen totalit\u00e4rer Systeme.<\/li>\n<li>Die Zensur abweichender Meinungen ist ein klassisches Kennzeichen des Totalitarismus.<\/li>\n<li>Menschen ihrer Arbeit zu berauben, weil sie sich weigern, sich der offiziellen Ideologie anzupassen, ist ein Kennzeichen des Totalitarismus.<\/li>\n<li>Das Sch\u00fcren von Massenhass gegen eine S\u00fcndenbock-Klasse von Menschen ist ein Kennzeichen des Totalitarismus.<\/li>\n<li>Die D\u00e4monisierung von Kritikern der offiziellen Ideologie ist ein Kennzeichen des Totalitarismus.<\/li>\n<li>Die Instrumentalisierung des Rechts zur Bestrafung von Dissidenten und Regierungskritikern ist ein Kennzeichen des Totalitarismus.<\/li>\n<\/ul>\n<p>Kommt euch C\u2011Ma\u00dfnahmen-Bef\u00fcrworter das bekannt vor? Oder wollt Ihr weiterhin auf die \u00bbQuerdulis\u00ab schimpfen, weil sie von einer \u00bbCorona-Diktatur\u00ab schwurbeln?<\/p>\n<hr>\n<div id=\"attachment_52463\" style=\"width: 1010px\" class=\"wp-caption aligncenter\"><a href=\"https:\/\/www.bundestag.de\/parlament\/plenum\/abstimmung\/abstimmung?id=767\" target=\"_blank\" rel=\"noopener\"><img decoding=\"async\" aria-describedby=\"caption-attachment-52463\" class=\"wp-image-52463 size-full\" src=\"https:\/\/www.zeitgeistlos.de\/zgblog\/wp-content\/uploads\/impfpflicht_abstimmung.jpg\" alt width=\"1000\" height=\"692\" srcset=\"https:\/\/www.zeitgeistlos.de\/zgblog\/wp-content\/uploads\/impfpflicht_abstimmung.jpg 1000w, https:\/\/www.zeitgeistlos.de\/zgblog\/wp-content\/uploads\/impfpflicht_abstimmung-450x311.jpg 450w, https:\/\/www.zeitgeistlos.de\/zgblog\/wp-content\/uploads\/impfpflicht_abstimmung-150x104.jpg 150w, https:\/\/www.zeitgeistlos.de\/zgblog\/wp-content\/uploads\/impfpflicht_abstimmung-768x531.jpg 768w, https:\/\/www.zeitgeistlos.de\/zgblog\/wp-content\/uploads\/impfpflicht_abstimmung-434x300.jpg 434w\" sizes=\"(max-width: 1000px) 100vw, 1000px\"><\/a><p id=\"caption-attachment-52463\" class=\"wp-caption-text\">Abstimmung zur Impfpflicht gegen SARS-CoV\u20112 (7. April 2022)<\/p><\/div>\n<hr>\n<p><strong>Weitere Meldungen zum Ignorieren (weil nicht sein kann, was nicht sein darf und nicht sein soll):<\/strong><\/p>\n<ul>\n<li><span class=\"dquo\">\u00bb<\/span>Die Impf-Mafia \u2013 Buchbesprechung\u00ab (<a href=\"https:\/\/tkp.at\/2025\/10\/30\/die-impf-mafia-buchbesprechung\/\" target=\"_blank\" rel=\"noopener\">Quelle<\/a>)<\/li>\n<li><span class=\"dquo\">\u00bb<\/span>Von Corona \u00fcber die Schweinegrippe zur Vogelgrippe \u2014 und zur\u00fcck?\u00ab (<a href=\"https:\/\/peds-ansichten.de\/2025\/10\/vogelgrippe-pandemie-medien-plandemie-corona-ard-tagesschau\/\" target=\"_blank\" rel=\"noopener\">Quelle<\/a>)<\/li>\n<li><span class=\"dquo\">\u00bb<\/span>US-Gesundheitsbeh\u00f6rde: Verbindung zwischen Impfungen und Autismus nicht ausgeschlossen\u00ab (<a href=\"https:\/\/www.berliner-zeitung.de\/news\/us-gesundheitsbehoerde-verbindung-zwischen-impfungen-und-autismus-nicht-ausgeschlossen-li.10006627\" target=\"_blank\" rel=\"noopener\">Quelle<\/a>)<\/li>\n<li><span class=\"dquo\">\u00bb<\/span>M\u00f6glicher Pr\u00e4zedenzfall: Prozess um schwere Corona-Impfnebenwirkung in Bamberg\u00ab (<a href=\"https:\/\/apollo-news.net\/mglicher-przedenzfall-prozess-um-schwere-corona-impfnebenwirkung-in-bamberg\/\" target=\"_blank\" rel=\"noopener\">Quelle<\/a>)<\/li>\n<li><span class=\"dquo\">\u00bb<\/span>Weiterhin Blockade bei EU-Impfstoffuntersuchung\u00ab (<a href=\"https:\/\/tkp.at\/2025\/11\/12\/weiterhin-blockade-bei-eu-impfstoffuntersuchung\/\" target=\"_blank\" rel=\"noopener\">Quelle<\/a>)<\/li>\n<li><span class=\"dquo\">\u00bb<\/span>Sachsen erkennt erstmals drei Todesf\u00e4lle infolge der Corona-Impfung an\u00ab (<a href=\"https:\/\/apollo-news.net\/sachsen-erkennt-erstmals-drei-todesflle-infolge-der-corona-impfung-an\/\" target=\"_blank\" rel=\"noopener\">Quelle<\/a>)<\/li>\n<li><span class=\"dquo\">\u00bb<\/span>Totalausfall Impfstoffsicherheit. Eine Chronologie\u00ab (<a href=\"https:\/\/connections.news\/gesundheit\/totalausfall-thema-impftstoffsicherheit-eine-chronologie\/\" target=\"_blank\" rel=\"noopener\">Quelle<\/a>)<\/li>\n<li><span class=\"dquo\">\u00bb<\/span>Antibiotikaresistenz: Die stille Pandemie eskaliert\u00ab (<a href=\"https:\/\/www.telepolis.de\/article\/Antibiotikaresistenz-Die-stille-Pandemie-eskaliert-10761042.html?wt_mc=rss.red.tp.tp.atom.beitrag.beitrag\" target=\"_blank\" rel=\"noopener\">Quelle<\/a>)<\/li>\n<li><span class=\"dquo\">\u00bb<\/span>Paul-Ehrlich-Phantomstudie zum Impfstoff: Warten seit 5 Jahren\u00ab (<a href=\"https:\/\/tkp.at\/2025\/11\/20\/paul-ehrlich-phantomstudie-zum-impfstoff-warten-seit-5-jahren\/\" target=\"_blank\" rel=\"noopener\">Quelle<\/a>)<\/li>\n<li><span class=\"dquo\">\u00bb<\/span>Haben die drakonischen Lockdowns mehr Menschenleben gefordert als Covid-19?\u00ab (<a href=\"https:\/\/de.brownstone.org\/articles\/did-the-draconian-lockdowns-kill-more-people-than-covid-19\/\" target=\"_blank\" rel=\"noopener\">Quelle<\/a>)<\/li>\n<li><span class=\"dquo\">\u00bb<\/span>Brandenburg: Masken-Bu\u00dfgelder waren verfassungswidrig\u00ab (<a href=\"https:\/\/tkp.at\/2025\/12\/02\/brandenburg-masken-bussgelder-waren-verfassungswidrig\/\" target=\"_blank\" rel=\"noopener\">Quelle<\/a>)<\/li>\n<li><span class=\"dquo\">\u00bb<\/span>Paul-Ehrlich-Institut fertigt angeblich keine Protokolle an\u00ab (<a href=\"https:\/\/www.youtube.com\/watch?v=hOxcWvJjMYg\" target=\"_blank\" rel=\"noopener\">Quelle<\/a>)<\/li>\n<li><span class=\"dquo\">\u00bb<\/span>Wegen Impfschaden \u2013 Ex-B\u00fcrgermeister verklagt Hersteller\u00ab (<a href=\"https:\/\/www.stuttgarter-nachrichten.de\/inhalt.emotionaler-spendenaufruf-wegen-impfschaden-ex-buergermeister-verklagt-hersteller.3d8eae3f-0ad8-48fc-92f1-1ce9093961c4.html\" target=\"_blank\" rel=\"noopener\">Quelle<\/a>)<\/li>\n<li><span class=\"dquo\">\u00bb<\/span>Das Ballweg-Urteil und die Rache des Apparats\u00ab (<a href=\"https:\/\/overton-magazin.de\/hintergrund\/politik\/das-ballweg-urteil-und-die-rache-des-apparats\/\" target=\"_blank\" rel=\"noopener\">Quelle<\/a>)<\/li>\n<li><span class=\"dquo\">\u00bb<\/span>Corona: Was brachte der Impfzwang bei der Feuerwehr?\u00ab (<a href=\"https:\/\/www.berliner-zeitung.de\/mensch-metropole\/der-einrichtungsbezogene-impfzwang-brachte-nichts-die-zahl-der-infektionen-schoss-sogar-nach-oben-schon-frueh-traute-die-feuerwehr-fuehrung-der-wirkung-der-impfungen-nicht-trotzdem-drohte-sie-den-beschaeftigten-mit-rauswurf-li.10005561\" target=\"_blank\" rel=\"noopener\">Quelle<\/a>)<\/li>\n<li><span class=\"dquo\">\u00bb<\/span>Irrer Corona-Strategie-Plan der WHO: Durchregieren, durchimpfen, durchzensieren\u00ab (<a href=\"https:\/\/www.achgut.com\/artikel\/corona_strategie_plan_der_who_durchregieren_durchimpfen_durchzensieren\" target=\"_blank\" rel=\"noopener\">Quelle<\/a>)<\/li>\n<li><span class=\"dquo\">\u00bb<\/span>Die wahren Corona-Folgen: \u201eJetzt geht es weiter\u201c \u2013 Volker Boehme-Ne\u00dfler im Gespr\u00e4ch\u00ab (<a href=\"https:\/\/www.youtube.com\/watch?v=N3PQ60BSVXU\" target=\"_blank\" rel=\"noopener\">Quelle<\/a>)<\/li>\n<li><span class=\"dquo\">\u00bb<\/span>Drosten wird noch gebraucht\u00ab (<a href=\"https:\/\/apolut.net\/drosten-wird-noch-gebraucht-von-paul-clemente\/\" target=\"_blank\" rel=\"noopener\">Quelle<\/a>)<\/li>\n<li><span class=\"dquo\">\u00bb<\/span>Mitte-Studie: Bev\u00f6lkerung bewertet Corona-Ma\u00dfnahmen r\u00fcckblickend kritischer\u00ab (<a href=\"https:\/\/multipolar-magazin.de\/meldungen\/0352\" target=\"_blank\" rel=\"noopener\">Quelle<\/a>)<\/li>\n<li><span class=\"dquo\">\u00bb<\/span>Krankenkassen-Report alarmiert: Psychische Erkrankungen nehmen seit Corona drastisch zu\u00ab (<a href=\"https:\/\/apollo-news.net\/krankenkassen-report-alarmiert-psychische-erkrankungen-nehmen-seit-corona-drastisch-zu\/\" target=\"_blank\" rel=\"noopener\">Quelle<\/a>)<\/li>\n<li><span class=\"dquo\">\u00bb<\/span>Man verliert seinen Glauben in die Institutionen: Studie zur \u00dcbersterblichkeit\u00ab (<a href=\"https:\/\/multipolar-magazin.de\/artikel\/interview-kuhbandner\" target=\"_blank\" rel=\"noopener\">Quelle<\/a>)<\/li>\n<\/ul>\n<hr>\n<p><strong>Kognitive Dissonanz<\/strong><br>\nEs ist schon ein wenig schmerzhaft sich diese \u00bbExperten\u00ab der Bundesregierung, rund 5 Jahre sp\u00e4ter, noch einmal anzuschauen und wie sie immer noch, mit aller Kraft und gegen jede neue Erkenntnis, am \u00bbC\u2011Horror-Narrativ\u00ab festhalten. Alles Andere w\u00fcrde vermutlich eine tiefe Identit\u00e4tskrise ausl\u00f6sen:<\/p>\n<p><iframe title=\"YouTube video player\" src=\"https:\/\/www.youtube.com\/embed\/BVwT7-FudRQ?si=JEnzQPejEcVDoa5w\" width=\"550\" height=\"350\" frameborder=\"0\" allowfullscreen=\"allowfullscreen\"><\/iframe><\/p>\n<hr>\n<p>Wie viele Ungeimpfte bereuen es, dass sie sich nicht gegen C haben \u00bbimpfen\u00ab lassen? Und wie viele Geimpfte bereuen es, dass sie sich haben \u00bbimpfen\u00ab lassen?<\/p>\n<p>Die \u00bbC\u2011Pandemie\u00ab war der Stresstest f\u00fcr Demokratie und Grundrechte. Deutschland hat diesen Test nicht bestanden. Denn wenn Demokratie und Grundrechte bei jeder Krise beliebig ausgesetzt werden k\u00f6nnen und nur bei \u00bbguten Zeiten\u00ab gelten sollen \u2014 dann sind sie das Papier nicht wert, auf dem sie stehen.<\/p>\n<hr>\n<p><a href=\"https:\/\/www.zeitgeistlos.de\/zgblog\/?s=geschw%C3%A4tz+von+gestern&amp;submit=Suchen\" target=\"_blank\" rel=\"noopener noreferrer\">Geschw\u00e4tz von gestern<\/a><\/p>\n","protected":false},"excerpt":{"rendered":"<p>Bei einer erneuten Sitzung der Enquete-Kommission \u00bbAufarbeitung der Corona-Pandemie und Lehren f\u00fcr zuk\u00fcnftige pandemische Ereignisse\u201c wurde Christian Drosten von Michael Nehls und Stefan Homburg befragt. Auf die Frage, warum er denn innerhalb von einer Woche seine Meinung zur T\u00f6dlichkeit des \u2026 <a href=\"https:\/\/www.zeitgeistlos.de\/zgblog\/2025\/geschwaetz-von-gestern-40\/\">Weiterlesen <span class=\"meta-nav\">\u2192<\/span><\/a><\/p>\n","protected":false},"author":4,"featured_media":0,"comment_status":"open","ping_status":"open","sticky":false,"template":"","format":"standard","meta":{"wp_typography_post_enhancements_disabled":false,"footnotes":""},"categories":[5,4],"tags":[2415,2032,2201,143,2134,2329,2109,2061,998,2064,356,901,1366,1454],"class_list":["post-52095","post","type-post","status-publish","format-standard","hentry","category-medien","category-politik","tag-aufarbeitung","tag-corona","tag-corona-massnahmen","tag-grundrechte","tag-impfpflicht","tag-impfschaden","tag-impfung","tag-maskenpflicht","tag-realsatire","tag-repression","tag-virus","tag-wahrheit","tag-wissenschaft","tag-zynismus"],"_links":{"self":[{"href":"https:\/\/www.zeitgeistlos.de\/zgblog\/wp-json\/wp\/v2\/posts\/52095","targetHints":{"allow":["GET"]}}],"collection":[{"href":"https:\/\/www.zeitgeistlos.de\/zgblog\/wp-json\/wp\/v2\/posts"}],"about":[{"href":"https:\/\/www.zeitgeistlos.de\/zgblog\/wp-json\/wp\/v2\/types\/post"}],"author":[{"embeddable":true,"href":"https:\/\/www.zeitgeistlos.de\/zgblog\/wp-json\/wp\/v2\/users\/4"}],"replies":[{"embeddable":true,"href":"https:\/\/www.zeitgeistlos.de\/zgblog\/wp-json\/wp\/v2\/comments?post=52095"}],"version-history":[{"count":69,"href":"https:\/\/www.zeitgeistlos.de\/zgblog\/wp-json\/wp\/v2\/posts\/52095\/revisions"}],"predecessor-version":[{"id":52543,"href":"https:\/\/www.zeitgeistlos.de\/zgblog\/wp-json\/wp\/v2\/posts\/52095\/revisions\/52543"}],"wp:attachment":[{"href":"https:\/\/www.zeitgeistlos.de\/zgblog\/wp-json\/wp\/v2\/media?parent=52095"}],"wp:term":[{"taxonomy":"category","embeddable":true,"href":"https:\/\/www.zeitgeistlos.de\/zgblog\/wp-json\/wp\/v2\/categories?post=52095"},{"taxonomy":"post_tag","embeddable":true,"href":"https:\/\/www.zeitgeistlos.de\/zgblog\/wp-json\/wp\/v2\/tags?post=52095"}],"curies":[{"name":"wp","href":"https:\/\/api.w.org\/{rel}","templated":true}]}}