{"id":52084,"date":"2025-11-28T07:34:51","date_gmt":"2025-11-28T06:34:51","guid":{"rendered":"https:\/\/www.zeitgeistlos.de\/zgblog\/?p=52084"},"modified":"2025-11-27T18:17:25","modified_gmt":"2025-11-27T17:17:25","slug":"bananenrepublik-deutschland-17","status":"publish","type":"post","link":"https:\/\/www.zeitgeistlos.de\/zgblog\/2025\/bananenrepublik-deutschland-17\/","title":{"rendered":"Bananenrepublik Deutschland (17)"},"content":{"rendered":"<div id=\"attachment_48343\" style=\"width: 1010px\" class=\"wp-caption aligncenter\"><img decoding=\"async\" aria-describedby=\"caption-attachment-48343\" class=\"wp-image-48343 size-full\" src=\"https:\/\/www.zeitgeistlos.de\/zgblog\/wp-content\/uploads\/b\u00fcndniskanzler.jpg\" alt width=\"1000\" height=\"666\" srcset=\"https:\/\/www.zeitgeistlos.de\/zgblog\/wp-content\/uploads\/b\u00fcndniskanzler.jpg 1000w, https:\/\/www.zeitgeistlos.de\/zgblog\/wp-content\/uploads\/b\u00fcndniskanzler-450x300.jpg 450w, https:\/\/www.zeitgeistlos.de\/zgblog\/wp-content\/uploads\/b\u00fcndniskanzler-150x100.jpg 150w, https:\/\/www.zeitgeistlos.de\/zgblog\/wp-content\/uploads\/b\u00fcndniskanzler-768x511.jpg 768w\" sizes=\"(max-width: 1000px) 100vw, 1000px\"><p id=\"caption-attachment-48343\" class=\"wp-caption-text\">Wahlkampf-Projektion auf dem M\u00fcnchner Siegestor. Januar 2025.<\/p><\/div>\n<p>Die <a href=\"https:\/\/apollo-news.net\/iwf-stellt-deutschlands-wirtschaft-dstere-prognose-aus-jahrelanger-stillstand-zu-erwarten\/\" target=\"_blank\" rel=\"noopener\">deutsche Wirtschaft liegt am Boden<\/a>. Insolvenzen. Inflation. Massenentlassungen. Energiepreis-Explosionen. Der ehemalige deutsche Wirtschaftsminister, Robert Habeck, hat daran nat\u00fcrlich keinerlei (Mit-)Verantwortung oder (Mit-)Wirkung gehabt. Schlie\u00dflich war er<a href=\"https:\/\/www.t-online.de\/nachrichten\/deutschland\/innenpolitik\/id_100295068\/anne-will-robert-habeck-im-tv-wir-sind-umzingelt-von-wirklichkeit-.html\" target=\"_blank\" rel=\"noopener\"><em> \u00bbvon der Realit\u00e4t umzingelt.\u00ab<\/em><\/a> Und das muss man erstmal aushalten k\u00f6nnen!<\/p>\n<p>Nun g\u00f6nnt er sich einen Film (<a href=\"https:\/\/www.nius.de\/politik\/news\/75-000-euro-steuergeld-filmfoerderung-habeck-film\/3d4251ff-72e2-49b4-93dd-7f468c23dd21\" target=\"_blank\" rel=\"noopener\">mit Steuergeldern gef\u00f6rdert<\/a>) \u00fcber das Beste was es in Deutschland noch gibt: sich selbst. Robert Habeck. Titel: <a href=\"https:\/\/www.berliner-zeitung.de\/news\/robert-habeck-dokumentarfilm-jetzt-wohin-ab-dezember-in-den-kinos-premiere-in-berlin-li.10004550\" target=\"_blank\" rel=\"noopener\"><em>\u00bbJetzt. Wohin.\u00ab<\/em><\/a> Es geht nat\u00fcrlich um Demokratie. Populismus. Klima. <a href=\"https:\/\/www.youtube.com\/watch?v=aHIfDcL5LCY\" target=\"_blank\" rel=\"noopener\">Hier<\/a> gibt es einen ersten Trailer zum kommenden Blockbuster. Nach 23 Kommentaren wurde dort die Kommentarsektion abgeschaltet. Wegen dem Hass. Und so.<\/p>\n<p><!--more--><\/p>\n<hr>\n<p><strong>Alles nur ein Vermittlungsproblem!<\/strong><br>\nDer \u00f6ffentliche Nahverkehr in Berlin (BVG) wird von Jahr zu Jahr immer schlechter. Es fallen reihenweise Z\u00fcge aus. Immer \u00f6fter bleiben sie auf dem Bahnhof, oder zwischen den Bahnh\u00f6fen stehen. Minutenlang mithin auch bis zu einer halben Stunde oder l\u00e4nger. In den diversen Ansagen hei\u00dft es dann beispielsweise:<\/p>\n<p><em><span class=\"dquo\">\u00bb<\/span>Schadhafter Zug\u00ab<\/em><br>\n<em>\u00bbReparatur am Zug<\/em><br>\n<em>\u00bbSignalst\u00f6rung\u00ab<\/em><br>\n<em>\u00bbWeichenschaden\u00ab<\/em><br>\n<em>\u00bbkurzfristiger Personalausfall\u00ab<\/em><br>\n<em>\u00bbNotarzteinsatz\u00ab<\/em><br>\n<em>\u00bbPolizeieinsatz\u00ab<br>\n\u00bbSt\u00f6rungen im Betriebsablauf\u00ab<br>\n<\/em><em>\u00bbPerson\/en auf den Gleisen\u00ab<\/em><br>\n<em>\u00bbmedizinischer Notfall\u00ab<\/em><br>\n<em>\u00bbWitterungsbedingte Verz\u00f6gerung\u00ab<br>\n\u00bbtechnische St\u00f6rung\u00ab<\/em><br>\n<em>\u00bbManipulation an Leitungsanlagen\u00ab<\/em><\/p>\n<p>Wirtschaftlich betrachtet, f\u00e4hrt die BVG Rekordverluste ein. Wer kann, f\u00e4hrt in Berlin Auto, Motorrad, E\u2011Roller oder Fahrrad. <em>\u00bbBlo\u00df nicht mit der Chaos-BVG!\u00ab<\/em>, ist heute die Devise. <a href=\"https:\/\/reitschuster.de\/post\/im-zeichen-des-regenbogens-berliner-oepnv-faehrt-rekord-verluste-ein\/\" target=\"_blank\" rel=\"noopener\"><em>\u00bbNur noch 94 Prozent der angek\u00fcndigten Fahrten k\u00f6nnen mittlerweile bedient werden.\u00ab<\/em><\/a> Die BVG tut alles, um mit der legend\u00e4ren Zuverl\u00e4ssigkeit der Deutschen Bahn (<a href=\"https:\/\/www.tagesspiegel.de\/wirtschaft\/noch-mehr-baustellen-bahnchefin-palla-es-wird-erst-mal-nicht-besser-14849321.html\" target=\"_blank\" rel=\"noopener\">DB<\/a>) gleichzuziehen.<\/p>\n<p>F\u00fcr all das gibt es nat\u00fcrlich eine L\u00f6sung! Die BVG wird jetzt <em>bunt und divers<\/em>. Sie zeigt jetzt&nbsp;<em>Haltung.&nbsp;<\/em>Das verschlingt zwar<a href=\"https:\/\/pr-journal.de\/nachrichten\/etats\/33673-social-media-etat-fuer-bvg-zu-vergeben.html\" target=\"_blank\" rel=\"noopener\"> Millionen von Euro f\u00fcr PR-und Marketing-Agenturen<\/a>, aber ist auch total zielf\u00fchrend. Wir wissen doch: die Realit\u00e4t ist nur eine soziale Konstruktion. Wenn wir alle ganz fest daran glauben, dann wird <a href=\"https:\/\/www.berliner-zeitung.de\/politik-gesellschaft\/exklusiv-bvg-legt-erstmals-kosten-der-pride-month-aktion-offen-li.10007494\" target=\"_blank\" rel=\"noopener\">die Regenbogen-BVG<\/a>, durch bunte Sitze und bunte Bahnh\u00f6fe, auch wieder zuverl\u00e4ssiger. Versprochen! <img decoding=\"async\" class=\"wpml_ico\" src=\"https:\/\/www.zeitgeistlos.de\/zgblog\/wp-content\/plugins\/wp-monalisa\/icons\/wpml_yes.gif\" alt><\/p>\n<div id=\"attachment_52229\" style=\"width: 644px\" class=\"wp-caption aligncenter\"><img decoding=\"async\" aria-describedby=\"caption-attachment-52229\" class=\"wp-image-52229 size-full\" src=\"https:\/\/www.zeitgeistlos.de\/zgblog\/wp-content\/uploads\/bvg_divers.jpg\" alt width=\"634\" height=\"808\" srcset=\"https:\/\/www.zeitgeistlos.de\/zgblog\/wp-content\/uploads\/bvg_divers.jpg 634w, https:\/\/www.zeitgeistlos.de\/zgblog\/wp-content\/uploads\/bvg_divers-314x400.jpg 314w, https:\/\/www.zeitgeistlos.de\/zgblog\/wp-content\/uploads\/bvg_divers-118x150.jpg 118w, https:\/\/www.zeitgeistlos.de\/zgblog\/wp-content\/uploads\/bvg_divers-235x300.jpg 235w\" sizes=\"(max-width: 634px) 100vw, 634px\"><p id=\"caption-attachment-52229\" class=\"wp-caption-text\">bvg.de<\/p><\/div>\n<hr>\n<p><strong>Keine Befangenheit. Nirgends.<\/strong><\/p>\n<blockquote><p><span class=\"dquo\">\u00bb<\/span>F\u00fcr die \u00dcberpr\u00fcfung der Wahl zust\u00e4ndig ist laut Grundgesetz zun\u00e4chst der Bundestag selbst. Anschlie\u00dfend kann eine Pr\u00fcfung beim Bundesverfassungsgericht beantragt werden.\u00ab<\/p>\n<p>-<a href=\"https:\/\/www.tagesschau.de\/inland\/innenpolitik\/wahlpruefung-bundestagswahl-bsw-100.html\" target=\"_blank\" rel=\"noopener\"> tagesschau.de<\/a> vom 14. November 2025<\/p><\/blockquote>\n<p>Geht es nur mir so oder ist das nicht besonders absurd, dass Diejenigen \u2011die wom\u00f6glich durch ein falsches Wahlergebnis in den Bundestag eingezogen sind \u2014 nun in der Verantwortung stehen sollen, das Wahlergebnis zu \u00fcberpr\u00fcfen? Ist das nicht genau das, was \u00bbBefangenheit\u00ab meint? Wie w\u00e4re es mit einer politisch unabh\u00e4ngigen Beh\u00f6rde? Und anschlie\u00dfend mit einem politisch unabh\u00e4ngigen Gericht, dessen Richter nicht von Parteien ernannt wurden?<\/p>\n<p>Offiziell haben rund 9.000 Stimmen f\u00fcr den Einzug des <a href=\"https:\/\/x.com\/SWagenknecht\/status\/1991469637276426626\" target=\"_blank\" rel=\"noopener\">BSW<\/a> in den Bundestag gefehlt. Was f\u00fcr ein knappes, aber gl\u00fcckliches Ergebnis f\u00fcr die Altparteien aber auch. Denn <a href=\"https:\/\/x.com\/niusde_\/status\/1990320635713568828\" target=\"_blank\" rel=\"noopener\">Fabio De Masi<\/a> (BSW) hat schon angek\u00fcndigt, Untersuchungsaussch\u00fcsse zu Corona, NS2 und den Maskendeals einzurichten. Darauf haben die etablierten Altparteien ganz sicher, ganz dolle Lust. Von einem echten Gegenpol zur \u00bbZeitenwende\u00ab (Militarisierung) ganz abgesehen.<\/p>\n<hr>\n<p><strong>Die Guten!<\/strong><br>\nDie Ukraine ist gut und das Opfer. Russland ist b\u00f6se und der T\u00e4ter. Das ist die infantile Erz\u00e4hlung, die uns seit Jahren in die K\u00f6pfe geh\u00e4mmert werden soll. Politik und Medien handeln nach dieser sehr unterkomplexen Erz\u00e4hlung. Faktische Realit\u00e4ten, die dem zuwiderlaufen, werden bewusst ignoriert oder als \u00bbPutinpropaganda\u00ab geframt. Beispielsweise:<\/p>\n<ul>\n<li>Die Ukraine arbeitet mit <a href=\"https:\/\/peds-ansichten.de\/2025\/11\/ukraine-konflikt-drogen-kartelle-mexiko-brasilien-kolumbien\/\" target=\"_blank\" rel=\"noopener\">mexikanischen Drogenkartellen<\/a> zusammen.<\/li>\n<li>An die Ukraine gelieferte Waffen landen unter anderem bei der <a href=\"https:\/\/anti-spiegel.ru\/2025\/bei-der-spanischen-drogenmafia-wurden-aus-dem-westen-in-die-ukraine-gelieferte-kriegswaffen-beschlagnahmt\/\" target=\"_blank\" rel=\"noopener\">spanischen Drogenmafia<\/a>.<\/li>\n<li>Die Ukraine arbeitet <a href=\"https:\/\/tkp.at\/2025\/11\/16\/die-rehabilitierung-von-nazismus-in-der-ukraine\/\" target=\"_blank\" rel=\"noopener\">mit Nazis<\/a> zusammen.<\/li>\n<li>Die Ukraine ist das <a href=\"https:\/\/overton-magazin.de\/hintergrund\/politik\/korruptionsaffaere-in-der-ukraine-erreicht-internationale-dimensionen\/\" target=\"_blank\" rel=\"noopener\">korrupteste Land<\/a> in Europa.<\/li>\n<\/ul>\n<p>Denn es kann nicht sein, was nicht zum Narrativ passt!<\/p>\n<hr>\n<p><a href=\"https:\/\/www.zeitgeistlos.de\/zgblog\/?s=Bananenrepublik+Deutschland&amp;submit=Suchen\" target=\"_blank\" rel=\"noopener noreferrer\">Bananenrepublik Deutschland<\/a><\/p>\n","protected":false},"excerpt":{"rendered":"<p>Die deutsche Wirtschaft liegt am Boden. Insolvenzen. Inflation. Massenentlassungen. Energiepreis-Explosionen. Der ehemalige deutsche Wirtschaftsminister, Robert Habeck, hat daran nat\u00fcrlich keinerlei (Mit-)Verantwortung oder (Mit-)Wirkung gehabt. Schlie\u00dflich war er \u00bbvon der Realit\u00e4t umzingelt.\u00ab Und das muss man erstmal aushalten k\u00f6nnen! Nun g\u00f6nnt \u2026 <a href=\"https:\/\/www.zeitgeistlos.de\/zgblog\/2025\/bananenrepublik-deutschland-17\/\">Weiterlesen <span class=\"meta-nav\">\u2192<\/span><\/a><\/p>\n","protected":false},"author":4,"featured_media":0,"comment_status":"open","ping_status":"open","sticky":false,"template":"","format":"standard","meta":{"wp_typography_post_enhancements_disabled":false,"footnotes":""},"categories":[5,4,203],"tags":[2308,342,227,1005,653,2067,58,40,527,218,289,141,998,172,1645,1433],"class_list":["post-52084","post","type-post","status-publish","format-standard","hentry","category-medien","category-politik","category-satire","tag-bananenrepublik","tag-bvg","tag-demokratie","tag-doppelmoral","tag-frieden","tag-kafkaesk","tag-kapitalismus","tag-krieg","tag-meinungsfreiheit","tag-militarismus","tag-mobbing","tag-pressefreiheit","tag-realsatire","tag-rechtsstaat","tag-satire","tag-waffen"],"_links":{"self":[{"href":"https:\/\/www.zeitgeistlos.de\/zgblog\/wp-json\/wp\/v2\/posts\/52084","targetHints":{"allow":["GET"]}}],"collection":[{"href":"https:\/\/www.zeitgeistlos.de\/zgblog\/wp-json\/wp\/v2\/posts"}],"about":[{"href":"https:\/\/www.zeitgeistlos.de\/zgblog\/wp-json\/wp\/v2\/types\/post"}],"author":[{"embeddable":true,"href":"https:\/\/www.zeitgeistlos.de\/zgblog\/wp-json\/wp\/v2\/users\/4"}],"replies":[{"embeddable":true,"href":"https:\/\/www.zeitgeistlos.de\/zgblog\/wp-json\/wp\/v2\/comments?post=52084"}],"version-history":[{"count":53,"href":"https:\/\/www.zeitgeistlos.de\/zgblog\/wp-json\/wp\/v2\/posts\/52084\/revisions"}],"predecessor-version":[{"id":52367,"href":"https:\/\/www.zeitgeistlos.de\/zgblog\/wp-json\/wp\/v2\/posts\/52084\/revisions\/52367"}],"wp:attachment":[{"href":"https:\/\/www.zeitgeistlos.de\/zgblog\/wp-json\/wp\/v2\/media?parent=52084"}],"wp:term":[{"taxonomy":"category","embeddable":true,"href":"https:\/\/www.zeitgeistlos.de\/zgblog\/wp-json\/wp\/v2\/categories?post=52084"},{"taxonomy":"post_tag","embeddable":true,"href":"https:\/\/www.zeitgeistlos.de\/zgblog\/wp-json\/wp\/v2\/tags?post=52084"}],"curies":[{"name":"wp","href":"https:\/\/api.w.org\/{rel}","templated":true}]}}