{"id":51784,"date":"2025-10-28T07:34:24","date_gmt":"2025-10-28T06:34:24","guid":{"rendered":"https:\/\/www.zeitgeistlos.de\/zgblog\/?p=51784"},"modified":"2025-11-10T17:43:19","modified_gmt":"2025-11-10T16:43:19","slug":"repressionen-gegen-andersdenkende","status":"publish","type":"post","link":"https:\/\/www.zeitgeistlos.de\/zgblog\/2025\/repressionen-gegen-andersdenkende\/","title":{"rendered":"Repressionen gegen Andersdenkende"},"content":{"rendered":"\n<p><!--more--><\/p>\n<hr>\n<p><strong>Ihre Zeitenwende<\/strong><br>\nIm September 2020 habe ich mit der Dokumentation und Protokollierung von <a href=\"https:\/\/www.zeitgeistlos.de\/zgblog\/wp-content\/uploads\/Repression_2025.pdf\">Repressionen gegen Andersdenkende<\/a> begonnen. Die mittlerweile rund 40 Seiten sind ganz sicher unvollst\u00e4ndig. Meine Intuition sagte mir damals schon, dass wir es hier mit einer echten \u00bbZeitenwende\u00ab zu tun haben werden. Mit einem Tabu- und Zivilisationsbruch in Deutschland. Pandoras Box der autorit\u00e4ren und repressiven \u00bbMa\u00dfnahmen\u00ab gegen jede Form von Regierungskritik wurde ge\u00f6ffnet und bis heute nicht wieder geschlossen.<\/p>\n<p>Dazu geh\u00f6ren Kriminalisierungen <a href=\"https:\/\/www.zeitgeistlos.de\/zgblog\/2024\/neusprech-unterhalb-der-strafbarkeitsgrenze\/\" target=\"_blank\" rel=\"noopener\">\u00bbunterhalb der Strafbarkeitsgrenze\u00ab<\/a>, die \u00bbDelegitimierung des Staates\u00ab, Meldestellen, Beweislastumkehr f\u00fcr Beamte, unverh\u00e4ltnism\u00e4\u00dfige Hausdurchsuchungen, Chatprotokolle, der Digital Service Act (DSA), <a href=\"https:\/\/www.gesetze-im-internet.de\/stgb\/__188.html\" target=\"_blank\" rel=\"noopener\">Paragraf \u00a7 188<\/a>, Ma\u00dfnahmen gegen \u00bbHass und Hetze\u00ab, Trusted Flagger und vieles vieles mehr.<\/p>\n<p>Mir war damals schon klar, dass man das \u2011im Nachhinein wie so oft und wie \u00fcblich- als \u00bbEinzelf\u00e4lle\u00ab deklarieren oder sogar aus der Wahrnehmung <a href=\"https:\/\/www.nachdenkseiten.de\/?p=140914\" target=\"_blank\" rel=\"noopener\">zum Verschwinden bringen<\/a> wird (Insofern: speichert euch <a href=\"https:\/\/www.zeitgeistlos.de\/zgblog\/wp-content\/uploads\/Repression_2025.pdf\" target=\"_blank\" rel=\"noopener\">das PDF<\/a> und verbreitet es). Denn es kann nicht sein, was nicht sein darf! In der t\u00e4glichen Tagesschau-Erz\u00e4hlung sind wir doch weiterhin eine bl\u00fchende Demokratie, mit Meinungsfreiheit und Rechtsstaat? Dann muss das doch stimmen! <img decoding=\"async\" class=\"wpml_ico\" src=\"https:\/\/www.zeitgeistlos.de\/zgblog\/wp-content\/plugins\/wp-monalisa\/icons\/wpml_cool.gif\" alt><\/p>\n<hr>\n<p><strong>Ihre Demokratie<\/strong><br>\nMittlerweile sollte selbst den politisch Blinden klar sein, dass wir es hier mit einem systematischen Problem zu tun haben. Mit gezielter Verfolgung, Denunziation, Einsch\u00fcchterung, Diffamierung, Rufmord, Debanking, Hausdurchsuchungen und der Zerst\u00f6rung der sozio-\u00f6konomischen Existenz. Nat\u00fcrlich trifft das nicht Jeden, sondern vornehmlich Diejenigen mit gro\u00dfer Reichweite, Einfluss und Aufmerksamkeit sowie den derzeitigen \u00bbpolitischen Gegner\u00ab. Der kann sich aber schnell \u00e4ndern. Die Methoden werden bleiben. Erst geht es jahrelang gegen die AfD. Dann wird es gegen die \u00bbWoken\u00ab gehen.<\/p>\n<p>Dabei ist es v\u00f6llig unerheblich, ob sie von linker oder rechter Seite kommen oder die \u00bbMa\u00dfnahmen\u00ab gegen linke oder rechte Kr\u00e4fte gerichtet sind. Die Themen sind hier v\u00f6llig austauschbar. Corona. Ukraine. Migration. Klima. Gender. AfD. Trump. Gaza. Whatever. Die Einsch\u00fcchterungs- und Unterdr\u00fcckungsmaschine bleibt gleich. Die Methoden selbst, sind zutiefst antidemokratisch, autorit\u00e4r und autokratisch. Sie untergraben jede Form von Vertrauen in Rechtsstaat, Massenmedien und Politik.<\/p>\n<p>Linke und Rechte jedweder Pr\u00e4gung sollten endlich begreifen, dass <em>die Methoden<\/em> das Problem sind und nicht, <em>wer sie gegen wen<\/em> anwendet. Frei nach dem Motto: wenn die AfD hasst, ist das verwerflich, man selbst als <em>\u00bbGuter\u00ab<\/em> d\u00fcrfe aber die AfD voller inbrunst hassen. Der Hass ist hier das Problem! Denn ansonsten sind Totalitarismus und Faschismus, viel n\u00e4her als uns allen lieb sein d\u00fcrfte. Wie der dann politisch angemalt ist, spielt dann auch keine Rolle mehr.<\/p>\n<hr>\n<p><strong>\u00dcbrigens:<\/strong> solltet Ihr F\u00e4lle mitbekommen, die an mir vorbeigegangen sind, k\u00f6nnt Ihr mich gerne, im jeweils aktuellen ZG-Beitrag, darauf hinweisen. Das geht als OT-Beitrag dann v\u00f6llig klar. Denn ich habe vor, diese \u00bbSammlung\u00ab bis auf weiteres fortzuf\u00fchren. Es d\u00fcrfte wohl nicht mehr lange dauern, dann wird es<em> Lumpenpazifisten<\/em>, <em>Dronen-Leugner<\/em> und <em>Wehrpflicht-Verweigerer<\/em> geben, die man mit Repressionen \u00fcberziehen wird.<\/p>\n<hr>\n<p><strong>\u00dcbrigens:<\/strong> Norbert H\u00e4ring betreibt ein \u00e4hnliches Projekt: <a href=\"https:\/\/norberthaering.de\/cancel-culture-dokumentation\/\" target=\"_blank\" rel=\"noopener\">das \u00bbCancel Culture Tagebuch\u00ab<\/a><\/p>\n<hr>\n<p><a href=\"https:\/\/www.zeitgeistlos.de\/zgblog\/2021\/repression\/\" target=\"_blank\" rel=\"noopener\">Repression (1)<\/a><br>\n<a href=\"https:\/\/www.zeitgeistlos.de\/zgblog\/2024\/repression-2\/\" target=\"_blank\" rel=\"noopener\">Repression (2)<\/a><\/p>\n","protected":false},"excerpt":{"rendered":"","protected":false},"author":4,"featured_media":0,"comment_status":"open","ping_status":"open","sticky":false,"template":"","format":"standard","meta":{"wp_typography_post_enhancements_disabled":false,"footnotes":""},"categories":[5,4],"tags":[1622,227,1122,143,527,1741,34,172,2064,2214,371,2065,952,385],"class_list":["post-51784","post","type-post","status-publish","format-standard","hentry","category-medien","category-politik","tag-buergerrechte","tag-demokratie","tag-diffamierung","tag-grundrechte","tag-meinungsfreiheit","tag-narrativ","tag-propaganda","tag-rechtsstaat","tag-repression","tag-totalitarismus","tag-unrechtsstaat","tag-unterdrueckung","tag-willkur","tag-zensur"],"_links":{"self":[{"href":"https:\/\/www.zeitgeistlos.de\/zgblog\/wp-json\/wp\/v2\/posts\/51784","targetHints":{"allow":["GET"]}}],"collection":[{"href":"https:\/\/www.zeitgeistlos.de\/zgblog\/wp-json\/wp\/v2\/posts"}],"about":[{"href":"https:\/\/www.zeitgeistlos.de\/zgblog\/wp-json\/wp\/v2\/types\/post"}],"author":[{"embeddable":true,"href":"https:\/\/www.zeitgeistlos.de\/zgblog\/wp-json\/wp\/v2\/users\/4"}],"replies":[{"embeddable":true,"href":"https:\/\/www.zeitgeistlos.de\/zgblog\/wp-json\/wp\/v2\/comments?post=51784"}],"version-history":[{"count":23,"href":"https:\/\/www.zeitgeistlos.de\/zgblog\/wp-json\/wp\/v2\/posts\/51784\/revisions"}],"predecessor-version":[{"id":52153,"href":"https:\/\/www.zeitgeistlos.de\/zgblog\/wp-json\/wp\/v2\/posts\/51784\/revisions\/52153"}],"wp:attachment":[{"href":"https:\/\/www.zeitgeistlos.de\/zgblog\/wp-json\/wp\/v2\/media?parent=51784"}],"wp:term":[{"taxonomy":"category","embeddable":true,"href":"https:\/\/www.zeitgeistlos.de\/zgblog\/wp-json\/wp\/v2\/categories?post=51784"},{"taxonomy":"post_tag","embeddable":true,"href":"https:\/\/www.zeitgeistlos.de\/zgblog\/wp-json\/wp\/v2\/tags?post=51784"}],"curies":[{"name":"wp","href":"https:\/\/api.w.org\/{rel}","templated":true}]}}