{"id":51671,"date":"2025-10-25T07:28:08","date_gmt":"2025-10-25T05:28:08","guid":{"rendered":"https:\/\/www.zeitgeistlos.de\/zgblog\/?p=51671"},"modified":"2025-10-25T12:19:31","modified_gmt":"2025-10-25T10:19:31","slug":"bananenrepublik-deutschland-16","status":"publish","type":"post","link":"https:\/\/www.zeitgeistlos.de\/zgblog\/2025\/bananenrepublik-deutschland-16\/","title":{"rendered":"Bananenrepublik Deutschland (16)"},"content":{"rendered":"<p><img decoding=\"async\" class=\"aligncenter size-full wp-image-37393\" src=\"https:\/\/www.zeitgeistlos.de\/zgblog\/wp-content\/uploads\/gr\u00fcne-waffen1.jpg\" alt width=\"1000\" height=\"563\" srcset=\"https:\/\/www.zeitgeistlos.de\/zgblog\/wp-content\/uploads\/gr\u00fcne-waffen1.jpg 1000w, https:\/\/www.zeitgeistlos.de\/zgblog\/wp-content\/uploads\/gr\u00fcne-waffen1-450x253.jpg 450w, https:\/\/www.zeitgeistlos.de\/zgblog\/wp-content\/uploads\/gr\u00fcne-waffen1-150x84.jpg 150w, https:\/\/www.zeitgeistlos.de\/zgblog\/wp-content\/uploads\/gr\u00fcne-waffen1-768x432.jpg 768w, https:\/\/www.zeitgeistlos.de\/zgblog\/wp-content\/uploads\/gr\u00fcne-waffen1-500x282.jpg 500w\" sizes=\"(max-width: 1000px) 100vw, 1000px\">Der Osteuropahistoriker <a href=\"https:\/\/www.faz.net\/aktuell\/feuilleton\/debatten\/friedenspreis-fuer-karl-schloegel-europa-muss-von-der-ukraine-lernen-accg-110739384.html\" target=\"_blank\" rel=\"noopener\">Karl Schl\u00f6gel erh\u00e4lt den Friedenspreis<\/a> des Deutschen Buchhandels. In seiner Rede betonte er, die aktuelle Generation sei <a href=\"https:\/\/x.com\/rosenbusch_\/status\/1979995916774818232\" target=\"_blank\" rel=\"noopener\"><em>\u00bbfriedensverw\u00f6hnt\u00ab<\/em> <\/a>und m\u00fcsse sich nun <em>\u00bbwieder auf Krieg einstellen.\u00ab<\/em> \u00dcberzeugte Pazifisten, wie beispielsweise ein <a href=\"https:\/\/www.youtube.com\/watch?v=7bxvAqiMl1I\" target=\"_blank\" rel=\"noopener\">Eugen Drewermann<\/a>, gelten hingegen als Putin-Arschkriecher und Lumpenpazifisten. Frieden ist im Jahr 2025 wieder, wer den Krieg vorbereitet. <img decoding=\"async\" class=\"wpml_ico\" src=\"https:\/\/www.zeitgeistlos.de\/zgblog\/wp-content\/plugins\/wp-monalisa\/icons\/wpml_sad.gif\" alt><\/p>\n<p><!--more--><\/p>\n<hr>\n<p><strong>Krieg ist Frieden<\/strong><br>\nDie venezolanische Oppositionsf\u00fchrerin <a href=\"https:\/\/tkp.at\/2025\/10\/16\/der-preis-der-venezolanischen-demokratie\/\" target=\"_blank\" rel=\"noopener\">Mar\u00eda Corina Machado erh\u00e4lt den Friedensnobelpreis<\/a>. In einem Podcast-Interview mit Donald Trump Jr. sagte sie:<\/p>\n<blockquote><p><span class=\"dquo\">\u00bb<\/span>Vergessen Sie Saudi-Arabien, ich meine, wir haben mehr \u00d6l als sie, ich meine unendliche M\u00f6glichkeiten. <strong>Wir werden unsere gesamte Industrie f\u00fcr Sie privatisieren<\/strong>. Amerikanische Unternehmen werden davon enorm profitieren!\u00ab<\/p><\/blockquote>\n<p>Den Friedensnobelpreis im Jahr 2025 erh\u00e4lt, wer die gro\u00dfen Ressourcen-Vorkommen privatisiert, an internationale Konzerne verscherbelt und f\u00fcr die USA zug\u00e4nglich macht. Kapitalismus statt Pazifismus!<\/p>\n<p>Nebenbei k\u00e4mpfen<a href=\"https:\/\/www.youtube.com\/watch?v=JwH8jI1C6Ic\" target=\"_blank\" rel=\"noopener\"> junge Influencer mutig gegen Friedensdemonstranten<\/a>. Diese Schwurbels und Querdullis wollen tats\u00e4chlich Frieden und sind gegen Aufr\u00fcstung? Unglaublich! Das diese, vor allem \u00e4lteren Menschen, auch daf\u00fcr auf die Stra\u00dfe gehen, damit die Jugend nicht in einem zuk\u00fcnftigen Krieg verheizt wird \u2014 geschenkt!<\/p>\n<hr>\n<p><strong>Mobbing ist Zivilcourage<\/strong><br>\nDie Treptower Linkspartei in Berlin, wollte <a href=\"https:\/\/apollo-news.net\/zentrale-aufgabe-amadeu-antonio-stiftung-rechtfertigt-gewaltrhetorik-gegen-apollo-news\/\" target=\"_blank\" rel=\"noopener\"><em>\u00bbrechten Medien auf die Tasten treten\u201c<\/em><\/a>. Insbesondere gegen \u00bbApollo News\u00ab wollte man vorgehen, die Pressearbeit st\u00f6ren und behindern. Nachdem \u00bbApollo News\u00ab ausf\u00fchrlich dar\u00fcber berichtet und sich vereinzelt Politiker der Linkspartei von der Gewaltrhetorik gegen Presseorgane distanziert hatten, sprang die <a href=\"https:\/\/www.amadeu-antonio-stiftung.de\/apollo-news-so-wird-aus-einem-inszenierten-skandal-eine-hasswelle-gegen-die-zivilgesellschaft-150425\/\" target=\"_blank\" rel=\"noopener\">\u00bbAmadeu-Antonio-Stiftung\u00ab<\/a> der Treptower Linkspartei zur Seite.<\/p>\n<p>Die behauptete jetzt, dass rechte Medien eine <em>\u00bbKampagne\u00ab<\/em> und eine<em> \u00bbHasswelle gegen die Zivilgesellschaft\u00ab<\/em> veranstalten w\u00fcrden. Verstehe ich das richtig? Wer dem Mobber sagt, er solle aufh\u00f6ren zu mobben, verbreitet jetzt <em>\u00bbHass\u00ab<\/em>? Schlie\u00dflich sind <em>die Guten<\/em> immer gut, selbst wenn sie B\u00f6ses machen? Sind wir schon wieder so weit?<\/p>\n<p>Weiterhin sind <em>die Guten<\/em> inzwischen so gut, dass sie <a href=\"https:\/\/apollo-news.net\/eltern-setzen-kita-mit-petition-unter-druck-kind-von-afd-politiker-sollte-ausgeschlossen-werden\/\" target=\"_blank\" rel=\"noopener\">Kinder von AfD-Politikern<\/a> aus der Kita schmei\u00dfen wollen, Schulleiter verbieten Jugendlichen<a href=\"https:\/\/www.rbb24.de\/politik\/beitrag\/2025\/10\/hass-soziale-medien-schulleiter-afd-praktikum-bedrohungen-grace-hopper-gesamtschule-teltow-brandenburg.html\" target=\"_blank\" rel=\"noopener\"> ein Praktikum bei der AfD<\/a> und AfD-Politiker werden <a href=\"https:\/\/verfassungsblog.de\/der-ausschluss-von-afd-burgermeisterkandidaten-vor-der-wahl\/\" target=\"_blank\" rel=\"noopener\">von der B\u00fcrgermeister-Wahl ausgeschlossen<\/a>. Alles im Namen des Guten, Sch\u00f6nen und Gerechten! Und nat\u00fcrlich der \u00bbDemokratie\u00ab! Wie bei der Inquisition.<\/p>\n<hr>\n<div id=\"attachment_48659\" style=\"width: 1251px\" class=\"wp-caption aligncenter\"><a href=\"https:\/\/www.berliner-zeitung.de\/news\/gaspipeline-lecks-polens-ex-verteidigungsminister-macht-usa-verantwortlich-li.271382\" target=\"_blank\" rel=\"noopener\"><img decoding=\"async\" aria-describedby=\"caption-attachment-48659\" class=\"wp-image-48659 size-full\" src=\"https:\/\/www.zeitgeistlos.de\/zgblog\/wp-content\/uploads\/sikorski1.jpg\" alt width=\"1241\" height=\"1221\" srcset=\"https:\/\/www.zeitgeistlos.de\/zgblog\/wp-content\/uploads\/sikorski1.jpg 1241w, https:\/\/www.zeitgeistlos.de\/zgblog\/wp-content\/uploads\/sikorski1-407x400.jpg 407w, https:\/\/www.zeitgeistlos.de\/zgblog\/wp-content\/uploads\/sikorski1-1024x1007.jpg 1024w, https:\/\/www.zeitgeistlos.de\/zgblog\/wp-content\/uploads\/sikorski1-150x148.jpg 150w, https:\/\/www.zeitgeistlos.de\/zgblog\/wp-content\/uploads\/sikorski1-768x756.jpg 768w, https:\/\/www.zeitgeistlos.de\/zgblog\/wp-content\/uploads\/sikorski1-305x300.jpg 305w\" sizes=\"(max-width: 1241px) 100vw, 1241px\"><\/a><p id=\"caption-attachment-48659\" class=\"wp-caption-text\">Der Post wurde mittlerweile gel\u00f6scht.<\/p><\/div>\n<p>Die \u00bbLimited-Hangout-Alibi-Cover-Story\u00ab rund um die Hobby-Taucher, die mal eben tonnenweise Sprengstoff in dutzende Meter Meerestiefe in einem der best bewachten Seegebiete der Welt bringen, ungesehen eine Pipeline sprengen und wieder verschwinden \u2014 wird immer absurder. Nun sollen <a href=\"https:\/\/www.tagesschau.de\/ausland\/europa\/nord-stream-sabotage-auslieferung-100.html\" target=\"_blank\" rel=\"noopener\">Polen und Italien<\/a> jeweils einen \u00bbVerd\u00e4chtigen\u00ab haben, wollen sie aber nicht ausliefern. <a href=\"https:\/\/seymourhersh.substack.com\/\" target=\"_blank\" rel=\"noopener\">Seymour Hersh<\/a>? Kennen wir nicht! <img decoding=\"async\" class=\"wpml_ico\" src=\"https:\/\/www.zeitgeistlos.de\/zgblog\/wp-content\/plugins\/wp-monalisa\/icons\/wpml_scratch.gif\" alt><\/p>\n<hr>\n<p><strong>Granaten statt Diplomaten<\/strong><br>\nNATO-Generalsekret\u00e4r Mark Rutte hat in Slowenien erkl\u00e4rt, dass schon jetzt die NATO Russland milit\u00e4risch <strong><em>\u00bbunendlich \u00fcberlegen\u00ab<\/em><\/strong> sei. Florian Warweg fragte daraufhin die Bundesregierung, warum wir dann \u00fcberhaupt diese<a href=\"https:\/\/www.nachdenkseiten.de\/?p=140805\" target=\"_blank\" rel=\"noopener\"> massive milit\u00e4rische Aufr\u00fcstung in Deutschland<\/a> brauchen?<\/p>\n<p>In diesem Zusammenhang will die Bundesregierung nun ein <a href=\"https:\/\/www.welt.de\/politik\/deutschland\/article68ebd38e0bda2290ccea8d3e\/wehrpflicht-union-und-spd-einigen-sich-laut-bericht-auf-kompromiss-los-soll-ueber-musterung-entscheiden.html\" target=\"_blank\" rel=\"noopener\">\u00bbLos-Verfahren\u00ab<\/a> bei der Wehrpflicht einf\u00fchren. Nachdem die Jungen einen verpflichtenden Fragebogen ausgef\u00fcllt haben, sollen dann Einige \u00bbzuf\u00e4llig\u00ab zur Musterung eingeladen werden. Kann dann bitte Dunja Hayali im \u00d6RR das Gl\u00fccksrad drehen?<\/p>\n<hr>\n<p>Sind wir schon in \u00bbIdiocracy\u00ab? Ist das die \u00bbMatrix\u00ab? Sind wir in der \u00bbTruman-Show\u00ab? Eine Simulation? Post-Realismus? Ist das gezieltes <a href=\"https:\/\/de.wikipedia.org\/wiki\/Gaslighting\" target=\"_blank\" rel=\"noopener\">Gaslighting<\/a>? Kann mich bitte Jemand wecken? Oder sehe ich das nur falsch und brauche einfach <em>eine andere Einstellung<\/em>?<\/p>\n<hr>\n<p><a href=\"https:\/\/www.zeitgeistlos.de\/zgblog\/?s=Bananenrepublik+Deutschland&amp;submit=Suchen\" target=\"_blank\" rel=\"noopener noreferrer\">Bananenrepublik Deutschland<\/a><\/p>\n","protected":false},"excerpt":{"rendered":"<p>Der Osteuropahistoriker Karl Schl\u00f6gel erh\u00e4lt den Friedenspreis des Deutschen Buchhandels. In seiner Rede betonte er, die aktuelle Generation sei \u00bbfriedensverw\u00f6hnt\u00ab und m\u00fcsse sich nun \u00bbwieder auf Krieg einstellen.\u00ab \u00dcberzeugte Pazifisten, wie beispielsweise ein Eugen Drewermann, gelten hingegen als Putin-Arschkriecher und \u2026 <a href=\"https:\/\/www.zeitgeistlos.de\/zgblog\/2025\/bananenrepublik-deutschland-16\/\">Weiterlesen <span class=\"meta-nav\">\u2192<\/span><\/a><\/p>\n","protected":false},"author":4,"featured_media":0,"comment_status":"open","ping_status":"open","sticky":false,"template":"","format":"standard","meta":{"wp_typography_post_enhancements_disabled":false,"footnotes":""},"categories":[5,4,203],"tags":[2381,2308,227,1005,653,2067,58,40,527,218,289,141,998,172,1645,1433],"class_list":["post-51671","post","type-post","status-publish","format-standard","hentry","category-medien","category-politik","category-satire","tag-aufruestung","tag-bananenrepublik","tag-demokratie","tag-doppelmoral","tag-frieden","tag-kafkaesk","tag-kapitalismus","tag-krieg","tag-meinungsfreiheit","tag-militarismus","tag-mobbing","tag-pressefreiheit","tag-realsatire","tag-rechtsstaat","tag-satire","tag-waffen"],"_links":{"self":[{"href":"https:\/\/www.zeitgeistlos.de\/zgblog\/wp-json\/wp\/v2\/posts\/51671","targetHints":{"allow":["GET"]}}],"collection":[{"href":"https:\/\/www.zeitgeistlos.de\/zgblog\/wp-json\/wp\/v2\/posts"}],"about":[{"href":"https:\/\/www.zeitgeistlos.de\/zgblog\/wp-json\/wp\/v2\/types\/post"}],"author":[{"embeddable":true,"href":"https:\/\/www.zeitgeistlos.de\/zgblog\/wp-json\/wp\/v2\/users\/4"}],"replies":[{"embeddable":true,"href":"https:\/\/www.zeitgeistlos.de\/zgblog\/wp-json\/wp\/v2\/comments?post=51671"}],"version-history":[{"count":39,"href":"https:\/\/www.zeitgeistlos.de\/zgblog\/wp-json\/wp\/v2\/posts\/51671\/revisions"}],"predecessor-version":[{"id":51831,"href":"https:\/\/www.zeitgeistlos.de\/zgblog\/wp-json\/wp\/v2\/posts\/51671\/revisions\/51831"}],"wp:attachment":[{"href":"https:\/\/www.zeitgeistlos.de\/zgblog\/wp-json\/wp\/v2\/media?parent=51671"}],"wp:term":[{"taxonomy":"category","embeddable":true,"href":"https:\/\/www.zeitgeistlos.de\/zgblog\/wp-json\/wp\/v2\/categories?post=51671"},{"taxonomy":"post_tag","embeddable":true,"href":"https:\/\/www.zeitgeistlos.de\/zgblog\/wp-json\/wp\/v2\/tags?post=51671"}],"curies":[{"name":"wp","href":"https:\/\/api.w.org\/{rel}","templated":true}]}}