{"id":5081,"date":"2010-05-28T10:46:44","date_gmt":"2010-05-28T08:46:44","guid":{"rendered":"http:\/\/www.zeitgeistlos.de\/zgblog\/?p=5081"},"modified":"2010-07-09T16:40:16","modified_gmt":"2010-07-09T14:40:16","slug":"massenkonformes-wohnen","status":"publish","type":"post","link":"https:\/\/www.zeitgeistlos.de\/zgblog\/2010\/massenkonformes-wohnen\/","title":{"rendered":"Massenkonformes Wohnen"},"content":{"rendered":"<p style=\"text-align: justify;\"><a href=\"https:\/\/www.zeitgeistlos.de\/zgblog\/wp-content\/uploads\/Wohnung.jpg\"><img decoding=\"async\" class=\"aligncenter size-full wp-image-5085\" title=\"standardisierte Wohnungsgestaltung\" src=\"https:\/\/www.zeitgeistlos.de\/zgblog\/wp-content\/uploads\/Wohnung.jpg\" alt width=\"438\" height=\"293\" srcset=\"https:\/\/www.zeitgeistlos.de\/zgblog\/wp-content\/uploads\/Wohnung.jpg 548w, https:\/\/www.zeitgeistlos.de\/zgblog\/wp-content\/uploads\/Wohnung-150x100.jpg 150w, https:\/\/www.zeitgeistlos.de\/zgblog\/wp-content\/uploads\/Wohnung-450x300.jpg 450w\" sizes=\"(max-width: 438px) 100vw, 438px\"><\/a>Das Thema der medialen Gleichschaltung in Deutschland habe ich hier schon \u00f6fters angesprochen. Wer sich wochenlang t\u00e4glich verschiedene Tageszeitungen kauft oder sich einfach die Schlagzeilen der Online-Ausgaben anschaut, bekommt schnell ein massenkonformes Denken um die Ohren geknallt. Wie immer ist es einfach, auf andere zu schauen und ihnen eine Konformit\u00e4t vorzuwerfen. Wie sieht es aber z.B. mit unserer aller Wohnungsgestaltung aus?<!--more--><\/p>\n<p style=\"text-align: justify;\">Bei einem Gespr\u00e4ch mit Freunden habe ich letztens angemerkt, dass jeder sagen w\u00fcrde, er richte seine Wohnung individuell ein, ja das dies ein Zeichen seiner Individualit\u00e4t w\u00e4re. Die Einrichtung eines Mannes sage viel \u00fcber seinen Charakter aus, schreibt z.B. das Boulevardblatt <a href=\"http:\/\/www.glamour.de\/articles\/liebe\/manner\/wohnung\/2009\/02\/05\/13693\" target=\"_blank\">Glamour<\/a>. Im Laufe des Gespr\u00e4ches habe ich schlie\u00dflich die These aufgestellt, dass fast alle Menschen in Deutschland ihre Wohnungen jedoch gleich einrichten w\u00fcrden und das dies ein Zeichen von&nbsp; Konformit\u00e4t und Anpassung sei. Es also diesbez\u00fcglich kaum Individualit\u00e4t g\u00e4be.<\/p>\n<p style=\"text-align: justify;\">Das Wohnzimmer hat meistens eine Couchgarnitur vor dem ein Tisch steht und das auf den Fernseher hin ausgerichtet ist. Vielleicht stehen hier noch ein bis zwei Schr\u00e4nke, mitunter Glasschr\u00e4nke mit Staubf\u00e4ngern enthalten. Im Schlafzimmer steht ein Bett sowie ein Kleiderschrank. Wer sich eine Drei- oder Vierzimmer-Wohnung leisten kann, hat noch ein Arbeitszimmer mit PC und\/oder ein Kinderzimmer eingerichtet. Vieles wird bei Ikea gekauft.<\/p>\n<p style=\"text-align: justify;\">F\u00fcr mich stellt sich die Frage \u2011\u00e4hnlich wie bei den Zust\u00e4nden des Kapitalismus\u2013&nbsp; ob es naturgegeben&nbsp; ist, seine Wohnung standardisiert einzurichten? Gibt es nicht doch hunderte M\u00f6glichkeiten seine Wohnung individuell zu gestalten und einzurichten? Kann man die Konformit\u00e4t der Wohnungseinrichtung als Metapher f\u00fcr die gesellschaftliche Anpassung deuten? Bel\u00fcgen bzw. verherrlichen wir uns selbst mit vermeintlichem individuellem Verhalten und sind dabei massenkonform? Wie kann man Gleichschaltung kritisieren, wenn wir t\u00e4glich in einer gleichgeschalteten Wohnung leben?<\/p>\n","protected":false},"excerpt":{"rendered":"<p>Das Thema der medialen Gleichschaltung in Deutschland habe ich hier schon \u00f6fters angesprochen. Wer sich wochenlang t\u00e4glich verschiedene Tageszeitungen kauft oder sich einfach die Schlagzeilen der Online-Ausgaben anschaut, bekommt schnell ein massenkonformes Denken um die Ohren geknallt. Wie immer ist \u2026 <a href=\"https:\/\/www.zeitgeistlos.de\/zgblog\/2010\/massenkonformes-wohnen\/\">Weiterlesen <span class=\"meta-nav\">\u2192<\/span><\/a><\/p>\n","protected":false},"author":4,"featured_media":0,"comment_status":"open","ping_status":"open","sticky":false,"template":"","format":"standard","meta":{"wp_typography_post_enhancements_disabled":false,"footnotes":""},"categories":[190],"tags":[674,673,675,77],"class_list":["post-5081","post","type-post","status-publish","format-standard","hentry","category-gedanken","tag-anpassung","tag-individualitat","tag-konformitat","tag-philosophisch"],"_links":{"self":[{"href":"https:\/\/www.zeitgeistlos.de\/zgblog\/wp-json\/wp\/v2\/posts\/5081","targetHints":{"allow":["GET"]}}],"collection":[{"href":"https:\/\/www.zeitgeistlos.de\/zgblog\/wp-json\/wp\/v2\/posts"}],"about":[{"href":"https:\/\/www.zeitgeistlos.de\/zgblog\/wp-json\/wp\/v2\/types\/post"}],"author":[{"embeddable":true,"href":"https:\/\/www.zeitgeistlos.de\/zgblog\/wp-json\/wp\/v2\/users\/4"}],"replies":[{"embeddable":true,"href":"https:\/\/www.zeitgeistlos.de\/zgblog\/wp-json\/wp\/v2\/comments?post=5081"}],"version-history":[{"count":12,"href":"https:\/\/www.zeitgeistlos.de\/zgblog\/wp-json\/wp\/v2\/posts\/5081\/revisions"}],"predecessor-version":[{"id":5560,"href":"https:\/\/www.zeitgeistlos.de\/zgblog\/wp-json\/wp\/v2\/posts\/5081\/revisions\/5560"}],"wp:attachment":[{"href":"https:\/\/www.zeitgeistlos.de\/zgblog\/wp-json\/wp\/v2\/media?parent=5081"}],"wp:term":[{"taxonomy":"category","embeddable":true,"href":"https:\/\/www.zeitgeistlos.de\/zgblog\/wp-json\/wp\/v2\/categories?post=5081"},{"taxonomy":"post_tag","embeddable":true,"href":"https:\/\/www.zeitgeistlos.de\/zgblog\/wp-json\/wp\/v2\/tags?post=5081"}],"curies":[{"name":"wp","href":"https:\/\/api.w.org\/{rel}","templated":true}]}}