{"id":49085,"date":"2025-05-03T07:23:01","date_gmt":"2025-05-03T05:23:01","guid":{"rendered":"http:\/\/www.zeitgeistlos.de\/zgblog\/?p=49085"},"modified":"2025-05-02T19:11:11","modified_gmt":"2025-05-02T17:11:11","slug":"unsere-demokratie-2","status":"publish","type":"post","link":"https:\/\/www.zeitgeistlos.de\/zgblog\/2025\/unsere-demokratie-2\/","title":{"rendered":"<span class=\"dquo\">\u00bb<\/span>Unsere Demokratie\u00ab (2)"},"content":{"rendered":"<p><img decoding=\"async\" class=\"aligncenter size-full wp-image-29802\" src=\"https:\/\/www.zeitgeistlos.de\/zgblog\/wp-content\/uploads\/demo_titel.jpg\" alt width=\"1000\" height=\"563\" srcset=\"https:\/\/www.zeitgeistlos.de\/zgblog\/wp-content\/uploads\/demo_titel.jpg 1000w, https:\/\/www.zeitgeistlos.de\/zgblog\/wp-content\/uploads\/demo_titel-450x253.jpg 450w, https:\/\/www.zeitgeistlos.de\/zgblog\/wp-content\/uploads\/demo_titel-150x84.jpg 150w, https:\/\/www.zeitgeistlos.de\/zgblog\/wp-content\/uploads\/demo_titel-768x432.jpg 768w, https:\/\/www.zeitgeistlos.de\/zgblog\/wp-content\/uploads\/demo_titel-500x282.jpg 500w\" sizes=\"(max-width: 1000px) 100vw, 1000px\"><\/p>\n<blockquote><p><strong>Grundgesetz f\u00fcr die Bundesrepublik Deutschland<\/strong><br>\n<a href=\"https:\/\/www.gesetze-im-internet.de\/gg\/art_5.html\" target=\"_blank\" rel=\"noopener noreferrer\">Artikel 5<\/a><\/p>\n<p><span class=\"dquo\">\u00bb<\/span>(1) Jeder hat das Recht, seine Meinung in Wort, Schrift und Bild frei zu \u00e4u\u00dfern und zu verbreiten und sich aus allgemein zug\u00e4nglichen Quellen ungehindert zu unterrichten. Die Pressefreiheit und die Freiheit der Berichterstattung durch Rundfunk und Film werden gew\u00e4hrleistet. Eine Zensur findet nicht statt.\u00ab<\/p><\/blockquote>\n<hr>\n<p>Wir erleben seit rund 5 Jahren, wie dieses Grundrecht \u00fcberall ausgeh\u00f6hlt und beschnitten wird. Angefangen bei Meinungs\u00e4u\u00dferungen, die zwar <a href=\"https:\/\/www.zeitgeistlos.de\/zgblog\/2024\/neusprech-unterhalb-der-strafbarkeitsgrenze\/\" target=\"_blank\" rel=\"noopener noreferrer\">\u00bbunterhalb der Strafbarkeitsgrenze\u00ab<\/a> liegen, aber dennoch kriminalisiert und verfolgt werden (sollen). Hinzu kommen Bestrebungen, die Meinungsfreiheit sowie die Meinungs- und Deutungshoheit im digitalen Raum politisch \u00bbeinzuhegen\u00ab.<!--more--><\/p>\n<hr>\n<p><em><strong><span class=\"dquo\">\u00bb<\/span>Man h\u00f6re auch die andere Seite!\u00ab<\/strong><\/em><br>\nDer Informationskrieg ist in vollem Gange. Sei es durch den \u00bbDigital Service Act\u00ab (DSA), durch die politischen Repressionen via <a href=\"https:\/\/dejure.org\/gesetze\/StGB\/188.html\" target=\"_blank\" rel=\"noopener noreferrer\">\u00a7 188 StGB<\/a>, durch Gesetze gegen \u00bbFake News\u00ab, \u00bbDesinformation\u00ab und \u00bbHassrede\u00ab (Wer hat wohl die Definitionsmacht \u00fcber diese Begriffe?), ausufernde <a href=\"https:\/\/www.zeitgeistlos.de\/zgblog\/2023\/meldestellen\/\" target=\"_blank\" rel=\"noopener noreferrer\">Meldestellen<\/a> oder auch durch die gezielten (Zensur\u2011, L\u00f6sch- und Reichweitenreduzier-)Algorithmen der gro\u00dfen Plattform-Betreiber. Kommentarspalten werden \u00fcberall abgeschaltet, moderiert oder zensiert. <a href=\"https:\/\/www.zeitgeistlos.de\/zgblog\/2025\/gleichschaltungsleugner-10\/\" target=\"_blank\" rel=\"noopener noreferrer\">Bibliotheken<\/a> stellen keine B\u00fccher mehr ein, die nicht in das Tagesschau-Weltbild passen (selbst wenn sie Bestseller sind!). Und so weiter und so fort.<\/p>\n<p>Das die Altmedien diese staatlich-privatisierten Herrschaftsmethoden, zur Stabilisierung von Regierungserz\u00e4hlungen, weiter als eine <a href=\"https:\/\/www.tagesschau.de\/inland\/gesellschaft\/internet-zensur-100.html\" target=\"_blank\" rel=\"noopener noreferrer\"><em>\u00bbVerschw\u00f6rungserz\u00e4hlung von Rechtspopulisten\u00ab<\/em><\/a> framen, ist ein absurder Abwehrkampf des Offensichtlichen. Selbst Facebook-Chef Mark Zuckerberg hat unl\u00e4ngst zugegeben, dass es eine <a href=\"https:\/\/tkp.at\/2023\/06\/10\/zuckerberg-gibt-zu-zensierte-covid-infos-waren-wahr\/\" target=\"_blank\" rel=\"noopener noreferrer\">angeordnete Zensur<\/a> bei C gab, um die Meinungs- und Deutungshoheit aufrecht zu erhalten. Hier wurden keine \u00bbFake News\u00ab, sondern Fakten unterdr\u00fcckt, die nicht zur C\u2011Erz\u00e4hlung gepasst haben.<\/p>\n<p><em><span class=\"dquo\">\u00bb<\/span>Hass ist keine Meinung!\u00ab<\/em> h\u00f6re ich sie schon br\u00fcllen. Ja, aber ein Gef\u00fchl. Wollt Ihr in Zukunft auch Gef\u00fchle verbieten und den Menschen vorschreiben, welche Emotionen sie haben d\u00fcrfen und welche nicht?<\/p>\n<hr>\n<p><em><strong><span class=\"dquo\">\u00bb<\/span>Freiheit ist immer die Freiheit der Andersdenkenden\u00ab<\/strong><\/em><br>\nIm Rahmen von \u00bbDemokratief\u00f6rderprojekten\u00ab werden eben nicht die Vielfalt und der Pluralismus der Meinungen und Analysen gef\u00f6rdert, sondern Andersdenkende gezielt bek\u00e4mpft (Liberale Moderne, Amadeu Antonio Stiftung, Correctiv, Volksverpetzer etc.). Ehemals basisdemokratische Institutionen und Organisationen schreien heute regelrecht nach <a href=\"https:\/\/digitalegesellschaft.de\/2025\/03\/offener-brief-demokratie-schuetzen-gemeinwohl-foerdern\/\" target=\"_blank\" rel=\"noopener noreferrer\">\u00bbKontrolle und Regulierung im digitalen Raum\u00ab<\/a>. Hinzu kommen Methoden der Kontaktschuld und der Cancel-Culture.<\/p>\n<p>Im aktuellen <a href=\"https:\/\/berliner-zeitung.de\/blz-public\/files\/2025\/04\/09\/19fd753d-6567-4354-93a9-65ddf2302f62.pdf\" target=\"_blank\" rel=\"noopener\">Koalitionsvertrag<\/a> steht:<\/p>\n<blockquote><p><span class=\"dquo\">\u00bb<\/span>Im Rahmen der Resilienzst\u00e4rkung unserer Demokratie regeln wir den <strong>Entzug des passiven Wahlrechts bei mehrfacher Verurteilung wegen Volksverhetzung<\/strong>.\u00ab (Seite 92)<\/p>\n<p><span class=\"dquo\">\u00bb<\/span>Die bewusste Verbreitung falscher Tatsachenbehauptungen ist durch die Meinungsfreiheit nicht gedeckt. [...] <strong>Der Digital Services Act muss stringent umgesetzt<\/strong> und weiterentwickelt werden.\u00ab (S. 125)<\/p><\/blockquote>\n<p>Kommt bald das Wahrheitsministerium samt angeschlossener \u00bbNGO\u2019s\u00ab und \u00bbFaktencheckern\u00ab? Oder wer soll sonst bestimmen, was \u00bbWahrheit\u00ab sei und was nicht? <em>\u00bbDie Wissenschaft\u00ab<\/em>?<\/p>\n<p>Bewusst schwammig gehaltene Begriffe wie \u00bbVolksverhetzung\u00ab, \u00bbDesinformation\u00ab, \u00bbHass\u00ab, \u00bbHetze\u00ab und \u00bbFake News\u00ab sollen also weiter genutzt werden, um Machtkritik und unliebsame Meinungen zu unterdr\u00fccken und zu kriminalisieren. Denn wenn sie wirklich \u00bbL\u00fcgen\u00ab verbieten wollen, warum fangen sie dann nicht bei der Werbung, PR, Marketing, der BILD oder den diversen Wahlversprechen an?<\/p>\n<p><a href=\"https:\/\/de.wikipedia.org\/wiki\/Claas_Relotius\" target=\"_blank\" rel=\"noopener\">Kleine Anekdote<\/a> zum Thema:<\/p>\n<blockquote><p><span class=\"dquo\">\u00bb<\/span>Anfang 2023 berichteten einige Fach- und Publikumsmedien, dass <strong>Relotius f\u00fcr die Werbeagentur Jung von Matt t\u00e4tig<\/strong> sei.\u00ab<\/p><\/blockquote>\n<hr>\n<p><strong>Fazit<\/strong><br>\nAll das ist bei unseren Altmedien \u00fcberhaupt kein Thema. Null. Nada. Niente. Stattdessen br\u00fcllen sie st\u00e4ndig mit Schaum vor dem Mund <em>\u00bbHaltet den Dieb!\u00ab<\/em> und zeigen mit dem Finger auf die AfD. Man rettet <em>\u00bbdie Demokratie\u00ab<\/em> immer noch nicht, in dem man die Opposition verbieten und autorit\u00e4re sowie autokratische Methoden anwenden und etablieren will. Ganz im Gegenteil: man schafft sie damit ab! Wenn Ihr die AfD bek\u00e4mpfen wollt, dann macht den W\u00e4hlern gef\u00e4lligst ein besseres Angebot.<\/p>\n<p>Die AfD ist \u00fcbrigens immer noch nicht an der Macht. Damit ist sie <em>eben nicht<\/em> verantwortlich f\u00fcr all die politischen Aff\u00e4ren, L\u00fcgen und Skandale der letzten 5 Jahre! Auch wenn ich mir sicher bin, dass auch eine AfD, sobald sie an der Macht w\u00e4re, in transatlantische, digital-finanziell-milit\u00e4rische Machtstrukturen <em>eingehegt und eingebettet<\/em> werden wird. Von Sozialabbau und Militarisierung ganz zu schweigen.<\/p>\n<p>Sind das diese <em>\u00bbdemokratischen Parteien\u00ab<\/em> von denen immer alle reden? Soll das <em>\u00bbunsere Demokratie\u00ab<\/em> sein?<\/p>\n<hr>\n<p>Interessanter Kommentar zur aktuellen Einstufung der AfD als <em>\u00bbgesichert rechtsextrem\u00ab<\/em>:<\/p>\n<p><iframe title=\"YouTube video player\" src=\"https:\/\/www.youtube.com\/embed\/Ycb3gnDd900?si=tRFUHO6iVjFObV2-\" width=\"500\" height=\"450\" frameborder=\"0\" allowfullscreen=\"allowfullscreen\"><\/iframe><\/p>\n<hr>\n<p><a href=\"https:\/\/www.zeitgeistlos.de\/zgblog\/2025\/unsere-demokratie-1\/\" target=\"_blank\" rel=\"noopener noreferrer\"><span class=\"dquo\">\u00bb<\/span>Unsere Demokratie\u00ab (1)<\/a><\/p>\n","protected":false},"excerpt":{"rendered":"<p>Grundgesetz f\u00fcr die Bundesrepublik Deutschland Artikel 5 \u00bb(1) Jeder hat das Recht, seine Meinung in Wort, Schrift und Bild frei zu \u00e4u\u00dfern und zu verbreiten und sich aus allgemein zug\u00e4nglichen Quellen ungehindert zu unterrichten. Die Pressefreiheit und die Freiheit der \u2026 <a href=\"https:\/\/www.zeitgeistlos.de\/zgblog\/2025\/unsere-demokratie-2\/\">Weiterlesen <span class=\"meta-nav\">\u2192<\/span><\/a><\/p>\n","protected":false},"author":4,"featured_media":16056,"comment_status":"open","ping_status":"open","sticky":false,"template":"","format":"standard","meta":{"wp_typography_post_enhancements_disabled":false,"footnotes":""},"categories":[4],"tags":[321,227,2209,1317,527,184,34,1747,231,901,385],"class_list":["post-49085","post","type-post","status-publish","format-standard","has-post-thumbnail","hentry","category-politik","tag-bundesregierung","tag-demokratie","tag-digitale-ueberwachung","tag-kontrolle","tag-meinungsfreiheit","tag-parteien","tag-propaganda","tag-regierung","tag-wahlen","tag-wahrheit","tag-zensur"],"_links":{"self":[{"href":"https:\/\/www.zeitgeistlos.de\/zgblog\/wp-json\/wp\/v2\/posts\/49085","targetHints":{"allow":["GET"]}}],"collection":[{"href":"https:\/\/www.zeitgeistlos.de\/zgblog\/wp-json\/wp\/v2\/posts"}],"about":[{"href":"https:\/\/www.zeitgeistlos.de\/zgblog\/wp-json\/wp\/v2\/types\/post"}],"author":[{"embeddable":true,"href":"https:\/\/www.zeitgeistlos.de\/zgblog\/wp-json\/wp\/v2\/users\/4"}],"replies":[{"embeddable":true,"href":"https:\/\/www.zeitgeistlos.de\/zgblog\/wp-json\/wp\/v2\/comments?post=49085"}],"version-history":[{"count":48,"href":"https:\/\/www.zeitgeistlos.de\/zgblog\/wp-json\/wp\/v2\/posts\/49085\/revisions"}],"predecessor-version":[{"id":49794,"href":"https:\/\/www.zeitgeistlos.de\/zgblog\/wp-json\/wp\/v2\/posts\/49085\/revisions\/49794"}],"wp:featuredmedia":[{"embeddable":true,"href":"https:\/\/www.zeitgeistlos.de\/zgblog\/wp-json\/wp\/v2\/media\/16056"}],"wp:attachment":[{"href":"https:\/\/www.zeitgeistlos.de\/zgblog\/wp-json\/wp\/v2\/media?parent=49085"}],"wp:term":[{"taxonomy":"category","embeddable":true,"href":"https:\/\/www.zeitgeistlos.de\/zgblog\/wp-json\/wp\/v2\/categories?post=49085"},{"taxonomy":"post_tag","embeddable":true,"href":"https:\/\/www.zeitgeistlos.de\/zgblog\/wp-json\/wp\/v2\/tags?post=49085"}],"curies":[{"name":"wp","href":"https:\/\/api.w.org\/{rel}","templated":true}]}}