{"id":48848,"date":"2025-02-17T00:34:20","date_gmt":"2025-02-16T23:34:20","guid":{"rendered":"http:\/\/www.zeitgeistlos.de\/zgblog\/?p=48848"},"modified":"2025-02-17T09:16:58","modified_gmt":"2025-02-17T08:16:58","slug":"demokratieverstaendnis-3","status":"publish","type":"post","link":"https:\/\/www.zeitgeistlos.de\/zgblog\/2025\/demokratieverstaendnis-3\/","title":{"rendered":"Demokratieverst\u00e4ndnis (3)"},"content":{"rendered":"<p><iframe title=\"YouTube video player\" src=\"https:\/\/www.youtube.com\/embed\/O_EXXhvbVyo?si=a3OPkXxlGRS6UXO_\" width=\"550\" height=\"350\" frameborder=\"0\" allowfullscreen=\"allowfullscreen\"><\/iframe><\/p>\n<blockquote><p><strong><span class=\"dquo\">\u00bb<\/span>Niemand wird ausgeschlossen. In unserer Demokratie hat jeder eine Stimme.\u00ab<\/strong><\/p>\n<p>- <a href=\"https:\/\/www.youtube.com\/watch?v=O_EXXhvbVyo\" target=\"_blank\" rel=\"noopener noreferrer\">Boris Pistorius<\/a> (SPD) am 14. Februar 2025 nach der <a href=\"https:\/\/fassadenkratzer.de\/2025\/02\/16\/demokratie-watschen-in-muenchen-die-ganze-rede-von-us-vize-vance\/\" target=\"_blank\" rel=\"noopener noreferrer\">Rede von US-Vizepr\u00e4sident JD Vance<\/a><!--more--><\/p><\/blockquote>\n<hr>\n<ul>\n<li><a href=\"https:\/\/www.nachdenkseiten.de\/?p=122750\" target=\"_blank\" rel=\"noopener noreferrer\"><span class=\"dquo\">\u00bb<\/span>Trusted Flagger\u00ab<\/a>.<\/li>\n<li>Digital Service Act (DSA).<\/li>\n<li>RT Deutsch wird verboten.<\/li>\n<li>Telepolis l\u00f6scht das eigene Archiv.<\/li>\n<li><a href=\"https:\/\/www.multipolar-magazin.de\/artikel\/de-banking\" target=\"_blank\" rel=\"noopener noreferrer\">Bankkonto-K\u00fcndigungen<\/a> von Kritikern.<\/li>\n<li>Beweislastumkehr in staatlichen Beh\u00f6rden.<\/li>\n<li>Weiterhin <a href=\"https:\/\/www.multipolar-magazin.de\/artikel\/ungeimpft-ins-gefaengnis\" target=\"_blank\" rel=\"noopener noreferrer\">ungeimpfte Soldaten<\/a> im Gef\u00e4ngnis.<\/li>\n<li>Kontaktschuld. Ad Hominem. Gaslighting. Nudging.<\/li>\n<li><a href=\"https:\/\/cancelculture.de\/\" target=\"_blank\" rel=\"noopener noreferrer\">Cancel-Culture<\/a> gegen\u00fcber Andersdenkenden.<\/li>\n<li>Keinerlei Verantwortungsbewusstsein gegen\u00fcber<a href=\"https:\/\/blog.fdik.org\/2025-02\/s1739575787\" target=\"_blank\" rel=\"noopener noreferrer\"> Impfgesch\u00e4digten<\/a>.<\/li>\n<li>Hundertfache <a href=\"https:\/\/www.zeitgeistlos.de\/zgblog\/2021\/repression\/\" target=\"_blank\" rel=\"noopener noreferrer\">politische Einsch\u00fcchterungen<\/a> (\u00bbSchwachkopf-Aff\u00e4re\u00ab sowie Hunderte weitere Klagen von Baerbock, Habeck und Strack-Zimmermann).<\/li>\n<li>YouTube- und <a href=\"https:\/\/www.nordkurier.de\/politik\/im-wortlaut-das-hat-mark-zuckerberg-zum-thema-zensur-gesagt-3220535\" target=\"_blank\" rel=\"noopener noreferrer\">Facebook-Zensur<\/a> bzw. De-Monetarisierung und entsprechende \u00bbAlgorithmen\u00ab.<\/li>\n<li>Die AfD wird \u00fcberall ausgegrenzt (\u00bbBrandmauer\u00ab) und soll verboten werden.<\/li>\n<li><span class=\"dquo\">\u00bb<\/span>Faktenchecker\u00ab und \u00bbWahrheitsministerien\u00ab.<\/li>\n<li>Die <a href=\"https:\/\/apolut.net\/zensurbehorde-will-blogger-einschuchtern-von-norbert-haring\/\" target=\"_blank\" rel=\"noopener noreferrer\">Landesmedienanstalten<\/a> gehen gegen freie Medien vor.<\/li>\n<li>Wahlen in Th\u00fcringen und Rum\u00e4nien werden annulliert, weil das Ergebnis politisch nicht passt.<\/li>\n<li>Haltungsjournalismus und Gesinnungsjustiz.<\/li>\n<li>Immer mehr <a href=\"https:\/\/www.zeitgeistlos.de\/zgblog\/2023\/meldestellen\/\" target=\"_blank\" rel=\"noopener noreferrer\">\u00bbMeldestellen\u00ab<\/a>.<\/li>\n<li>Gesetze gegen \u00bbHass-Kriminalit\u00e4t\u00ab und \u00bbHass-Sprache\u00ab.<\/li>\n<li>Politische Verfolgung von Regierungskritikern durch die <em>\u00bbverfassungsschutzrelevante Delegitimierung des Staates\u00ab<\/em>.<\/li>\n<li><a href=\"https:\/\/www.nachdenkseiten.de\/?p=115823\" target=\"_blank\" rel=\"noopener noreferrer\">LibMod<\/a> (\u00bbGegneranalyse\u00ab).<\/li>\n<li>Kritische Akademiker und Professoren werden politisch verfolgt (Ulrike Guerot, Michael Meyen, Gabriele Krone-Schmalz, Patrick Baab etc.).<\/li>\n<li>Keinerlei Willen zur Aufarbeitung der C\u2011Ma\u00dfnahmen, die millionenfaches Elend verursacht haben.<\/li>\n<li><a href=\"https:\/\/www.gesetze-im-internet.de\/stgb\/__188.html\" target=\"_blank\" rel=\"noopener noreferrer\">\u00a7 188, Strafgesetzbuch (StGB)<\/a>: \u00bbGegen Personen des politischen Lebens gerichtete Beleidigung, \u00fcble Nachrede und Verleumdung\u00ab.<\/li>\n<li>Komplette Ignoranz des W\u00e4hlerwillens (\u00bbMigrationsbegrenzung\u00ab).<\/li>\n<li>Seit Jahren anhaltende Diffamierungen und Abwertungen gegen\u00fcber Andersdenkenden, bei allen gro\u00dfen Themen.<\/li>\n<li>Selbstzensur in Redaktionen, Schulen, Universit\u00e4ten und <a href=\"https:\/\/www.zeitgeistlos.de\/zgblog\/2025\/gleichschaltungsleugner-10\/\" target=\"_blank\" rel=\"noopener noreferrer\">Bibliotheken<\/a>, aus Angst vor Repressionen.<\/li>\n<li>Keinerlei Unrechtsbewusstsein beim schrittweisen Abbau des Rechtsstaates.<\/li>\n<li>V\u00f6llig unverh\u00e4ltnism\u00e4\u00dfige politische Verfolgung von bekannten C\u2011Ma\u00dfnahmen-Kritikern (<a href=\"https:\/\/querdenken-711.de\/gerichtsprozess-michael-ballweg\/\" target=\"_blank\" rel=\"noopener noreferrer\">Ballweg<\/a>, Fuellmich, Brandenburg etc.).<\/li>\n<li>Komplette Realit\u00e4tsverweigerung der etablierten Parteien und Medien.<\/li>\n<\/ul>\n<p>Und. Und. Und.<\/p>\n<hr>\n<p><strong>Kommentar<\/strong><br>\nGlauben die inzwischen wirklich, dass wir in der <em>\u00bbbesten Demokratie aller Zeiten\u00ab<\/em> leben w\u00fcrden? Wer erz\u00e4hlt Herrn Pistorius was au\u00dferhalb seiner Realit\u00e4tsblase wirklich in Deutschland abgeht?<\/p>\n<p>Seit rund 5 Jahren dokumentieren und protokollieren Kritiker <a href=\"https:\/\/www.zeitgeistlos.de\/zgblog\/2021\/repression\/\" target=\"_blank\" rel=\"noopener noreferrer\">die Repressionen in Deutschland<\/a>. Und die tun ernsthaft so, als w\u00e4re das alles AfD-Sprech, russische Propaganda oder \u00bbFake News\u00ab?<\/p>\n<p>Ist die deutsche mediale und politische \u00bbElite\u00ab vielleicht auch deshalb in so heller Aufregung, weil US-Vizepr\u00e4sident JD Vance eine Stimme ist, die sie nicht so leicht weg-canceln, weg-diffamieren oder weg-schweigen k\u00f6nnen?<\/p>\n<hr>\n<p><strong>Weitere Kommentare, Meinungen und Analysen zur Rede von JD Vance sowie zu der hysterischen Reaktion von deutschen Politikern:<\/strong><\/p>\n<blockquote><p><span class=\"dquo\">\u00bb<\/span>Pistorius hat sich bei seiner Rede mal wieder nicht entbl\u00f6det, uns @NachDenkSeiten in einer nicht so subtilen Anspielung, als \u201e russische Propaganda\u201d zu bezeichnen &amp; und unsere erst auf dem Klageweg durchgesetzte Teilnahme an der BPK, als Beleg f\u00fcr die demokratische Verfasstheit der Bundesregierung darzustellen.\u00ab<\/p>\n<p>-<a href=\"https:\/\/x.com\/FWarweg\/status\/1890480049716904254\" target=\"_blank\" rel=\"noopener noreferrer\"> Florian Warweg<\/a>, Journalist, Nachdenkseiten<\/p><\/blockquote>\n<hr>\n<blockquote><p><span class=\"dquo\">\u00bb<\/span>Wenn wir in Berlin und Br\u00fcssel unbequeme Wortmeldungen zuerst als Fake News definieren und dann gesetzlich verbieten, geh\u00f6rt das zu unserem Verst\u00e4ndnis von freier Meinungs\u00e4u\u00dferung.\u00ab<\/p>\n<p>- <a href=\"https:\/\/tkp.at\/2025\/02\/16\/guter-freund-schlechter-freund-olaf-scholz-und-die-deutsche-us-politik\/\" target=\"_blank\" rel=\"noopener noreferrer\">Hannes Hofbauer<\/a>, Publizist<\/p><\/blockquote>\n<hr>\n<p><img decoding=\"async\" class=\"aligncenter size-full wp-image-48870\" src=\"https:\/\/www.zeitgeistlos.de\/zgblog\/wp-content\/uploads\/peter-1.jpg\" alt width=\"593\" height=\"207\" srcset=\"https:\/\/www.zeitgeistlos.de\/zgblog\/wp-content\/uploads\/peter-1.jpg 593w, https:\/\/www.zeitgeistlos.de\/zgblog\/wp-content\/uploads\/peter-1-450x157.jpg 450w, https:\/\/www.zeitgeistlos.de\/zgblog\/wp-content\/uploads\/peter-1-150x52.jpg 150w, https:\/\/www.zeitgeistlos.de\/zgblog\/wp-content\/uploads\/peter-1-500x175.jpg 500w\" sizes=\"(max-width: 593px) 100vw, 593px\"><\/p>\n<hr>\n<blockquote><p><span class=\"dquo\">\u00bb<\/span>Diese Rede ist bester Liberalismus im klassischen Sinn: es ging um Meinungsfreiheit, Redefreiheit, Demokratie und Pluralismus, Steuerung von Migration, Wettbewerbsf\u00e4higkeit \u2014 und vor allem: um Zuversicht in die Zukunft.\u00ab<\/p>\n<p>- <a href=\"https:\/\/x.com\/chluetge\/status\/1890732642959606247\" target=\"_blank\" rel=\"noopener noreferrer\">Christoph L\u00fctge<\/a>, Philosoph und Wirtschaftsinformatiker, ehemaliges Mitglied im Bayerischen Ethikrat<\/p><\/blockquote>\n<hr>\n<blockquote><p><span class=\"dquo\">\u00bb<\/span>Unsere Demokraten in Berlin und Br\u00fcssel tun weiterhin so, als h\u00e4tten sie keine leise Ahnung wovon Vance gesprochen hat und br\u00fcllen alles und jeden nieder, der nur andeutet, dass ja, ganz vielleicht, nur ein kleines bisschen was dran sein k\u00f6nnte.\u00ab<\/p>\n<p>- <a href=\"https:\/\/x.com\/rosenbusch_\/status\/1890737588941574193\" target=\"_blank\" rel=\"noopener noreferrer\">Henning Rosenbusch<\/a>, Journalist<\/p><\/blockquote>\n<hr>\n<blockquote><p><span class=\"dquo\">\u00bb<\/span>Unter dem Vorwand der Bek\u00e4mpfung von \u201eFakenews\u201c und \u201eHass und Hetze\u201c gibt es bei uns Tendenzen, das Spektrum des legal und\/oder legitim Sagbaren immer weiter einzuschr\u00e4nken. Und das gef\u00e4hrdet in der Tat unsere freiheitliche Demokratie.\u00ab<\/p>\n<p>- <a href=\"https:\/\/x.com\/schroeder_k\/status\/1890752244766683386\" target=\"_blank\" rel=\"noopener noreferrer\">Kristina Schr\u00f6der<\/a>,&nbsp; Autorin, ehemalige Bundestagsabgeordntete (CDU)<\/p><\/blockquote>\n<hr>\n<p><img decoding=\"async\" class=\"aligncenter size-full wp-image-48884\" src=\"https:\/\/www.zeitgeistlos.de\/zgblog\/wp-content\/uploads\/wolff.jpg\" alt width=\"597\" height=\"588\" srcset=\"https:\/\/www.zeitgeistlos.de\/zgblog\/wp-content\/uploads\/wolff.jpg 597w, https:\/\/www.zeitgeistlos.de\/zgblog\/wp-content\/uploads\/wolff-406x400.jpg 406w, https:\/\/www.zeitgeistlos.de\/zgblog\/wp-content\/uploads\/wolff-150x148.jpg 150w, https:\/\/www.zeitgeistlos.de\/zgblog\/wp-content\/uploads\/wolff-305x300.jpg 305w\" sizes=\"(max-width: 597px) 100vw, 597px\"><\/p>\n<hr>\n<blockquote><p><span class=\"dquo\">\u00bb<\/span>@Bundeskanzler: Sie sind kein Demokrat, sondern ein demokratieuntauglicher Autokrat, wenn Sie sich anma\u00dfen, einem B\u00fcrger ein Etikett \u2014 \u00bbextreme Rechte\u00ab oder \u00bbUngeimpfte\u00ab \u2014 zu verpassen und aufgrund Ihres eigenen Willk\u00fcrurteils diesen B\u00fcrger von demokratischer Teilhabe auszuschlie\u00dfen.\u00ab<\/p>\n<p>- <a href=\"https:\/\/x.com\/GGLuthe\/status\/1890768279599292922\" target=\"_blank\" rel=\"noopener noreferrer\">Marcel Luthe<\/a>, Vorsitzender der Good Governance Gewerkschaft, Abgeordneter 2016 \u2014 2021<\/p><\/blockquote>\n<hr>\n<blockquote><p><span class=\"dquo\">\u00bb<\/span>Er spricht dabei Millionen mundtoten Menschen aus der Seele, die keine linke Verbotspolitik mehr wollen, weil Rot-Gr\u00fcn (und damit ist auch Frau Merkel gemeint) diesem Land zutiefst geschadet hat.\u00ab<\/p>\n<p>- <a href=\"https:\/\/www.berliner-zeitung.de\/open-source\/sicherheitskonferenz-muenchen-warum-ich-die-rede-von-jd-vance-unterstuetzte-li.2295368\" target=\"_blank\" rel=\"noopener noreferrer\">Johanna Freymann<\/a>, Berliner Zeitung<\/p><\/blockquote>\n<hr>\n<blockquote><p><span class=\"dquo\">\u00bb<\/span>Die ganze Rede von Vance war eine ausgesprochen schallende Ohrfeige f\u00fcr die EU-Kommission und f\u00fcr Regierungen der europ\u00e4ischen L\u00e4nder.\u00ab<\/p>\n<p>- <a href=\"https:\/\/anti-spiegel.ru\/2025\/us-vizepraesident-vance-kritisiert-heftig-die-eu-wegen-zensur-und-unterdrueckung\/\" target=\"_blank\" rel=\"noopener noreferrer\">Thomas R\u00f6per<\/a>, anti-spiegel.ru<\/p><\/blockquote>\n<hr>\n<p><img decoding=\"async\" class=\"aligncenter size-full wp-image-48875\" src=\"https:\/\/www.zeitgeistlos.de\/zgblog\/wp-content\/uploads\/milena-1.jpg\" alt width=\"584\" height=\"174\" srcset=\"https:\/\/www.zeitgeistlos.de\/zgblog\/wp-content\/uploads\/milena-1.jpg 584w, https:\/\/www.zeitgeistlos.de\/zgblog\/wp-content\/uploads\/milena-1-450x134.jpg 450w, https:\/\/www.zeitgeistlos.de\/zgblog\/wp-content\/uploads\/milena-1-150x45.jpg 150w, https:\/\/www.zeitgeistlos.de\/zgblog\/wp-content\/uploads\/milena-1-500x149.jpg 500w\" sizes=\"(max-width: 584px) 100vw, 584px\"><\/p>\n<hr>\n<blockquote><p><span class=\"dquo\">\u00bb<\/span>@Pistorius: \u00bbDer American Dream hat mich schon fr\u00fch faziniert und gepr\u00e4gt.\u00ab \u2014 mag ja sein. Aber verstanden hat er ihn wohl nicht. Denn der American Dream hat sehr viel mit Freiheit zu tun. Und in der Coronazeit..., ach, lassen wir das.\u00ab<\/p>\n<p>- <a href=\"https:\/\/x.com\/KlocknerMarcus\/status\/1890519835412467991\" target=\"_blank\" rel=\"noopener noreferrer\">Marcus Kl\u00f6ckner<\/a>, Journalist, Autor, Medienkritiker<\/p><\/blockquote>\n<hr>\n<blockquote><p><span class=\"dquo\">\u00bb<\/span>Sie m\u00f6gen es nicht, wenn Sie an das erinnert werden, was sie tun. [...] Und am allerwenigsten m\u00f6gen sie es, wenn man ihnen sagt, dass das, was sie als \u201eunsere Demokratie\u201c bezeichnen, l\u00e4ngst keine Demokratie mehr ist.\u00ab<\/p>\n<p>- <a href=\"https:\/\/sciencefiles.org\/2025\/02\/15\/reine-demokratische-entruestung\/\" target=\"_blank\" rel=\"noopener noreferrer\">Michael Klein<\/a>, sciencefiles.org<\/p><\/blockquote>\n<hr>\n<blockquote><p><span class=\"dquo\">\u00bb<\/span>Dass sie kognitiv nicht in der Lage sind, \u00fcberhaupt zu verstehen, was er damit meint, weil ihnen die letzen Jahre in Deutschland keine autorit\u00e4ren Tendenzen aufgefallen sind, und sie ihre eigenen Taten verdr\u00e4ngen, ist nunmehr gruselig.\u00ab<\/p>\n<p>- <a href=\"https:\/\/x.com\/aya_velazquez\/status\/1890683419115270263\" target=\"_blank\" rel=\"noopener noreferrer\">Aya Vel\u00e1zquez<\/a>, investigative Journalistin (RKI-Files)<\/p><\/blockquote>\n<hr>\n<p><iframe title=\"YouTube video player\" src=\"https:\/\/www.youtube.com\/embed\/lgOAarlLu_s?si=LHwWUAdtbV7tXImo\" width=\"550\" height=\"350\" frameborder=\"0\" allowfullscreen=\"allowfullscreen\"><\/iframe><\/p>\n<hr>\n<blockquote><p><span class=\"dquo\">\u00bb<\/span>Besonders gemein waren seine Freundlichkeit und sein konzillianter Ton, seine freie Rede und seine angenehme K\u00f6rpersprache (gemeint ist JD Vance). Also alles das, was unseren Spitzenapparatschiks abgeht, wie einem Salzwasser-Krokodil gepflegte Tischsitten.\u00ab<\/p>\n<p>- <a href=\"https:\/\/www.achgut.com\/artikel\/der_sonntagsfahrer_16_02_2025_die_unschuldigen_vom_dienst_\" target=\"_blank\" rel=\"noopener noreferrer\">Dirk Maxeiner<\/a>, ehemaliger Redakteur beim \u00bbStern\u00ab<\/p><\/blockquote>\n<hr>\n<blockquote><p><span class=\"dquo\">\u00bb<\/span>Vance hat nichts anderes gemacht, als diese Selbstverst\u00e4ndlichkeit, dass in Demokratien das Mehrheits- und nicht das Minderheitsprinzip gilt, einmal mit dem Holzhammer zu kommunizieren.\u00ab<\/p>\n<p>- <a href=\"https:\/\/www.focus.de\/politik\/kommentar-von-veit-etzold-ihr-seid-keine-echte-demokratie-jd-vance-holt-zum-rundumschlag-gegen-deutschland-aus_id_260725119.html\" target=\"_blank\" rel=\"noopener noreferrer\">Veit Etzold<\/a>, CEO-Coach<\/p><\/blockquote>\n<hr>\n<p><a href=\"https:\/\/www.zeitgeistlos.de\/zgblog\/2019\/demokratieverstaendnis\/\" target=\"_blank\" rel=\"noopener noreferrer\">Demokratieverst\u00e4ndnis (1)<\/a><br>\n<a href=\"https:\/\/www.zeitgeistlos.de\/zgblog\/2024\/demokratieverstaendnis_2\/\" target=\"_blank\" rel=\"noopener noreferrer\">Demokratieverst\u00e4ndnis (2)<\/a><\/p>\n","protected":false},"excerpt":{"rendered":"<p><span class=\"dquo\">\u00bb<\/span>Niemand wird ausgeschlossen. In unserer Demokratie hat jeder eine Stimme.\u00ab \u2014 Boris Pistorius (SPD) am 14. Februar 2025 nach der Rede von US-Vizepr\u00e4sident JD Vance<\/p>\n","protected":false},"author":4,"featured_media":16056,"comment_status":"open","ping_status":"open","sticky":false,"template":"","format":"standard","meta":{"wp_typography_post_enhancements_disabled":false,"footnotes":""},"categories":[4],"tags":[1696,281,2354,227,527,2064,348,231],"class_list":["post-48848","post","type-post","status-publish","format-standard","has-post-thumbnail","hentry","category-politik","tag-bevoelkerung","tag-bundestagswahlen","tag-cancel-culture","tag-demokratie","tag-meinungsfreiheit","tag-repression","tag-usa","tag-wahlen"],"_links":{"self":[{"href":"https:\/\/www.zeitgeistlos.de\/zgblog\/wp-json\/wp\/v2\/posts\/48848","targetHints":{"allow":["GET"]}}],"collection":[{"href":"https:\/\/www.zeitgeistlos.de\/zgblog\/wp-json\/wp\/v2\/posts"}],"about":[{"href":"https:\/\/www.zeitgeistlos.de\/zgblog\/wp-json\/wp\/v2\/types\/post"}],"author":[{"embeddable":true,"href":"https:\/\/www.zeitgeistlos.de\/zgblog\/wp-json\/wp\/v2\/users\/4"}],"replies":[{"embeddable":true,"href":"https:\/\/www.zeitgeistlos.de\/zgblog\/wp-json\/wp\/v2\/comments?post=48848"}],"version-history":[{"count":51,"href":"https:\/\/www.zeitgeistlos.de\/zgblog\/wp-json\/wp\/v2\/posts\/48848\/revisions"}],"predecessor-version":[{"id":48906,"href":"https:\/\/www.zeitgeistlos.de\/zgblog\/wp-json\/wp\/v2\/posts\/48848\/revisions\/48906"}],"wp:featuredmedia":[{"embeddable":true,"href":"https:\/\/www.zeitgeistlos.de\/zgblog\/wp-json\/wp\/v2\/media\/16056"}],"wp:attachment":[{"href":"https:\/\/www.zeitgeistlos.de\/zgblog\/wp-json\/wp\/v2\/media?parent=48848"}],"wp:term":[{"taxonomy":"category","embeddable":true,"href":"https:\/\/www.zeitgeistlos.de\/zgblog\/wp-json\/wp\/v2\/categories?post=48848"},{"taxonomy":"post_tag","embeddable":true,"href":"https:\/\/www.zeitgeistlos.de\/zgblog\/wp-json\/wp\/v2\/tags?post=48848"}],"curies":[{"name":"wp","href":"https:\/\/api.w.org\/{rel}","templated":true}]}}