{"id":48393,"date":"2025-02-02T22:05:55","date_gmt":"2025-02-02T21:05:55","guid":{"rendered":"http:\/\/www.zeitgeistlos.de\/zgblog\/?p=48393"},"modified":"2025-02-02T22:06:29","modified_gmt":"2025-02-02T21:06:29","slug":"der-autoritaere-geist-5","status":"publish","type":"post","link":"https:\/\/www.zeitgeistlos.de\/zgblog\/2025\/der-autoritaere-geist-5\/","title":{"rendered":"Der autorit\u00e4re Geist (5)"},"content":{"rendered":"<div id=\"attachment_48502\" style=\"width: 1010px\" class=\"wp-caption aligncenter\"><img decoding=\"async\" aria-describedby=\"caption-attachment-48502\" class=\"wp-image-48502 size-full\" src=\"https:\/\/www.zeitgeistlos.de\/zgblog\/wp-content\/uploads\/03-3.jpg\" alt width=\"1000\" height=\"790\" srcset=\"https:\/\/www.zeitgeistlos.de\/zgblog\/wp-content\/uploads\/03-3.jpg 1000w, https:\/\/www.zeitgeistlos.de\/zgblog\/wp-content\/uploads\/03-3-450x356.jpg 450w, https:\/\/www.zeitgeistlos.de\/zgblog\/wp-content\/uploads\/03-3-150x119.jpg 150w, https:\/\/www.zeitgeistlos.de\/zgblog\/wp-content\/uploads\/03-3-768x607.jpg 768w, https:\/\/www.zeitgeistlos.de\/zgblog\/wp-content\/uploads\/03-3-380x300.jpg 380w\" sizes=\"(max-width: 1000px) 100vw, 1000px\"><p id=\"caption-attachment-48502\" class=\"wp-caption-text\">Juso-Plakat. Aufgenommen in Berlin. Im Januar 2025.<\/p><\/div>\n<p>Neulich gab es auf meiner Lohnarbeit ein hitziges Gespr\u00e4ch im Pausenraum mit einem Kollegen. Es ging um die AfD und um \u00bbDemokratie\u00ab. Mein Kollege verglich die AfD mit der NSDAP und behauptete, dass wir kurz vor einem neuen 1933 stehen w\u00fcrden. Deshalb m\u00fcssten wir eben alles dagegen unternehmen. Explizit auch antidemokratische Mittel und Methoden seien hier <em>\u00bbleider\u00ab<\/em> notwendig.<\/p>\n<p>Schlie\u00dflich habe die NSDAP auch die \u00bbDemokratie\u00ab ausgenutzt, so die Argumentation. Ein zweiter Kollege klinkte sich ein und meinte, dass, wenn die AfD an die Macht kommen w\u00fcrde, das Grundgesetz sowie unsere \u00bbDemokratie\u00ab in drei Monaten abger\u00e4umt seien.<br>\n<!--more--><\/p>\n<hr>\n<p><strong>Demokratur<\/strong><br>\nMein Einwand war, dass man die \u00bbDemokratie\u00ab nicht rettet, indem man sie schrittweise abschafft. In den letzten f\u00fcnf Jahren wurde bei allen gro\u00dfen Themen und Krisen (Corona, Ukraine, Klima, Gaza, Migration, Trump, AfD etc.), der Meinungskorridor immer enger gezogen, Andersdenkende diffamiert und dutzende Regierungskritiker mit <a href=\"https:\/\/www.zeitgeistlos.de\/zgblog\/2021\/repression\/\" target=\"_blank\" rel=\"noopener noreferrer\">repressiven Methoden<\/a> \u00fcberzogen. Und zwar nicht von der AfD, sondern von den sog. \u00bbdemokratischen Parteien\u00ab.<\/p>\n<p>Man kann keine Cancel-Culture, Bankkonto-K\u00fcndigungen, Kontaktschuld, Meldestellen, geistige Sperrgebiete, Rufmord, Zensur, Parteiverbote, Job-K\u00fcndigungen, Beweislastumkehr, Demonstrationsverbote etc. etc., als politische Erziehungsmittel einsetzen und etablieren \u2014 und damit die \u00bbDemokratie\u00ab retten wollen. Das Gegenteil ist der Fall. Das wird so auch nicht funktionieren, um rechtsextreme Kr\u00e4fte einzud\u00e4mmen, sondern der AfD nur immer weitere Prozente bescheren.<\/p>\n<p>Ob die AfD unsere \u00bbDemokratie\u00ab wirklich abr\u00e4umen wird, kann ich zudem nicht beurteilen. Sie war bisher noch nicht an der Macht. Es mag sein. Oder auch nicht. Stand heute, ist das aber alles pure Spekulation. Die etablierten Parteien und Medien haben hingegen faktisch (!), in den letzten f\u00fcnf Jahren, viele Grundrechte ausgeh\u00f6hlt und geschliffen. Das gro\u00dfe Problem ist, meines Erachtens, dass die Menschen genau das nicht sehen k\u00f6nnen (und wollen!), sondern nur wie das Kaninchen vor der (AfD-)Schlange stehen.<\/p>\n<p>Mit einer permanenten <em>\u00bbHaltet den Dieb!\u00ab<\/em>-Rhetorik wird jedwede politische Schweinerei, verursacht von den etablierten Parteien und Medien, auf die AfD gelenkt. Dabei haben sie, wie gesagt, derzeit \u00fcberhaupt keine politische Verantwortung oder sind an irgendeiner Regierung beteiligt. Oder ist die AfD jetzt auch f\u00fcr die Rezession, die Energiepreise, die Inflation und f\u00fcr die Insolvenzen verantwortlich? Ganz im Gegenteil, wird sie via \u00bbBrandmauer\u00ab \u00fcberall ausgegrenzt.<\/p>\n<p>Als ich noch nachlegen wollte und meinte, dass, wenn man demokratisch nichts gegen <a href=\"https:\/\/maschinist.blog\/2025\/02\/01\/die-restauration\/\" target=\"_blank\" rel=\"noopener noreferrer\">Migrantengewalt<\/a> bzw. der unbegrenzten Migration machen w\u00fcrde, es dann den Extremisten \u00fcberl\u00e4sst \u2014 weil Augen und Ohren verschlie\u00dfen langfristig absolut gar nichts bringt \u2014 wurde ich von einer anderen Kollegin lautstark unterbrochen. Nun gut, ich hatte auch lang genug geredet.<\/p>\n<hr>\n<div id=\"attachment_29466\" style=\"width: 1010px\" class=\"wp-caption aligncenter\"><img decoding=\"async\" aria-describedby=\"caption-attachment-29466\" class=\"wp-image-29466 size-full\" src=\"https:\/\/www.zeitgeistlos.de\/zgblog\/wp-content\/uploads\/spa\u00dfbefreit.jpg\" alt width=\"1000\" height=\"392\" srcset=\"https:\/\/www.zeitgeistlos.de\/zgblog\/wp-content\/uploads\/spa\u00dfbefreit.jpg 1000w, https:\/\/www.zeitgeistlos.de\/zgblog\/wp-content\/uploads\/spa\u00dfbefreit-150x59.jpg 150w, https:\/\/www.zeitgeistlos.de\/zgblog\/wp-content\/uploads\/spa\u00dfbefreit-450x176.jpg 450w, https:\/\/www.zeitgeistlos.de\/zgblog\/wp-content\/uploads\/spa\u00dfbefreit-768x301.jpg 768w, https:\/\/www.zeitgeistlos.de\/zgblog\/wp-content\/uploads\/spa\u00dfbefreit-500x196.jpg 500w\" sizes=\"(max-width: 1000px) 100vw, 1000px\"><p id=\"caption-attachment-29466\" class=\"wp-caption-text\">\u00dcberall in Deutschland zu finden: die Lust an Verbot und Strafe.<\/p><\/div>\n<hr>\n<p><strong>Emotionale Beweisf\u00fchrung<\/strong><br>\nNach meiner Gegenrede sind bei ihm emotional s\u00e4mtliche Sicherungen durchgebrannt. Das sei doch alles <em>\u00bbQuatsch\u00ab<\/em> und <em>\u00bbAfD-Sprech\u00ab<\/em>, was ich hier behaupten w\u00fcrde. Der <em>\u00bbFaschismus\u00ab<\/em> (AfD) stehe vor der T\u00fcr und ich beschwere mich hier \u00fcber die <em>\u00bbdemokratischen Parteien\u00ab<\/em>? Dann ging er wutentbrannt aus dem Pausenraum und schlug die T\u00fcr hinter sich zu.<\/p>\n<p>Nun gut, seitdem alle wissen, wie ich zu C und der \u00bbImpfung\u00ab stehe und es auch noch gewagt habe, mir <a href=\"https:\/\/www.zeitgeistlos.de\/zgblog\/2021\/impfquisition\/\" target=\"_blank\" rel=\"noopener noreferrer\">diese Pl\u00f6rre nicht spritzen zu lassen<\/a>, ist mein Ruf auf der Lohnarbeit sowieso ruiniert. Aber: soll das jetzt diese moderne, neue Diskurs- und Konfliktkultur von erwachsenen Menschen, im Jahr 2025 sein?<\/p>\n<blockquote><p><span class=\"dquo\">\u00bb<\/span>Die fast unl\u00f6sbare Aufgabe besteht darin, weder von der Macht der anderen, noch von der eigenen Ohnmacht sich dumm machen zu lassen.\u00ab<\/p>\n<p>- Theodor W. Adorno. \u00bbMinima Moralia\u00ab. Suhrkamp Verlag. 8. Auflage 2012. S. 63<\/p><\/blockquote>\n<hr>\n<p><strong>Fazit<\/strong><br>\n<a href=\"https:\/\/www.youtube.com\/watch?v=8X-9IGpwDc4&amp;list=PLS_jddBXjdqfq0K7-qckolIVKR_DdSaBu\" target=\"_blank\" rel=\"noopener noreferrer\">Walter van Rossum<\/a> hat mit seiner Theorie von der <em>\u00bbOberwelt\u00ab<\/em> (Menschen, die nur noch Mainstream-Medien konsumieren) und der <em>\u00bbUnterwelt\u00ab<\/em> (Menschen, die Mainstream- und Alternative Medien konsumieren), das Kernproblem der gesellschaftlichen Spaltung exakt definiert.<\/p>\n<p>Wenn ich mit Leuten diskutiere, die ihre Informationen ausschlie\u00dflich aus Tagesschau, Tagesspiegel, ZEIT, Spiegel, ZDF, Welt, TAZ, Correctiv, Volksverpetzer etc. beziehen \u2014 habe ich zunehmend den Eindruck, dass ich mit geistig-emotionalen Zwergen rede. Weder wird auf Argumente eingegangen, sachlich diskutiert, noch werden Grundregeln der Kommunikation eingehalten. Stattdessen werden die offiziellen Erz\u00e4hlungen nachgeplappert und jede andere Meinung wird diffamiert, verunglimpft und niedergebr\u00fcllt.<\/p>\n<p>Mit einer st\u00e4ndig moralisierenden und emotionalisierenden Feindbild-Berichterstattung werden die Leute intellektuell komplett verbl\u00f6det. Erwachsene Menschen jenseits der 40, fangen wieder an, wie kleine Kinder in totalit\u00e4ren gut\/b\u00f6se-Kategorien zu denken und zu urteilen. Dabei waren sie, waren wir, alle schon mal weiter. Ehrlich gesagt, machen mir solche Menschen mittlerweile mehr Angst, als die AfD.<\/p>\n<p>Denn mit moralisierend-weichgekochten Hirnen und Herzen, lassen sich wunderbar die schrittweise Abschaffung des Rechtsstaates, ein digitaler Kontroll- und \u00dcberwachungsstaat sowie viele weitere autokratische, totalit\u00e4re und faschistische Elemente und Ma\u00dfnahmen spielend leicht durchsetzen. Alles nat\u00fcrlich immer im <em>\u00bbNamen des Guten\u00ab<\/em> und im <em>\u00bbKampf gegen das B\u00f6se\u00ab<\/em>. Wie sollte es auch anders sein.<\/p>\n<hr>\n<div id=\"attachment_48607\" style=\"width: 945px\" class=\"wp-caption aligncenter\"><img decoding=\"async\" aria-describedby=\"caption-attachment-48607\" class=\"wp-image-48607 size-full\" src=\"https:\/\/www.zeitgeistlos.de\/zgblog\/wp-content\/uploads\/afd_weidel.jpg\" alt width=\"935\" height=\"599\" srcset=\"https:\/\/www.zeitgeistlos.de\/zgblog\/wp-content\/uploads\/afd_weidel.jpg 935w, https:\/\/www.zeitgeistlos.de\/zgblog\/wp-content\/uploads\/afd_weidel-450x288.jpg 450w, https:\/\/www.zeitgeistlos.de\/zgblog\/wp-content\/uploads\/afd_weidel-150x96.jpg 150w, https:\/\/www.zeitgeistlos.de\/zgblog\/wp-content\/uploads\/afd_weidel-768x492.jpg 768w, https:\/\/www.zeitgeistlos.de\/zgblog\/wp-content\/uploads\/afd_weidel-468x300.jpg 468w\" sizes=\"(max-width: 935px) 100vw, 935px\"><p id=\"caption-attachment-48607\" class=\"wp-caption-text\">spiegel.de vom 1. Februar 2025<\/p><\/div>\n<p>Typische Projektion der Bessermenschen. Meine Wahrnehmung ist eher, dass prim\u00e4r sehr viele die AfD voller Inbrunst hassen, wie die Regierungs-Demonstrationen wieder gezeigt haben. Politiker. Journalisten. K\u00fcnstler. Akademiker. Niemand geht mehr in eine sachliche, emp\u00f6rungsfreie und inhaltltiche Auseinandersetzung mit der AfD.<\/p>\n<p>Oskar Lafontaine hat das vor kurzem bei <a href=\"https:\/\/www.youtube.com\/watch?v=sWSirVH45vo\" target=\"_blank\" rel=\"noopener noreferrer\">ServusTV<\/a> vorbildlich gemacht und die Truppe als das entlarvt, was sie ist: eine neoliberale Partei der Banken, Konzerne und Verm\u00f6genden. So macht man das. Jenseits vom NSDAP-Hitler-und-Nazi-Geschrei der linksgr\u00fcnen Realit\u00e4tsverweigerer.<\/p>\n<p>\u00dcbrigens: Faschismus bedeutet, ein Feindbild aufzubauen, s\u00e4mtliche staatliche Ressourcen zu benutzen, um es zu vernichten. Andersdenkende zu bek\u00e4mpfen, die Opposition zu unterdr\u00fccken und andere Sichtweisen zu kriminalisieren. Alle Machtinstrumente zu verwenden, um den <em>b\u00f6sen Feind<\/em> zu vernichten. Da man sich selbst stets als <em>das Gute<\/em> definiert, heiligt der Zweck auch jedes Mittel.<\/p>\n<hr>\n<p><a href=\"https:\/\/www.zeitgeistlos.de\/zgblog\/2021\/der-autoritaere-geist\/\" target=\"_blank\" rel=\"noopener noreferrer\">Der autorit\u00e4re Geist (1)<\/a><br>\n<a href=\"https:\/\/www.zeitgeistlos.de\/zgblog\/2023\/der-autoritaere-geist-2\/\" target=\"_blank\" rel=\"noopener noreferrer\">Der autorit\u00e4re Geist (2)<\/a><br>\n<a href=\"https:\/\/www.zeitgeistlos.de\/zgblog\/2023\/der-autoritaere-geist-3\/\" target=\"_blank\" rel=\"noopener noreferrer\">Der autorit\u00e4re Geist (3)<\/a><br>\n<a href=\"https:\/\/www.zeitgeistlos.de\/zgblog\/2024\/der-autoritaere-geist-4\/\" target=\"_blank\" rel=\"noopener noreferrer\">Der autorit\u00e4re Geist (4)<\/a><\/p>\n","protected":false},"excerpt":{"rendered":"<p>Neulich gab es auf meiner Lohnarbeit ein hitziges Gespr\u00e4ch im Pausenraum mit einem Kollegen. Es ging um die AfD und um \u00bbDemokratie\u00ab. Mein Kollege verglich die AfD mit der NSDAP und behauptete, dass wir kurz vor einem neuen 1933 stehen \u2026 <a href=\"https:\/\/www.zeitgeistlos.de\/zgblog\/2025\/der-autoritaere-geist-5\/\">Weiterlesen <span class=\"meta-nav\">\u2192<\/span><\/a><\/p>\n","protected":false},"author":4,"featured_media":16056,"comment_status":"open","ping_status":"open","sticky":false,"template":"","format":"standard","meta":{"wp_typography_post_enhancements_disabled":false,"footnotes":""},"categories":[190,4],"tags":[1679,2218,2354,227,85,2493,1880,2394,290,225,2492,903,385],"class_list":["post-48393","post","type-post","status-publish","format-standard","has-post-thumbnail","hentry","category-gedanken","category-politik","tag-afd","tag-autoritaer","tag-cancel-culture","tag-demokratie","tag-diskurs","tag-emotionalisierung","tag-haltung","tag-hypermoral","tag-lohnarbeit","tag-moral","tag-moralisierung","tag-rufmord","tag-zensur"],"_links":{"self":[{"href":"https:\/\/www.zeitgeistlos.de\/zgblog\/wp-json\/wp\/v2\/posts\/48393","targetHints":{"allow":["GET"]}}],"collection":[{"href":"https:\/\/www.zeitgeistlos.de\/zgblog\/wp-json\/wp\/v2\/posts"}],"about":[{"href":"https:\/\/www.zeitgeistlos.de\/zgblog\/wp-json\/wp\/v2\/types\/post"}],"author":[{"embeddable":true,"href":"https:\/\/www.zeitgeistlos.de\/zgblog\/wp-json\/wp\/v2\/users\/4"}],"replies":[{"embeddable":true,"href":"https:\/\/www.zeitgeistlos.de\/zgblog\/wp-json\/wp\/v2\/comments?post=48393"}],"version-history":[{"count":66,"href":"https:\/\/www.zeitgeistlos.de\/zgblog\/wp-json\/wp\/v2\/posts\/48393\/revisions"}],"predecessor-version":[{"id":48651,"href":"https:\/\/www.zeitgeistlos.de\/zgblog\/wp-json\/wp\/v2\/posts\/48393\/revisions\/48651"}],"wp:featuredmedia":[{"embeddable":true,"href":"https:\/\/www.zeitgeistlos.de\/zgblog\/wp-json\/wp\/v2\/media\/16056"}],"wp:attachment":[{"href":"https:\/\/www.zeitgeistlos.de\/zgblog\/wp-json\/wp\/v2\/media?parent=48393"}],"wp:term":[{"taxonomy":"category","embeddable":true,"href":"https:\/\/www.zeitgeistlos.de\/zgblog\/wp-json\/wp\/v2\/categories?post=48393"},{"taxonomy":"post_tag","embeddable":true,"href":"https:\/\/www.zeitgeistlos.de\/zgblog\/wp-json\/wp\/v2\/tags?post=48393"}],"curies":[{"name":"wp","href":"https:\/\/api.w.org\/{rel}","templated":true}]}}