{"id":48275,"date":"2025-04-04T07:43:10","date_gmt":"2025-04-04T05:43:10","guid":{"rendered":"http:\/\/www.zeitgeistlos.de\/zgblog\/?p=48275"},"modified":"2025-04-03T19:32:36","modified_gmt":"2025-04-03T17:32:36","slug":"intellektuelle-beleidigung-2","status":"publish","type":"post","link":"https:\/\/www.zeitgeistlos.de\/zgblog\/2025\/intellektuelle-beleidigung-2\/","title":{"rendered":"Intellektuelle Beleidigung (2)"},"content":{"rendered":"<p><iframe title=\"YouTube video player\" src=\"https:\/\/www.youtube.com\/embed\/YVWDBugPUu8?si=hVrm-9fTIPgzqWYQ\" width=\"550\" height=\"350\" frameborder=\"0\" allowfullscreen=\"allowfullscreen\"><span style=\"display: inline-block; width: 0px; overflow: hidden; line-height: 0;\" data-mce-type=\"bookmark\" class=\"mce_SELRES_start\">?<\/span><span style=\"display: inline-block; width: 0px; overflow: hidden; line-height: 0;\" data-mce-type=\"bookmark\" class=\"mce_SELRES_start\">?<\/span><\/iframe><\/p>\n<p>Ideologische Verbohrtheit. Moralische Hybris. Engstirnigkeit. Keine Bereitschaft zum \u00bbaktiven Zuh\u00f6ren\u00ab. Unbedingtes Miss-Verstehen-Wollen. In diesem Interview trifft ein geistiger Zwerg, der von der eigenen (Be-)Wertung der Welt \u00fcberzeugt ist, auf einen Menschen, der Sach- und Fachkompetenz hat. Tilo Jung stellt Suggestivfragen, rei\u00dft S\u00e4tze aus dem Zusammenhang, bem\u00fcht Ad Hominem, Kontaktschuld und verteidigt verbissen die Erz\u00e4hlungen von Regierung und Tagesschau (ab ca. 2:00:00).<!--more--><\/p>\n<p>Warum schreibe ich das hier? Weil es exemplarisch ist, f\u00fcr den Verfall der Diskurs- und Debattenkultur in Deutschland seit 2020. Wenn <em>Werte und Moral<\/em> sowie Kampfbegriffe und schmutzige Etiketten \u00fcber jede Form von Argument, Inhalt und Analyse triumphieren (m\u00fcssen) \u2014 dann ist jeder Erkenntnisgewinn zum Scheitern verurteilt. Michael L\u00fcders ist in diesem Interview die Sprachlosigkeit f\u00f6rmlich ins Gesicht geschrieben.<\/p>\n<p>Die intellektuelle Kleingeistigkeit und die moralische Eindimensionalit\u00e4t sowie der durchschaubare und zwanghafte Versuch, Michael L\u00fcders in eine rechte Schmuddelecke dr\u00fccken zu wollen, hat mit \u00bbJournalismus\u00ab kaum etwas zu tun. Aber es ist dennoch ein Paradebeispiel daf\u00fcr, wie die Diskurskultur in Deutschland, seit 2020, immer mehr an Niveau und Tiefe verloren hat. Die <a href=\"https:\/\/www.youtube.com\/watch?v=AnZRWHd_7Dw\" target=\"_blank\" rel=\"noopener noreferrer\"><em>w\u00fcrdigen Gegner<\/em><\/a> bleiben weiterhin aus. Ein paar rhetorische H\u00f6hepunkte von Tilo Jung:<\/p>\n<p><em><span class=\"dquo\">\u00bb<\/span>Wir zerst\u00f6ren unsere Wirtschaft und unseren Wohlstand. Das h\u00f6re ich sonst nur von der AfD. Warum redest Du so? Du bist doch kein Rechter!\u00ab<\/em><\/p>\n<p><em><span class=\"dquo\">\u00bb<\/span>Wo nimmt denn die Deindustrialisierung an Fahrt auf?\u00ab<\/em><\/p>\n<p><em><span class=\"dquo\">\u00bb<\/span>Ich wollte von Dir doch nur wissen, warum Du die Rhetorik der AfD verwendest?\u00ab<\/em><\/p>\n<hr>\n<p><a href=\"https:\/\/www.zeitgeistlos.de\/zgblog\/2025\/intellektuelle-beleidigung\/\" target=\"_blank\" rel=\"noopener noreferrer\">Intellektuelle Beleidigung<\/a><\/p>\n","protected":false},"excerpt":{"rendered":"<p>?? Ideologische Verbohrtheit. Moralische Hybris. Engstirnigkeit. Keine Bereitschaft zum \u00bbaktiven Zuh\u00f6ren\u00ab. Unbedingtes Miss-Verstehen-Wollen. In diesem Interview trifft ein geistiger Zwerg, der von der eigenen (Be-)Wertung der Welt \u00fcberzeugt ist, auf einen Menschen, der Sach- und Fachkompetenz hat. Tilo Jung stellt \u2026 <a href=\"https:\/\/www.zeitgeistlos.de\/zgblog\/2025\/intellektuelle-beleidigung-2\/\">Weiterlesen <span class=\"meta-nav\">\u2192<\/span><\/a><\/p>\n","protected":false},"author":4,"featured_media":16056,"comment_status":"open","ping_status":"open","sticky":false,"template":"","format":"standard","meta":{"wp_typography_post_enhancements_disabled":false,"footnotes":""},"categories":[190,203],"tags":[1644,1130,789,2491,2278,1633,998,1438,1645,2490,1630,348],"class_list":["post-48275","post","type-post","status-publish","format-standard","has-post-thumbnail","hentry","category-gedanken","category-satire","tag-gedanken","tag-geistige-verarmung","tag-intelligenz","tag-lueders","tag-ns2","tag-politik","tag-realsatire","tag-russland","tag-satire","tag-tilo-jung","tag-ukraine","tag-usa"],"_links":{"self":[{"href":"https:\/\/www.zeitgeistlos.de\/zgblog\/wp-json\/wp\/v2\/posts\/48275","targetHints":{"allow":["GET"]}}],"collection":[{"href":"https:\/\/www.zeitgeistlos.de\/zgblog\/wp-json\/wp\/v2\/posts"}],"about":[{"href":"https:\/\/www.zeitgeistlos.de\/zgblog\/wp-json\/wp\/v2\/types\/post"}],"author":[{"embeddable":true,"href":"https:\/\/www.zeitgeistlos.de\/zgblog\/wp-json\/wp\/v2\/users\/4"}],"replies":[{"embeddable":true,"href":"https:\/\/www.zeitgeistlos.de\/zgblog\/wp-json\/wp\/v2\/comments?post=48275"}],"version-history":[{"count":28,"href":"https:\/\/www.zeitgeistlos.de\/zgblog\/wp-json\/wp\/v2\/posts\/48275\/revisions"}],"predecessor-version":[{"id":49300,"href":"https:\/\/www.zeitgeistlos.de\/zgblog\/wp-json\/wp\/v2\/posts\/48275\/revisions\/49300"}],"wp:featuredmedia":[{"embeddable":true,"href":"https:\/\/www.zeitgeistlos.de\/zgblog\/wp-json\/wp\/v2\/media\/16056"}],"wp:attachment":[{"href":"https:\/\/www.zeitgeistlos.de\/zgblog\/wp-json\/wp\/v2\/media?parent=48275"}],"wp:term":[{"taxonomy":"category","embeddable":true,"href":"https:\/\/www.zeitgeistlos.de\/zgblog\/wp-json\/wp\/v2\/categories?post=48275"},{"taxonomy":"post_tag","embeddable":true,"href":"https:\/\/www.zeitgeistlos.de\/zgblog\/wp-json\/wp\/v2\/tags?post=48275"}],"curies":[{"name":"wp","href":"https:\/\/api.w.org\/{rel}","templated":true}]}}