{"id":47121,"date":"2024-09-26T07:54:06","date_gmt":"2024-09-26T05:54:06","guid":{"rendered":"http:\/\/www.zeitgeistlos.de\/zgblog\/?p=47121"},"modified":"2024-09-24T07:34:26","modified_gmt":"2024-09-24T05:34:26","slug":"medienkompetenz-5","status":"publish","type":"post","link":"https:\/\/www.zeitgeistlos.de\/zgblog\/2024\/medienkompetenz-5\/","title":{"rendered":"Medienkompetenz (5)"},"content":{"rendered":"<p style=\"text-align: center;\"><strong>- Kognitive Verzerrung (cognitive biases) -<\/strong><\/p>\n<p>Es kann nicht sein, was nicht sein darf und nicht sein soll. Dann entstehen bei den \u00d6RR Balkendiagramme, bei denen 15 mehr als 17 Prozent sind, 11 und 17 Prozent ungef\u00e4hr gleich gro\u00df ist und eine richtige Zahlen-Reihenfolge gar nicht dargestellt wird:<\/p>\n<div id=\"attachment_47122\" style=\"width: 2010px\" class=\"wp-caption aligncenter\"><img decoding=\"async\" aria-describedby=\"caption-attachment-47122\" class=\"wp-image-47122 size-full\" src=\"https:\/\/www.zeitgeistlos.de\/zgblog\/wp-content\/uploads\/propa01.jpg\" alt width=\"2000\" height=\"956\" srcset=\"https:\/\/www.zeitgeistlos.de\/zgblog\/wp-content\/uploads\/propa01.jpg 2000w, https:\/\/www.zeitgeistlos.de\/zgblog\/wp-content\/uploads\/propa01-450x215.jpg 450w, https:\/\/www.zeitgeistlos.de\/zgblog\/wp-content\/uploads\/propa01-1024x489.jpg 1024w, https:\/\/www.zeitgeistlos.de\/zgblog\/wp-content\/uploads\/propa01-150x72.jpg 150w, https:\/\/www.zeitgeistlos.de\/zgblog\/wp-content\/uploads\/propa01-768x367.jpg 768w, https:\/\/www.zeitgeistlos.de\/zgblog\/wp-content\/uploads\/propa01-1536x734.jpg 1536w, https:\/\/www.zeitgeistlos.de\/zgblog\/wp-content\/uploads\/propa01-500x239.jpg 500w\" sizes=\"(max-width: 2000px) 100vw, 2000px\"><p id=\"caption-attachment-47122\" class=\"wp-caption-text\"><span class=\"dquo\">\u00bb<\/span>Bericht aus Berlin\u00ab (ARD) vom 8. September 2024<\/p><\/div>\n<p>Als der \u00bbFehler\u00ab aufflog, <a href=\"https:\/\/www.t-online.de\/nachrichten\/deutschland\/innenpolitik\/id_100486638\/ard-entschuldigt-sich-fuer-falsches-saeulendiagramm-bericht-aus-berlin-.html\" target=\"_blank\" rel=\"noopener noreferrer\">entschuldigte<\/a> sich der Sender kleinlaut. Die Brandenburg-Wahl am 22. September 2024 hat dann aber wieder aufgezeigt, wie viele Journalisten ticken. Was nicht sein darf, nicht sein soll und was und\/oder wen sie m\u00f6gen oder nicht m\u00f6gen. Da werden 13 Prozent nicht an die dritte Stelle gepackt (wo sie hingeh\u00f6rt), sondern ganz nach hinten verfrachtet:<\/p>\n<div id=\"attachment_47124\" style=\"width: 1051px\" class=\"wp-caption aligncenter\"><img decoding=\"async\" aria-describedby=\"caption-attachment-47124\" class=\"wp-image-47124 size-full\" src=\"https:\/\/www.zeitgeistlos.de\/zgblog\/wp-content\/uploads\/propa02.jpg\" alt width=\"1041\" height=\"686\" srcset=\"https:\/\/www.zeitgeistlos.de\/zgblog\/wp-content\/uploads\/propa02.jpg 1041w, https:\/\/www.zeitgeistlos.de\/zgblog\/wp-content\/uploads\/propa02-450x297.jpg 450w, https:\/\/www.zeitgeistlos.de\/zgblog\/wp-content\/uploads\/propa02-1024x675.jpg 1024w, https:\/\/www.zeitgeistlos.de\/zgblog\/wp-content\/uploads\/propa02-150x99.jpg 150w, https:\/\/www.zeitgeistlos.de\/zgblog\/wp-content\/uploads\/propa02-768x506.jpg 768w, https:\/\/www.zeitgeistlos.de\/zgblog\/wp-content\/uploads\/propa02-455x300.jpg 455w\" sizes=\"(max-width: 1041px) 100vw, 1041px\"><p id=\"caption-attachment-47124\" class=\"wp-caption-text\">tagesschau.de vom 22. September 2024<\/p><\/div>\n<p>Und nein, das hat keine sonstigen \u00bbtechnischen oder formalen Gr\u00fcnde\u00ab, denn wenn selbst der Spiegel das hinbekommt, dann sollte der \u00d6RR das auch schaffen, oder?<\/p>\n<div id=\"attachment_47125\" style=\"width: 1033px\" class=\"wp-caption aligncenter\"><img decoding=\"async\" aria-describedby=\"caption-attachment-47125\" class=\"wp-image-47125 size-full\" src=\"https:\/\/www.zeitgeistlos.de\/zgblog\/wp-content\/uploads\/propa3.jpg\" alt width=\"1023\" height=\"491\" srcset=\"https:\/\/www.zeitgeistlos.de\/zgblog\/wp-content\/uploads\/propa3.jpg 1023w, https:\/\/www.zeitgeistlos.de\/zgblog\/wp-content\/uploads\/propa3-450x216.jpg 450w, https:\/\/www.zeitgeistlos.de\/zgblog\/wp-content\/uploads\/propa3-150x72.jpg 150w, https:\/\/www.zeitgeistlos.de\/zgblog\/wp-content\/uploads\/propa3-768x369.jpg 768w, https:\/\/www.zeitgeistlos.de\/zgblog\/wp-content\/uploads\/propa3-500x240.jpg 500w\" sizes=\"(max-width: 1023px) 100vw, 1023px\"><p id=\"caption-attachment-47125\" class=\"wp-caption-text\">spiegel.de vom 23. September 2024<\/p><\/div>\n<hr>\n<p><a href=\"https:\/\/www.zeitgeistlos.de\/zgblog\/2023\/medienkompetenz\/\" target=\"_blank\" rel=\"noopener noreferrer\">Medienkompetenz (1): \u00dcberschriften<\/a><br>\n<a href=\"https:\/\/www.zeitgeistlos.de\/zgblog\/2023\/medienkompetenz-2\/\" target=\"_blank\" rel=\"noopener noreferrer\">Medienkompetenz (2): Quellen<\/a><br>\n<a href=\"https:\/\/www.zeitgeistlos.de\/zgblog\/2023\/medienkompetenz-3\/\" target=\"_blank\" rel=\"noopener noreferrer\">Medienkompetenz (3): Bildauswahl<\/a><br>\n<a href=\"https:\/\/www.zeitgeistlos.de\/zgblog\/2023\/medienkompetenz-4\/\" target=\"_blank\" rel=\"noopener noreferrer\">Medienkompetenz (4): Hofberichterstattung<\/a><\/p>\n","protected":false},"excerpt":{"rendered":"<p>- Kognitive Verzerrung (cognitive biases) \u2014 Es kann nicht sein, was nicht sein darf und nicht sein soll. Dann entstehen bei den \u00d6RR Balkendiagramme, bei denen 15 mehr als 17 Prozent sind, 11 und 17 Prozent ungef\u00e4hr gleich gro\u00df ist \u2026 <a href=\"https:\/\/www.zeitgeistlos.de\/zgblog\/2024\/medienkompetenz-5\/\">Weiterlesen <span class=\"meta-nav\">\u2192<\/span><\/a><\/p>\n","protected":false},"author":4,"featured_media":16056,"comment_status":"open","ping_status":"open","sticky":false,"template":"","format":"standard","meta":{"wp_typography_post_enhancements_disabled":false,"footnotes":""},"categories":[5],"tags":[2229,408,2265,1187,1503,2462],"class_list":["post-47121","post","type-post","status-publish","format-standard","has-post-thumbnail","hentry","category-medien","tag-haltungsjournalismus","tag-journalismus","tag-leidmedien","tag-massenmedien","tag-medienkritik","tag-wahl"],"_links":{"self":[{"href":"https:\/\/www.zeitgeistlos.de\/zgblog\/wp-json\/wp\/v2\/posts\/47121","targetHints":{"allow":["GET"]}}],"collection":[{"href":"https:\/\/www.zeitgeistlos.de\/zgblog\/wp-json\/wp\/v2\/posts"}],"about":[{"href":"https:\/\/www.zeitgeistlos.de\/zgblog\/wp-json\/wp\/v2\/types\/post"}],"author":[{"embeddable":true,"href":"https:\/\/www.zeitgeistlos.de\/zgblog\/wp-json\/wp\/v2\/users\/4"}],"replies":[{"embeddable":true,"href":"https:\/\/www.zeitgeistlos.de\/zgblog\/wp-json\/wp\/v2\/comments?post=47121"}],"version-history":[{"count":11,"href":"https:\/\/www.zeitgeistlos.de\/zgblog\/wp-json\/wp\/v2\/posts\/47121\/revisions"}],"predecessor-version":[{"id":47135,"href":"https:\/\/www.zeitgeistlos.de\/zgblog\/wp-json\/wp\/v2\/posts\/47121\/revisions\/47135"}],"wp:featuredmedia":[{"embeddable":true,"href":"https:\/\/www.zeitgeistlos.de\/zgblog\/wp-json\/wp\/v2\/media\/16056"}],"wp:attachment":[{"href":"https:\/\/www.zeitgeistlos.de\/zgblog\/wp-json\/wp\/v2\/media?parent=47121"}],"wp:term":[{"taxonomy":"category","embeddable":true,"href":"https:\/\/www.zeitgeistlos.de\/zgblog\/wp-json\/wp\/v2\/categories?post=47121"},{"taxonomy":"post_tag","embeddable":true,"href":"https:\/\/www.zeitgeistlos.de\/zgblog\/wp-json\/wp\/v2\/tags?post=47121"}],"curies":[{"name":"wp","href":"https:\/\/api.w.org\/{rel}","templated":true}]}}