{"id":46115,"date":"2024-06-27T07:03:20","date_gmt":"2024-06-27T05:03:20","guid":{"rendered":"http:\/\/www.zeitgeistlos.de\/zgblog\/?p=46115"},"modified":"2024-06-26T09:21:02","modified_gmt":"2024-06-26T07:21:02","slug":"geschwaetz-von-gestern-25","status":"publish","type":"post","link":"https:\/\/www.zeitgeistlos.de\/zgblog\/2024\/geschwaetz-von-gestern-25\/","title":{"rendered":"Geschw\u00e4tz von gestern (25)"},"content":{"rendered":"<p><iframe title=\"YouTube video player\" src=\"https:\/\/www.youtube.com\/embed\/66uMZJdTgfA?si=WrZpW-sv2xpMeFED\" width=\"500\" height=\"400\" frameborder=\"0\" allowfullscreen=\"allowfullscreen\"><span style=\"display: inline-block; width: 0px; overflow: hidden; line-height: 0;\" data-mce-type=\"bookmark\" class=\"mce_SELRES_start\">?<\/span><span style=\"display: inline-block; width: 0px; overflow: hidden; line-height: 0;\" data-mce-type=\"bookmark\" class=\"mce_SELRES_start\">?<\/span><\/iframe><\/p>\n<p>Die \u00bbRKI-Files\u00ab sind nun <a href=\"https:\/\/www.rki.de\/DE\/Content\/InfAZ\/C\/COVID-19-Pandemie\/COVID-19-Krisenstabsprotokolle.html\" target=\"_blank\" rel=\"noopener noreferrer\">weitgehend entschw\u00e4rzt <\/a>verf\u00fcgbar. Eine kurze Zusammenfassung f\u00fcr alle, die es noch immer nicht wahrhaben wollen, weil nicht sein kann, was nicht sein darf:<\/p>\n<ul>\n<li>keine Evidenz und Verh\u00e4ltnism\u00e4\u00dfigkeit f\u00fcr OP-Masken und FFP2-Masken au\u00dferhalb des Arbeitsschutzes<\/li>\n<li>keine Evidenz und Verh\u00e4ltnism\u00e4\u00dfigkeit f\u00fcr Lockdown-Ma\u00dfnahmen<\/li>\n<li>keine Evidenz und Verh\u00e4ltnism\u00e4\u00dfigkeit f\u00fcr 3G- und 2G-Ma\u00dfnahmen<\/li>\n<li>keine Evidenz und Verh\u00e4ltnism\u00e4\u00dfigkeit f\u00fcr Schulschlie\u00dfungen<\/li>\n<li>keine Evidenz und Verh\u00e4ltnism\u00e4\u00dfigkeit f\u00fcr jedwede Form einer \u00bbC\u2011Impfpflicht\u00ab<\/li>\n<li>keine Evidenz und Verh\u00e4ltnism\u00e4\u00dfigkeit f\u00fcr anlasslose Massentests<\/li>\n<\/ul>\n<p>Die Politik wusste das alles und benutzte das RKI, um den C\u2011Ma\u00dfnahmen einen wissenschaftlichen Anstrich (\u00bbFollow the Science!\u00ab) zu geben. Die Bev\u00f6lkerung wurde gen\u00f6tigt, erpresst und zu vielfachen C\u2011Ma\u00dfnahmen gezwungen. <a href=\"https:\/\/www.zeitgeistlos.de\/zgblog\/2021\/repression\/\" target=\"_blank\" rel=\"noopener noreferrer\">Kritiker verfolgt und mundtot gemacht<\/a>. Nicht zu vergessen: die nun weitestgehend entschw\u00e4rzten RKI-Protokolle belaufen sich nur auf den Zeitraum von Januar 2020 bis April 2021. Also nichts da mit:<em> \u00bbaber wir wussten am Anfang doch so wenig!\u00ab<\/em> Das ist und bleibt eine glatte L\u00fcge.<br>\n<!--more--><\/p>\n<hr>\n<p><strong>R\u00fcckzugsgefecht<br>\n<\/strong>Die Impfpflicht aka <a href=\"https:\/\/www.youtube.com\/watch?v=xxxbISlpxtI\" target=\"_blank\" rel=\"noopener noreferrer\">\u00bbDuldungspflicht\u00ab<\/a> bei der Bundeswehr wird nach bald 2,5 Jahren abgeschafft. Und Warum? Weil die politisch Verantwortlichen erkannt haben, wie wirkungsfrei diese \u00bbImpfung\u00ab ist, daf\u00fcr aber schwere Nebenwirkungen verursachen kann? Haha! Nein, nat\u00fcrlich nicht. RKI, PEI, Lauterbach, Scholz sowie das Verteidigungsministerium hielten bis zuletzt alle an der Duldungspflicht fest:<\/p>\n<blockquote><p><span class=\"dquo\">\u00bb<\/span>Im \u00dcbrigen gilt unver\u00e4ndert: die Covid-19-Impfung ist der beste Schutz vor schweren Krankheitsverl\u00e4ufen und <strong>der beste Schutz vor Ansteckungen<\/strong>.\u00ab<\/p>\n<p>- <a href=\"https:\/\/reitschuster.de\/post\/pistorius-zur-impfung-bis-zum-juengsten-tag-daran-aendert-sich-nichts\/\" target=\"_blank\" rel=\"noopener noreferrer\">Verteidigungsminister Boris Pistorius<\/a> (SPD), Ende November 2023 im Bundestag<\/p><\/blockquote>\n<p>Welche neuen Erkenntnisse liegen Herrn Pistorius jetzt eigentlich vor? Was hat sich seit November 2023 gro\u00df ge\u00e4ndert?<\/p>\n<p>Es gab viele gerichtliche Verfahren, bei denen Soldaten gegen die Duldungspflicht geklagt haben. Nun <a href=\"https:\/\/transition-news.org\/corona-impfpflicht-der-bundeswehr-fallt\" target=\"_blank\" rel=\"noopener noreferrer\">h\u00e4tte Verteidigungsminister Boris Pistorius Daten vorlegen<\/a> m\u00fcssen:<\/p>\n<blockquote><p><span class=\"dquo\">\u00bb<\/span>Beim Gerichtstermin vor dem Bundesverwaltungsgericht h\u00e4tte er offenbaren m\u00fcssen, dass seine Beh\u00f6rde <strong>keinerlei Belege f\u00fcr einen Nutzen der Covid-Injektionen<\/strong> h\u00e4tte bringen k\u00f6nnen.\u00ab<\/p><\/blockquote>\n<p>Diese Bl\u00f6\u00dfe wollten sie sich offensichtlich nicht geben. Deshalb f\u00e4llt die Duldungspflicht. Einen Tag vor der Gerichtsverhandlung. Denn f\u00fcr die C\u2011Freunde gibt es nichts Schlimmeres als Daten und Fakten, die ihre Moral-Coronoia in s\u00e4mtliche Einzelteile zerlegen.<a href=\"https:\/\/www.youtube.com\/watch?v=fbVp6A2Y68Y&amp;list=PLpNi0Wmi7L806EWRC7ehrPfsMmgoWUv_r&amp;index=1\" target=\"_blank\" rel=\"noopener noreferrer\"> Florian Warweg hat bei der Bundespressekonferenz<\/a> nach den Gr\u00fcnden zur Abschaffung der Duldungspflicht gefragt und wie \u00fcblich keine inhaltliche Antwort, sondern nur Worth\u00fclsen und Platit\u00fcden erhalten.<\/p>\n<p>Wann und wo erhalten wir eigentlich offizielle und nachvollziehbare Daten zur C\u2011Impfwirksamkeit? Abseits von propagandistischen Verlautbarungen und \u00bbBig-Pharma Studien\u00ab? Gibt es die \u00fcberhaupt?<\/p>\n<hr>\n<p><img decoding=\"async\" class=\"aligncenter size-full wp-image-38722\" src=\"https:\/\/www.zeitgeistlos.de\/zgblog\/wp-content\/uploads\/stern_impfen.jpg\" alt width=\"764\" height=\"1024\" srcset=\"https:\/\/www.zeitgeistlos.de\/zgblog\/wp-content\/uploads\/stern_impfen.jpg 764w, https:\/\/www.zeitgeistlos.de\/zgblog\/wp-content\/uploads\/stern_impfen-298x400.jpg 298w, https:\/\/www.zeitgeistlos.de\/zgblog\/wp-content\/uploads\/stern_impfen-112x150.jpg 112w, https:\/\/www.zeitgeistlos.de\/zgblog\/wp-content\/uploads\/stern_impfen-224x300.jpg 224w\" sizes=\"(max-width: 764px) 100vw, 764px\"><\/p>\n<hr>\n<p><strong>Long Coronismus<br>\n<\/strong>Wisst Ihr noch, als die Schwurbler behauptet haben, dass sie in Zukunft jeden Impfschaden als <a href=\"https:\/\/www.berliner-zeitung.de\/gesundheit-oekologie\/corona-impfung-will-die-bundesregierung-nicht-wissen-welche-probleme-es-gibt-li.2222052\" target=\"_blank\" rel=\"noopener noreferrer\">\u00bbLong Covid\u00ab<\/a> etikettieren und so vertuschem werden? Nach einer Anfrage vom BSW an die Bundesregierung haben wir es nun amtlich:<\/p>\n<blockquote><p><span class=\"dquo\">\u00bb<\/span>Unter dem Begriff \u00bbPost-Vac\u00ab werden nach den vorliegenden Erkenntnissen verschiedene, l\u00e4nger andauernde Beschwerden beschrieben, wie sie auch mit Long\/Post-Covid in Verbindung gebracht werden.\u00ab<\/p><\/blockquote>\n<p>Nachvollziehbare Daten dazu von RKI, PEI oder BMG gibt es weiterhin nicht. Seit \u00fcber vier Jahren. Erst gab es <em>\u00bbEDV-Probleme\u00ab<\/em>, nun seien sie <em>\u00bbin Vorbereitung\u00ab<\/em>. Stattdessen h\u00f6ren und lesen wir st\u00e4ndig, dass die \u00bbC\u2011Impfung\u00ab der Heilsbringer der Menschheit sei.<\/p>\n<p>Derweil gibt <a href=\"https:\/\/tkp.at\/2024\/06\/03\/fauci-gibt-zu-covid-regeln-waren-willkuerlich-und-ausgedacht\/\" target=\"_blank\" rel=\"noopener noreferrer\">Antoni Fauci<\/a> in den USA bei einer Befragung im US-Repr\u00e4sentantenhaus zu, dass Maskenpflichten f\u00fcr Kinder sowie Abstandsregeln keinerlei wissenschaftliche Grundlage hatten, sondern komplett willk\u00fcrlich von der Politik verordnet wurden. Liebe C\u2011Ma\u00dfnahmen-Bef\u00fcrworter, wie viele Beweise, Argumente und Skandale braucht Ihr eigentlich noch?<\/p>\n<p>Das alles offenbart nicht nur, dass die staatlichen <a href=\"https:\/\/www.zeitgeistlos.de\/zgblog\/2021\/repression\/\" target=\"_blank\" rel=\"noopener noreferrer\">Repressionen<\/a> und die mediale Propaganda gegen jeden C\u2011Kritiker deshalb so hart und erbarmungslos waren, weil sie von Anfang an wussten, dass die C\u2011Kritiker die Wahrheit sagen \u2014 sondern auch, dass jedweder Fake News\u2011, Desinformations- und Hassposting-Vorwurf reine Projektion der C\u2011Ma\u00dfnahmen-Freunde war. Sie selbst haben t\u00e4glich Falschmeldungen verbreitet und gegen Ungeimpfte gehetzt.<\/p>\n<p>Und warum das alles? Damit<a href=\"https:\/\/www.infosperber.ch\/gesellschaft\/so-stark-profitierten-superreiche-von-der-corona-pandemie\/\" target=\"_blank\" rel=\"noopener noreferrer\"> Big Pharma und Big Tech<\/a> den Reihbach ihres Lebens machen? Um totalit\u00e4re Sozialexperimente, zur Kontrolle und \u00dcberwachung der Bev\u00f6lkerung, auszutesten und auszurollen? Das Vertrauen in staatliche Institutionen, in Beh\u00f6rden, Politik, Medien, Justiz und Polizei ist f\u00fcr Jahrzehnte besch\u00e4digt worden und wird weiterhin erodieren \u2014 wenn es nicht endlich eine umfassende Aufarbeitung, inklusive juristischer Konsequenzen f\u00fcr die Verantwortlichen sowie einer kompletten Rehabilitierung aller C\u2011Kritiker, gibt.<\/p>\n<hr>\n<div id=\"attachment_46177\" style=\"width: 1010px\" class=\"wp-caption aligncenter\"><a href=\"https:\/\/www.nordkurier.de\/politik\/robert-koch-institut-gibt-weitgehend-entschwaerzte-protokolle-frei-2569259\" target=\"_blank\" rel=\"noopener noreferrer\"><img decoding=\"async\" aria-describedby=\"caption-attachment-46177\" class=\"wp-image-46177 size-full\" src=\"https:\/\/www.zeitgeistlos.de\/zgblog\/wp-content\/uploads\/nordkurier.jpg\" alt width=\"1000\" height=\"738\" srcset=\"https:\/\/www.zeitgeistlos.de\/zgblog\/wp-content\/uploads\/nordkurier.jpg 1000w, https:\/\/www.zeitgeistlos.de\/zgblog\/wp-content\/uploads\/nordkurier-450x332.jpg 450w, https:\/\/www.zeitgeistlos.de\/zgblog\/wp-content\/uploads\/nordkurier-150x111.jpg 150w, https:\/\/www.zeitgeistlos.de\/zgblog\/wp-content\/uploads\/nordkurier-768x567.jpg 768w, https:\/\/www.zeitgeistlos.de\/zgblog\/wp-content\/uploads\/nordkurier-407x300.jpg 407w\" sizes=\"(max-width: 1000px) 100vw, 1000px\"><\/a><p id=\"caption-attachment-46177\" class=\"wp-caption-text\">- nordkurier.de vom 30. Mai 2024<\/p><\/div>\n<hr>\n<p><strong>Impfception<\/strong><br>\nAm 19. Juni ist die Ministerpr\u00e4sidentin von Rheinland Pfalz, Malu Dreyer, aus pers\u00f6nlichen Gr\u00fcnden zur\u00fcckgetreten. Viele Massenmedien lobten sie in den Himmel. Die Tagesschau titelte: <em>\u00bbAbgang einer B\u00fcrgernahen.\u00ab<\/em> Der Spiegel: <em>\u00bbAbschied vom Malu-Effekt.\u00ab<\/em> Die ZEIT: <em>\u00bbEine der letzten ihrer Art.\u00ab<\/em> Alle haben ihre Rolle w\u00e4hrend der C\u2011Zeit weder erw\u00e4hnt, noch thematisiert. Menschenverachtende S\u00e4tze von ihr, wie...<\/p>\n<blockquote><p><a href=\"https:\/\/www.fr.de\/politik\/corona-ungeimpfte-weihnachten-feiern-regeln-malu-dreyer-91188245.html\" target=\"_blank\" rel=\"noopener noreferrer\"><span class=\"dquo\">\u00bb<\/span>Ungeimpfte sollen gar nicht feiern!\u00ab<\/a><\/p><\/blockquote>\n<p>...sollen wir wohl komplett vergessen? Schnee von gestern? War eben \u00bbKrise\u00ab?<\/p>\n<p>Die Geschichtsvergessenheit geht auch bei dem Fall <a href=\"https:\/\/www.youtube.com\/watch?v=1y3xgAwtMhw\" target=\"_blank\" rel=\"noopener noreferrer\">Joshua Kimmich<\/a> weiter. Monatelang wurde <a href=\"https:\/\/www.zeitgeistlos.de\/zgblog\/2021\/gleichschaltungsleugner-1\/\" target=\"_blank\" rel=\"noopener noreferrer\">medial und politisch <\/a>gegen ihn gehetzt, weil er es wagte, \u00fcber \u00bbm\u00f6gliche Nebenwirkungen\u00ab zu sprechen. Der Leiter und Chefredakteur des ARD-Hauptstadtstudios, Ulrich Deppendorf forderte in einem Tweet sogar, dass Bayern M\u00fcnchen ihn nicht mehr aufstellen sollte. In einer aktuellen <a href=\"https:\/\/www.zdf.de\/sport\/sportstudio-reportage\/joshua-kimmich-sein-weg-zur-fussball-em-2024-doku-100.html\" target=\"_blank\" rel=\"noopener noreferrer\">ZDF-Doku<\/a> spricht er dar\u00fcber und ihm kommen die Tr\u00e4nen. Gibt es von der Politik oder den Massenmedien nun eine Entschuldigung, Reue oder Selbstkritik? Nat\u00fcrlich nicht.<\/p>\n<p>Und nochmal f\u00fcr alle Geimpften und C\u2011Ma\u00dfnahmen-Bef\u00fcrworter: es ging nicht um Kino oder Restaurant! \u00bb2G\u00ab bedeutete, keine Beerdigung, keine Hochzeit, kein Kind vom Verein abholen oder auf einen Elternabend gehen zu d\u00fcrfen, f\u00fcr viele Studenten das Studienende und f\u00fcr viele Lohnarbeiter die K\u00fcndigung, kein Friseur, Zwangsmasken f\u00fcr Geb\u00e4rende w\u00e4hrend der Geburt, keine kranken Angeh\u00f6rigen in Krankenhaus und Pflegeheim besuchen zu d\u00fcrfen und vieles, vieles mehr. Es war faktisch eine Impf-Apartheid von mehr als 3 Monaten.<\/p>\n<hr>\n<p><iframe title=\"YouTube video player\" src=\"https:\/\/www.youtube.com\/embed\/CpyvhVfSyPE?si=5FiYhH6VyLj4STyq\" width=\"500\" height=\"300\" frameborder=\"0\" allowfullscreen=\"allowfullscreen\"><\/iframe><\/p>\n<hr>\n<p><strong>Pieksdienstverweigerer<\/strong><br>\nJedes Problem auf der Welt kann nur mit einer \u00bbmRNA-Impfung\u00ab gel\u00f6st werden. Es gibt keine Alternative. Menschen haben keine nat\u00fcrliche Immunit\u00e4t. Vitamine bringen nix. Sport und Ern\u00e4rung sind \u00fcbersch\u00e4tzt. Gelassenheit, innere Ruhe und Stressreduzierung sind braune Esoterik. Bald wird es \u00bbmRNA-Impfungen\u00ab gegen Jeden und Alles geben. Biontech will jetzt <a href=\"https:\/\/www.tagesspiegel.de\/wissen\/herr-sahin-heilen-sie-jetzt-krebs-die-ruckfallquote-konnte-deutlich-reduziert-werden-und-die-sterberate-sinken-11725670.html\" target=\"_blank\" rel=\"noopener noreferrer\">mit mRNA Krebs heilen<\/a>. Wer \u00bbBig Pharma\u00ab immer noch sein vollstes Vertrauen schenken und bei sommerlichen Temperaturen im Freien immer noch mit Maske rumrennen will \u2014 dem ist echt nicht mehr zu helfen. Und dennoch:<\/p>\n<blockquote><p><span class=\"dquo\">\u00bb<\/span>Seitdem ist jedenfalls eine gro\u00dfe kritische Masse auf der ganzen Welt ziemlich sauer und schaut sich jetzt sehr genau an, was die Regierungen so machen.\u00ab<\/p>\n<p><a href=\"https:\/\/www.berliner-zeitung.de\/kultur-vergnuegen\/regisseur-dietrich-brueggemann-der-widerstand-gewinnt-immer-li.2199772\" target=\"_blank\" rel=\"noopener noreferrer\">- Dietrich Br\u00fcggemann<\/a>, Initiator von \u00bballesdichtmachen\u00ab in der Berliner Zeitung vom 30. M\u00e4rz 2024<\/p><\/blockquote>\n<p>Bei all dem Psychoterror, dem Nudging, der L\u00fcgen- und L\u00fcckenpresse, der Propaganda und den Verdrehungen: Br\u00fcggemann hat vollkommen Recht. Millionen von Menschen sind weltweit aufgewacht und kritisch geworden. Es sind neue Medienportale entstanden. Neue Bewegungen. Bis in die gesellschaftliche Mitte hinein. Das sollte uns zur Abwechslung auch mal optimistisch stimmen. <img decoding=\"async\" style=\"margin-left: 3px; margin-right: 3px; vertical-align: middle; -webkit-box-shadow: none; -moz-box-shadow: none; box-shadow: none;\" src=\"https:\/\/www.zeitgeistlos.de\/zgblog\/wp-content\/plugins\/wp-emoji-one\/icons\/1F600.png\" width=\"16\" height=\"16\"><\/p>\n<hr>\n<p><a href=\"https:\/\/www.zeitgeistlos.de\/zgblog\/?s=geschw%C3%A4tz+von+gestern&amp;submit=Suchen\" target=\"_blank\" rel=\"noopener noreferrer\">Geschw\u00e4tz von gestern<\/a><\/p>\n","protected":false},"excerpt":{"rendered":"<p>?? Die \u00bbRKI-Files\u00ab sind nun weitgehend entschw\u00e4rzt verf\u00fcgbar. Eine kurze Zusammenfassung f\u00fcr alle, die es noch immer nicht wahrhaben wollen, weil nicht sein kann, was nicht sein darf: keine Evidenz und Verh\u00e4ltnism\u00e4\u00dfigkeit f\u00fcr OP-Masken und FFP2-Masken au\u00dferhalb des Arbeitsschutzes keine \u2026 <a href=\"https:\/\/www.zeitgeistlos.de\/zgblog\/2024\/geschwaetz-von-gestern-25\/\">Weiterlesen <span class=\"meta-nav\">\u2192<\/span><\/a><\/p>\n","protected":false},"author":4,"featured_media":16056,"comment_status":"open","ping_status":"open","sticky":false,"template":"","format":"standard","meta":{"wp_typography_post_enhancements_disabled":false,"footnotes":""},"categories":[5,4],"tags":[1277,2415,2032,2201,568,226,143,2134,2329,2109,2316,2061,122,172,2063,2426,356,901,1366],"class_list":["post-46115","post","type-post","status-publish","format-standard","has-post-thumbnail","hentry","category-medien","category-politik","tag-angst","tag-aufarbeitung","tag-corona","tag-corona-massnahmen","tag-diskriminierung","tag-ethik","tag-grundrechte","tag-impfpflicht","tag-impfschaden","tag-impfung","tag-kriminalisierung","tag-maskenpflicht","tag-neoliberalismus","tag-rechtsstaat","tag-rki","tag-rki-files","tag-virus","tag-wahrheit","tag-wissenschaft"],"_links":{"self":[{"href":"https:\/\/www.zeitgeistlos.de\/zgblog\/wp-json\/wp\/v2\/posts\/46115","targetHints":{"allow":["GET"]}}],"collection":[{"href":"https:\/\/www.zeitgeistlos.de\/zgblog\/wp-json\/wp\/v2\/posts"}],"about":[{"href":"https:\/\/www.zeitgeistlos.de\/zgblog\/wp-json\/wp\/v2\/types\/post"}],"author":[{"embeddable":true,"href":"https:\/\/www.zeitgeistlos.de\/zgblog\/wp-json\/wp\/v2\/users\/4"}],"replies":[{"embeddable":true,"href":"https:\/\/www.zeitgeistlos.de\/zgblog\/wp-json\/wp\/v2\/comments?post=46115"}],"version-history":[{"count":63,"href":"https:\/\/www.zeitgeistlos.de\/zgblog\/wp-json\/wp\/v2\/posts\/46115\/revisions"}],"predecessor-version":[{"id":46445,"href":"https:\/\/www.zeitgeistlos.de\/zgblog\/wp-json\/wp\/v2\/posts\/46115\/revisions\/46445"}],"wp:featuredmedia":[{"embeddable":true,"href":"https:\/\/www.zeitgeistlos.de\/zgblog\/wp-json\/wp\/v2\/media\/16056"}],"wp:attachment":[{"href":"https:\/\/www.zeitgeistlos.de\/zgblog\/wp-json\/wp\/v2\/media?parent=46115"}],"wp:term":[{"taxonomy":"category","embeddable":true,"href":"https:\/\/www.zeitgeistlos.de\/zgblog\/wp-json\/wp\/v2\/categories?post=46115"},{"taxonomy":"post_tag","embeddable":true,"href":"https:\/\/www.zeitgeistlos.de\/zgblog\/wp-json\/wp\/v2\/tags?post=46115"}],"curies":[{"name":"wp","href":"https:\/\/api.w.org\/{rel}","templated":true}]}}