{"id":44600,"date":"2024-04-11T08:03:45","date_gmt":"2024-04-11T06:03:45","guid":{"rendered":"http:\/\/www.zeitgeistlos.de\/zgblog\/?p=44600"},"modified":"2024-04-10T09:12:09","modified_gmt":"2024-04-10T07:12:09","slug":"bananenrepublik-deutschland-11","status":"publish","type":"post","link":"https:\/\/www.zeitgeistlos.de\/zgblog\/2024\/bananenrepublik-deutschland-11\/","title":{"rendered":"Bananenrepublik Deutschland (11)"},"content":{"rendered":"<p><img decoding=\"async\" class=\"aligncenter size-full wp-image-45522\" src=\"https:\/\/www.zeitgeistlos.de\/zgblog\/wp-content\/uploads\/verfassung.jpg\" alt width=\"905\" height=\"616\" srcset=\"https:\/\/www.zeitgeistlos.de\/zgblog\/wp-content\/uploads\/verfassung.jpg 905w, https:\/\/www.zeitgeistlos.de\/zgblog\/wp-content\/uploads\/verfassung-450x306.jpg 450w, https:\/\/www.zeitgeistlos.de\/zgblog\/wp-content\/uploads\/verfassung-150x102.jpg 150w, https:\/\/www.zeitgeistlos.de\/zgblog\/wp-content\/uploads\/verfassung-768x523.jpg 768w, https:\/\/www.zeitgeistlos.de\/zgblog\/wp-content\/uploads\/verfassung-441x300.jpg 441w\" sizes=\"(max-width: 905px) 100vw, 905px\"><span style=\"color: #993300;\"><em><span class=\"dquo\">\u00bb<\/span>Um das Bundesverfassungsgericht besser vor Einflussnahme zu sch\u00fctzen, ist eine Grundgesetz-\u00c4nderung im Gespr\u00e4ch. Das soll eine einseitige politische Einflussnahme auf das Gericht verhindern.\u00ab<\/em><\/span><\/p>\n<p>Nat\u00fcrlich geht es auch hier wieder um die AfD. Regelm\u00e4\u00dfige Abendessen von Angela Merkel und der <a href=\"https:\/\/www.faz.net\/aktuell\/politik\/inland\/bundesverfassungsgericht-redet-mit-bundesregierung-19295577.html\" target=\"_blank\" rel=\"noopener noreferrer\">Regierung Scholz<\/a> mit dem Pr\u00e4sidenten des Bundesverfassungsgerichts, Stephan Harbarth, sind dagegen keine politische Einflussnahme oder irgendwie \u00bbproblematisch\u00ab in einer Demokratie mit Gewaltenteilung.<\/p>\n<hr>\n<p>Woran erkennt man au\u00dferdem, dass sich Deutschland im intellektuellen Niedergang befindet? Daran:<\/p>\n<blockquote><p><span class=\"dquo\">\u00bb<\/span>\u00dcber 1 Millionen begeisterte Besucher*innen haben <a href=\"https:\/\/www.youtube.com\/watch?v=vl2YZsSKoG4\" target=\"_blank\" rel=\"noopener noreferrer\">\u00bbChantal im M\u00e4rchenland\u00ab<\/a> innerhalb einer Woche bereits gesehen. Mit beeindruckenden 37 Prozent Marktanteil \u00fcber das erste Wochenende hinweg.\u00ab<\/p>\n<p>- <a href=\"https:\/\/www.presseportal.de\/pm\/12946\/5749602\" target=\"_blank\" rel=\"noopener noreferrer\">presseportal.de<\/a> vom 4. April 2024<\/p><\/blockquote>\n<p>Es wird noch besser:<\/p>\n<blockquote><p><span class=\"dquo\">\u00bb<\/span>Der Film wurde gef\u00f6rdert vom FilmFernsehFonds Bayern (FFF), der Filmf\u00f6rderungsanstalt (FFA), dem DFFF (Deutscher Filmf\u00f6rderfonds), dem Medienboard Berlin-Brandenburg (MBB) .\u00ab<\/p><\/blockquote>\n<p>Verbl\u00f6dungs-Bullshit, der mit unseren Steuergeldern finanziert wird. Ist das Vorsatz?<\/p>\n<hr>\n<p>Lehrermangel. Marode Schulen. Burnout. Und wie will die Politik dagegen vorgehen? Mehr Investitionen? Bessere Arbeitsbedingungen? Lehrer entlasten? Nicht doch! <a href=\"https:\/\/www.zeit.de\/gesellschaft\/schule\/2023-03\/lehrermangel-lehrkraefte-beschraenkung-teilzeit\" target=\"_blank\" rel=\"noopener noreferrer\"><em>\u00bbTeilzeit verbieten!\u00ab<\/em> <\/a><\/p>\n<p>Das muss man sich mal vorstellen: diejenigen, die \u00fcberhaupt noch den Pr\u00fcgelknaben der Nation machen wollen (Lehrer), brechen reihenweise vor Belastung zusammen (Burnout) und die Politik will ihnen die Teilzeit verbieten. Damit sie dann garantiert alle und noch viel schneller zusammenklappen?<\/p>\n<hr>\n<p><a href=\"https:\/\/www.zeitgeistlos.de\/zgblog\/?s=Bananenrepublik+Deutschland&amp;submit=Suchen\" target=\"_blank\" rel=\"noopener noreferrer\">Bananenrepublik Deutschland<\/a><\/p>\n","protected":false},"excerpt":{"rendered":"<p><span class=\"dquo\">\u00bb<\/span>Um das Bundesverfassungsgericht besser vor Einflussnahme zu sch\u00fctzen, ist eine Grundgesetz-\u00c4nderung im Gespr\u00e4ch. Das soll eine einseitige politische Einflussnahme auf das Gericht verhindern.\u00ab Nat\u00fcrlich geht es auch hier wieder um die AfD. Regelm\u00e4\u00dfige Abendessen von Angela Merkel und der Regierung \u2026 <a href=\"https:\/\/www.zeitgeistlos.de\/zgblog\/2024\/bananenrepublik-deutschland-11\/\">Weiterlesen <span class=\"meta-nav\">\u2192<\/span><\/a><\/p>\n","protected":false},"author":4,"featured_media":16056,"comment_status":"open","ping_status":"open","sticky":false,"template":"","format":"standard","meta":{"wp_typography_post_enhancements_disabled":false,"footnotes":""},"categories":[5,4,203],"tags":[2308,73,227,2067,34,998,172,1645,760,2344],"class_list":["post-44600","post","type-post","status-publish","format-standard","has-post-thumbnail","hentry","category-medien","category-politik","category-satire","tag-bananenrepublik","tag-bundesverfassungsgericht","tag-demokratie","tag-kafkaesk","tag-propaganda","tag-realsatire","tag-rechtsstaat","tag-satire","tag-schule","tag-unabhaengigkeit"],"_links":{"self":[{"href":"https:\/\/www.zeitgeistlos.de\/zgblog\/wp-json\/wp\/v2\/posts\/44600","targetHints":{"allow":["GET"]}}],"collection":[{"href":"https:\/\/www.zeitgeistlos.de\/zgblog\/wp-json\/wp\/v2\/posts"}],"about":[{"href":"https:\/\/www.zeitgeistlos.de\/zgblog\/wp-json\/wp\/v2\/types\/post"}],"author":[{"embeddable":true,"href":"https:\/\/www.zeitgeistlos.de\/zgblog\/wp-json\/wp\/v2\/users\/4"}],"replies":[{"embeddable":true,"href":"https:\/\/www.zeitgeistlos.de\/zgblog\/wp-json\/wp\/v2\/comments?post=44600"}],"version-history":[{"count":19,"href":"https:\/\/www.zeitgeistlos.de\/zgblog\/wp-json\/wp\/v2\/posts\/44600\/revisions"}],"predecessor-version":[{"id":45527,"href":"https:\/\/www.zeitgeistlos.de\/zgblog\/wp-json\/wp\/v2\/posts\/44600\/revisions\/45527"}],"wp:featuredmedia":[{"embeddable":true,"href":"https:\/\/www.zeitgeistlos.de\/zgblog\/wp-json\/wp\/v2\/media\/16056"}],"wp:attachment":[{"href":"https:\/\/www.zeitgeistlos.de\/zgblog\/wp-json\/wp\/v2\/media?parent=44600"}],"wp:term":[{"taxonomy":"category","embeddable":true,"href":"https:\/\/www.zeitgeistlos.de\/zgblog\/wp-json\/wp\/v2\/categories?post=44600"},{"taxonomy":"post_tag","embeddable":true,"href":"https:\/\/www.zeitgeistlos.de\/zgblog\/wp-json\/wp\/v2\/tags?post=44600"}],"curies":[{"name":"wp","href":"https:\/\/api.w.org\/{rel}","templated":true}]}}