{"id":43566,"date":"2023-10-31T07:00:01","date_gmt":"2023-10-31T06:00:01","guid":{"rendered":"http:\/\/www.zeitgeistlos.de\/zgblog\/?p=43566"},"modified":"2023-10-30T11:35:47","modified_gmt":"2023-10-30T10:35:47","slug":"moralisierende-infantilitaet","status":"publish","type":"post","link":"https:\/\/www.zeitgeistlos.de\/zgblog\/2023\/moralisierende-infantilitaet\/","title":{"rendered":"Moralisierende Infantilit\u00e4t"},"content":{"rendered":"<p><img decoding=\"async\" class=\"aligncenter size-full wp-image-29399\" src=\"https:\/\/www.zeitgeistlos.de\/zgblog\/wp-content\/uploads\/iden_linke.jpg\" alt width=\"1000\" height=\"563\" srcset=\"https:\/\/www.zeitgeistlos.de\/zgblog\/wp-content\/uploads\/iden_linke.jpg 1000w, https:\/\/www.zeitgeistlos.de\/zgblog\/wp-content\/uploads\/iden_linke-150x84.jpg 150w, https:\/\/www.zeitgeistlos.de\/zgblog\/wp-content\/uploads\/iden_linke-450x253.jpg 450w, https:\/\/www.zeitgeistlos.de\/zgblog\/wp-content\/uploads\/iden_linke-768x432.jpg 768w, https:\/\/www.zeitgeistlos.de\/zgblog\/wp-content\/uploads\/iden_linke-500x282.jpg 500w\" sizes=\"(max-width: 1000px) 100vw, 1000px\">Moralisierende Aktivisten hassen sachliche Analysen und n\u00fcchterne Argumente. Mit Ad Hominem, Kontaktschuld, Lagerdenken und Buzzwords k\u00f6nnen sie umgehen. Das ist ihr Spielfeld. Kriterien wie Verh\u00e4ltnism\u00e4\u00dfigkeit, Kontext und Rechtm\u00e4\u00dfigkeit, sind ihrer emotionalen Beweisf\u00fchrung komplett im Weg. Es gilt, aktivistische Haltungs-Standpunkte mit aller Gewalt durchzudr\u00fccken. Ohne R\u00fccksicht. Selbst wer sich als politisch non-bin\u00e4r bezeichnet, gilt als Feind. Denn wer nicht f\u00fcr uns ist, ist gegen uns.<\/p>\n<blockquote><p><span class=\"dquo\">\u00bb<\/span>Sobald man sagt, es ist notwendig, den komplexen Hintergrund zu analysieren, wird man verd\u00e4chtigt, den Terror der Hamas zu unterst\u00fctzen oder zu rechtfertigen. Dieses <strong>Analyseverbot<\/strong> geh\u00f6re zu einer Gesellschaft, die wie eine Wabe strukturiert sei.\u00ab<\/p>\n<p>- der slowenische Philosoph <a href=\"https:\/\/taz.de\/iek-auf-der-Frankfurter-Buchmesse\/!5964941\/\" target=\"_blank\" rel=\"noopener noreferrer\">Slavoj \u017di\u017eek<\/a> auf der Frankfurter Buchmesse am 17. Oktober 2023<\/p><\/blockquote>\n<p>Legitime Kritik und nachvollziehbare Einw\u00e4nde sind den (Hyper-)Moralisten im Weg. Deshalb auch der gro\u00dfe Shitstorm zu Slavoj \u017di\u017eek. Da sich der Mainstream stets auf der Seite <em>\u00bbder Guten\u00ab<\/em> (alle, die ihre Standpunkte teilen) im Kampf gegen <em>\u00bbdie B\u00f6sen\u00ab<\/em> (alle, die ihre Standpunkte nicht teilen) w\u00e4hnen, sind auch alle autokratischen, anti-demokratischen oder totalit\u00e4ren Methoden angemessen und erlaubt. Der st\u00e4ndige mediale Emp\u00f6rungshunger kombiniert mit digitalen Algorithmen, kennt seit gut drei Jahren nur noch die bin\u00e4re Wahrnehmung der Welt.<\/p>\n<p>Diffamierung. <a href=\"https:\/\/www.zeitgeistlos.de\/zgblog\/2021\/repression\/\" target=\"_blank\" rel=\"noopener noreferrer\">Repression<\/a>. Einsch\u00fcchterung. Cancel-Culture. Zensur. Im Kampf gegen Putin-und-Hamas-Versteher, Faschisten, Sexisten, Corona-Klima-was-wei\u00df-ich-noch-Leugner, Antisemiten, Verschw\u00f6rungsideologen, Querdenker und Rassisten \u2014 heiligt der Zweck immer die Mittel. Jede Barbarei und jedes Kriegsverbrechen ist angemessen, um <em>\u00bbdas B\u00f6se\u00ab<\/em> zu bek\u00e4mpfen. Diese moralisierende Infantilit\u00e4t, die einer modernen Inquisition gleicht und von Politik und Medien immer mehr in die Mitte der Gesellschaft tr\u00f6pfelt, f\u00fchrt geradewegs in den <a href=\"https:\/\/tkp.at\/2023\/10\/22\/warum-bequemlichkeit-eine-bevoelkerung-in-den-totalitarismus-treibt\/\" target=\"_blank\" rel=\"noopener noreferrer\">Totalitarismus<\/a>.<\/p>\n","protected":false},"excerpt":{"rendered":"<p>Moralisierende Aktivisten hassen sachliche Analysen und n\u00fcchterne Argumente. Mit Ad Hominem, Kontaktschuld, Lagerdenken und Buzzwords k\u00f6nnen sie umgehen. Das ist ihr Spielfeld. Kriterien wie Verh\u00e4ltnism\u00e4\u00dfigkeit, Kontext und Rechtm\u00e4\u00dfigkeit, sind ihrer emotionalen Beweisf\u00fchrung komplett im Weg. Es gilt, aktivistische Haltungs-Standpunkte mit \u2026 <a href=\"https:\/\/www.zeitgeistlos.de\/zgblog\/2023\/moralisierende-infantilitaet\/\">Weiterlesen <span class=\"meta-nav\">\u2192<\/span><\/a><\/p>\n","protected":false},"author":4,"featured_media":16056,"comment_status":"open","ping_status":"open","sticky":false,"template":"","format":"standard","meta":{"wp_typography_post_enhancements_disabled":false,"footnotes":""},"categories":[190],"tags":[2359,2354,1005,2151,40,225,2064,1443,2214,385],"class_list":["post-43566","post","type-post","status-publish","format-standard","has-post-thumbnail","hentry","category-gedanken","tag-autokratisch","tag-cancel-culture","tag-doppelmoral","tag-kontaktschuld","tag-krieg","tag-moral","tag-repression","tag-selbstzensur","tag-totalitarismus","tag-zensur"],"_links":{"self":[{"href":"https:\/\/www.zeitgeistlos.de\/zgblog\/wp-json\/wp\/v2\/posts\/43566","targetHints":{"allow":["GET"]}}],"collection":[{"href":"https:\/\/www.zeitgeistlos.de\/zgblog\/wp-json\/wp\/v2\/posts"}],"about":[{"href":"https:\/\/www.zeitgeistlos.de\/zgblog\/wp-json\/wp\/v2\/types\/post"}],"author":[{"embeddable":true,"href":"https:\/\/www.zeitgeistlos.de\/zgblog\/wp-json\/wp\/v2\/users\/4"}],"replies":[{"embeddable":true,"href":"https:\/\/www.zeitgeistlos.de\/zgblog\/wp-json\/wp\/v2\/comments?post=43566"}],"version-history":[{"count":24,"href":"https:\/\/www.zeitgeistlos.de\/zgblog\/wp-json\/wp\/v2\/posts\/43566\/revisions"}],"predecessor-version":[{"id":43718,"href":"https:\/\/www.zeitgeistlos.de\/zgblog\/wp-json\/wp\/v2\/posts\/43566\/revisions\/43718"}],"wp:featuredmedia":[{"embeddable":true,"href":"https:\/\/www.zeitgeistlos.de\/zgblog\/wp-json\/wp\/v2\/media\/16056"}],"wp:attachment":[{"href":"https:\/\/www.zeitgeistlos.de\/zgblog\/wp-json\/wp\/v2\/media?parent=43566"}],"wp:term":[{"taxonomy":"category","embeddable":true,"href":"https:\/\/www.zeitgeistlos.de\/zgblog\/wp-json\/wp\/v2\/categories?post=43566"},{"taxonomy":"post_tag","embeddable":true,"href":"https:\/\/www.zeitgeistlos.de\/zgblog\/wp-json\/wp\/v2\/tags?post=43566"}],"curies":[{"name":"wp","href":"https:\/\/api.w.org\/{rel}","templated":true}]}}