{"id":42818,"date":"2023-08-31T06:48:45","date_gmt":"2023-08-31T04:48:45","guid":{"rendered":"http:\/\/www.zeitgeistlos.de\/zgblog\/?p=42818"},"modified":"2023-08-30T22:00:54","modified_gmt":"2023-08-30T20:00:54","slug":"bananenrepublik-deutschland-7","status":"publish","type":"post","link":"https:\/\/www.zeitgeistlos.de\/zgblog\/2023\/bananenrepublik-deutschland-7\/","title":{"rendered":"Bananenrepublik Deutschland (7)"},"content":{"rendered":"<div id=\"attachment_42899\" style=\"width: 620px\" class=\"wp-caption aligncenter\"><img decoding=\"async\" aria-describedby=\"caption-attachment-42899\" class=\"wp-image-42899 size-full\" src=\"https:\/\/www.zeitgeistlos.de\/zgblog\/wp-content\/uploads\/unzufrieden1.jpg\" alt width=\"610\" height=\"156\" srcset=\"https:\/\/www.zeitgeistlos.de\/zgblog\/wp-content\/uploads\/unzufrieden1.jpg 610w, https:\/\/www.zeitgeistlos.de\/zgblog\/wp-content\/uploads\/unzufrieden1-450x115.jpg 450w, https:\/\/www.zeitgeistlos.de\/zgblog\/wp-content\/uploads\/unzufrieden1-150x38.jpg 150w, https:\/\/www.zeitgeistlos.de\/zgblog\/wp-content\/uploads\/unzufrieden1-500x128.jpg 500w\" sizes=\"(max-width: 610px) 100vw, 610px\"><p id=\"caption-attachment-42899\" class=\"wp-caption-text\">Alles Nazis, Corona-Leugner, Antisemiten, Transphobe, Klima-Leugner, Verschw\u00f6rungstheoretiker, Putinknechte, Sexisten, Impfverweigerer, Reichsb\u00fcrger und Amerika-Hasser. (welt.de vom 27. August 2023)<\/p><\/div>\n<p>(Haltungs-)Journalisten in Deutschland werden mehr und mehr als Volkserzieher entlarvt. Nachdem der WDR nun \u00bbWarnhinweise\u00ab bei alten Harald Schmidt- und Otto-Sendungen \u2011wegen vermeintlicher Diskriminierungsgefahr- angebracht hat und das viele Menschen kritisiert haben, <a href=\"https:\/\/www.tagesspiegel.de\/meinung\/wenn-pointen-von-damals-heute-aufregen-warnen-ist-ein-akt-der-rucksichtnahme-was-soll-daran-schlecht-sein-10341001.html\" target=\"_blank\" rel=\"noopener noreferrer\">springt nun die woke Sekte wieder ein<\/a>:<\/p>\n<blockquote><p><span class=\"dquo\">\u00bb<\/span>Die Humorvorstellungen und Pointen von damals gelten vielen heute als diskriminierend. Das mal als Tatsache akzeptiert, ist die Warnung nicht mehr als eine erwiesene R\u00fccksichtnahme.\u00ab<\/p><\/blockquote>\n<p>Wir sagen euch, was Humor sein darf und was nicht. Wir sagen euch, wen man diskriminieren darf und wen nicht. Betreutes Lachen. Betreutes Denken. Als Saskia Esken \u00f6ffentlich alle Corona-Ma\u00dfnahmen-Kritiker als <em>\u00bbCovidioten\u00ab<\/em> beschimpfte oder Montgomery von der <em>\u00bbTyrannei der Ungeimpften\u00ab<\/em> sprach, als monatelang via \u00bb2G\u00ab Millionen von Menschen ausgegrenzt und diskriminiert wurden, fanden das der Tagesspiegel, der WDR und viele Andere ganz toll. Aber bei offensichtlicher Satire die \u00bbDiskriminierung\u00ab enthalten soll, braucht es einen \u00bbWarnhinweis\u00ab. Doppelmoral und Bigotterie im Endstadium.<\/p>\n<hr>\n<p>Seit bald 50 Jahren gibt es in Deutschland <a href=\"https:\/\/www.tagesspiegel.de\/aus-den-ferien-zuruck-in-den-notfallmodus-andert-fur-die-armsten-schulen-die-verfassung-10370101.html\" target=\"_blank\" rel=\"noopener noreferrer\">marode Schulen<\/a> und eine Unterfinanzierung der Bildungslandschaft. Fast genauso lange beschw\u00f6ren s\u00e4mtliche Politiker in Deutschland, wie wichtig ihnen doch Bildung sei. Au\u00dfer Flickschusterei und sch\u00f6nen Sonntagsreden passiert jedoch wenig. Mit am Lautesten beklagen sich prim\u00e4r gr\u00fcnwoke Mittelschichtsspie\u00dfer. Das ist genau die Zielgruppe, die zwar st\u00e4ndig von Diversit\u00e4t, Pluralismus und Multi-Kulti reden \u2014 nur in ihrer Stra\u00dfe soll es bitte kein Fl\u00fcchtlingsheim geben und in den Schulen ihrer T\u00f6chter soll der Migrationsanteil bitte gering sein. Mit dieser Haltung sind sie mit daf\u00fcr verantwortlich, dass es niemals eine gerechte Verteilung von Bildungsgeldern und Migrantenkindern geben wird.<\/p>\n<hr>\n<p>Wer in Deutschland in der \u00d6ffentlichkeit steht und die gro\u00dfen Erz\u00e4hlungen zu Corona, Ukraine, Klima oder Gender in Frage stellt oder komplett anders sieht \u2014 muss nicht nur mit starkem Gegenwind, sondern immer h\u00e4ufiger auch mit Kriminalisierung sowie Ruf- und Jobverlust rechnen. Wer sich jedoch beim <a href=\"https:\/\/www.spiegel.de\/panorama\/cum-ex-affaere-ex-linker-fabio-de-masi-erstattet-anzeige-gegen-olaf-scholz-a-29c007d0-d458-4869-b91b-7da966ba2ea5\" target=\"_blank\" rel=\"noopener noreferrer\">gr\u00f6\u00dften deutschen Finanzskandal<\/a> vor einem Ausschuss mit <em>\u00bbErinnerungsl\u00fccken\u00ab<\/em> herausredet, kommt ungeschoren davon.<\/p>\n<hr>\n<p><a href=\"https:\/\/www.zeitgeistlos.de\/zgblog\/?s=Bananenrepublik+Deutschland&amp;submit=Suchen\" target=\"_blank\" rel=\"noopener noreferrer\">Bananenrepublik Deutschland<\/a><\/p>\n","protected":false},"excerpt":{"rendered":"<p>(Haltungs-)Journalisten in Deutschland werden mehr und mehr als Volkserzieher entlarvt. Nachdem der WDR nun \u00bbWarnhinweise\u00ab bei alten Harald Schmidt- und Otto-Sendungen \u2011wegen vermeintlicher Diskriminierungsgefahr- angebracht hat und das viele Menschen kritisiert haben, springt nun die woke Sekte wieder ein: \u00bbDie \u2026 <a href=\"https:\/\/www.zeitgeistlos.de\/zgblog\/2023\/bananenrepublik-deutschland-7\/\">Weiterlesen <span class=\"meta-nav\">\u2192<\/span><\/a><\/p>\n","protected":false},"author":4,"featured_media":16056,"comment_status":"open","ping_status":"open","sticky":false,"template":"","format":"standard","meta":{"wp_typography_post_enhancements_disabled":false,"footnotes":""},"categories":[4,203],"tags":[199,2308,264,988,2314,998,172,315,1645,371,1397],"class_list":["post-42818","post","type-post","status-publish","format-standard","has-post-thumbnail","hentry","category-politik","category-satire","tag-armut","tag-bananenrepublik","tag-gluck","tag-kindergarten","tag-querdenken","tag-realsatire","tag-rechtsstaat","tag-reichtum","tag-satire","tag-unrechtsstaat","tag-zufriedenheit"],"_links":{"self":[{"href":"https:\/\/www.zeitgeistlos.de\/zgblog\/wp-json\/wp\/v2\/posts\/42818","targetHints":{"allow":["GET"]}}],"collection":[{"href":"https:\/\/www.zeitgeistlos.de\/zgblog\/wp-json\/wp\/v2\/posts"}],"about":[{"href":"https:\/\/www.zeitgeistlos.de\/zgblog\/wp-json\/wp\/v2\/types\/post"}],"author":[{"embeddable":true,"href":"https:\/\/www.zeitgeistlos.de\/zgblog\/wp-json\/wp\/v2\/users\/4"}],"replies":[{"embeddable":true,"href":"https:\/\/www.zeitgeistlos.de\/zgblog\/wp-json\/wp\/v2\/comments?post=42818"}],"version-history":[{"count":23,"href":"https:\/\/www.zeitgeistlos.de\/zgblog\/wp-json\/wp\/v2\/posts\/42818\/revisions"}],"predecessor-version":[{"id":42940,"href":"https:\/\/www.zeitgeistlos.de\/zgblog\/wp-json\/wp\/v2\/posts\/42818\/revisions\/42940"}],"wp:featuredmedia":[{"embeddable":true,"href":"https:\/\/www.zeitgeistlos.de\/zgblog\/wp-json\/wp\/v2\/media\/16056"}],"wp:attachment":[{"href":"https:\/\/www.zeitgeistlos.de\/zgblog\/wp-json\/wp\/v2\/media?parent=42818"}],"wp:term":[{"taxonomy":"category","embeddable":true,"href":"https:\/\/www.zeitgeistlos.de\/zgblog\/wp-json\/wp\/v2\/categories?post=42818"},{"taxonomy":"post_tag","embeddable":true,"href":"https:\/\/www.zeitgeistlos.de\/zgblog\/wp-json\/wp\/v2\/tags?post=42818"}],"curies":[{"name":"wp","href":"https:\/\/api.w.org\/{rel}","templated":true}]}}