{"id":41680,"date":"2024-02-13T07:50:25","date_gmt":"2024-02-13T06:50:25","guid":{"rendered":"http:\/\/www.zeitgeistlos.de\/zgblog\/?p=41680"},"modified":"2024-02-10T17:04:38","modified_gmt":"2024-02-10T16:04:38","slug":"der-taegliche-lohnarbeitswahnsinn-14","status":"publish","type":"post","link":"https:\/\/www.zeitgeistlos.de\/zgblog\/2024\/der-taegliche-lohnarbeitswahnsinn-14\/","title":{"rendered":"Der t\u00e4gliche Lohnarbeitswahnsinn (14)"},"content":{"rendered":"<div id=\"attachment_44307\" style=\"width: 712px\" class=\"wp-caption aligncenter\"><a href=\"https:\/\/www.telepolis.de\/features\/Jens-Spahn-gegen-Generation-Z-Arbeit-Arbeit-nichts-als-Arbeit-9577241.html\" target=\"_blank\" rel=\"noopener noreferrer\"><img decoding=\"async\" aria-describedby=\"caption-attachment-44307\" class=\"wp-image-44307 size-full\" src=\"https:\/\/www.zeitgeistlos.de\/zgblog\/wp-content\/uploads\/spahn_arbeit.jpg\" alt width=\"702\" height=\"523\" srcset=\"https:\/\/www.zeitgeistlos.de\/zgblog\/wp-content\/uploads\/spahn_arbeit.jpg 702w, https:\/\/www.zeitgeistlos.de\/zgblog\/wp-content\/uploads\/spahn_arbeit-450x335.jpg 450w, https:\/\/www.zeitgeistlos.de\/zgblog\/wp-content\/uploads\/spahn_arbeit-150x112.jpg 150w, https:\/\/www.zeitgeistlos.de\/zgblog\/wp-content\/uploads\/spahn_arbeit-403x300.jpg 403w\" sizes=\"(max-width: 702px) 100vw, 702px\"><\/a><p id=\"caption-attachment-44307\" class=\"wp-caption-text\">telepolis.de<\/p><\/div>\n<p>Woran erkennt man, dass wir in Deutschland einen tief verinnerlichten Arbeitsfetisch haben? Woran sieht man, dass offensichtlich sehr viele Menschen in Deutschland eine regelrechte <em>\u00bbAngst vor der Freiheit\u00ab<\/em> besitzen, wie es Erich Fromm schon vor Jahrzehnten formuliert hatte? In einem BILD-Beitrag zur \u00bbVier-Tage-Woche\u00ab. Bei YouTube wurde das Video nach einigen Monaten auf \u00bbprivat\u00ab gestellt. Auf<a href=\"https:\/\/www.facebook.com\/bild\/videos\/die-vier-tage-woche-f%C3%BCr-alle-daphne-weber-bei-viertel-nach-acht\/793082132173528\/\" target=\"_blank\" rel=\"noopener noreferrer\"> Facebook<\/a> habe ich es noch gefunden. <!--more--><\/p>\n<hr>\n<p><strong>Die Sendung<\/strong><br>\nCarsten Linnemann (CDU) f\u00e4nde es echt gut, wenn man Arbeit <em>\u00bbnicht immer so schlecht machen\u00ab<\/em> w\u00fcrde. Das soll er mal den Millionen von Aufstockern, Niedrigl\u00f6hnern und Menschen sagen, die t\u00e4glich ihre <a href=\"https:\/\/de.wikipedia.org\/wiki\/Bullshit_Jobs\" target=\"_blank\" rel=\"noopener noreferrer\">Bullshit-Jobs<\/a> verrichten. Ausgerechnet die \u00bbarbeitgebernahe\u00ab CDU, die jahrzehntelang f\u00fcr Niedrigl\u00f6hne und gegen Mindestl\u00f6hne gek\u00e4mpft hat, will nun eine Heroisierung von Lohnarbeit?<\/p>\n<p>Waldemar Hartmann (Sportmoderator) kann nicht verstehen und nachvollziehen, dass es Menschen gibt, die sich nicht \u00fcber die Lohnarbeit definieren und selbstverwirklichen wollen, sondern an der sog. \u00bbWork-Life-Balance\u00ab festhalten. Ehrenamt. <a href=\"https:\/\/www.zeitgeistlos.de\/zgblog\/2018\/das-verschwinden-der-hobbys\/\" target=\"_blank\" rel=\"noopener noreferrer\">Hobbys<\/a>. Leidenschaften. Das alles z\u00e4hlt, f\u00fcr die meist eher \u00e4ltere Generation, nur wenig. Stattdessen: Arbeit. Arbeit. Arbeit.<\/p>\n<p>Die junge Daphne Weber (Linke) k\u00e4mpft hier auf einem verlorenem Posten. Sie spricht von besseren Arbeitsbedingungen, Work-Life-Balance und Gesundheit. Das alles sind keine Werte oder Argumente f\u00fcr Hartmann und Linnemann. Deshalb wird sie wohl auch st\u00e4ndig unterbrochen.<\/p>\n<hr>\n<p><strong>Die Kommentare<\/strong><br>\nIn der Kommentarspalte des <a href=\"https:\/\/www.youtube.com\/watch?v=CYoC3V83I7Y\" target=\"_blank\" rel=\"noopener noreferrer\">YouTube-Videos<\/a> (mittlerweile leider verschwunden) bildet sich der typische Lohnarbeits-Fetisch in Deutschland ab. Es gibt nur sehr wenige Beitr\u00e4ge, welche sich f\u00fcr die Vier-Tage-Woche aussprechen. Stattdessen wird Daphne Weber\u2019s Vorschlag rigoros abgelehnt und l\u00e4cherlich gemacht:<\/p>\n<p><em><span class=\"dquo\">\u00bb<\/span>Oh man, die Leistungsgesellschaft ist am Ende mit diesen Leuten.\u00ab<\/em><\/p>\n<p><em><span class=\"dquo\">\u00bb<\/span>Man sp\u00fcrt in jedem Wort, diese Frau hat wirklich Null Plan von Wirtschaft, hat nie gearbeitet und ist zerfressen von Neid.\u00ab<\/em><\/p>\n<p><em><span class=\"dquo\">\u00bb<\/span>Genau am besten wir gehen \u00fcberhaupt nicht mehr arbeiten.\u00ab<\/em><\/p>\n<p><em><span class=\"dquo\">\u00bb<\/span>Also ich bin \u00fcber jede Stunde froh die ich mehr arbeiten kann.\u00ab<\/em><\/p>\n<p><em><span class=\"dquo\">\u00bb<\/span>Genau wegen dem Schwachsinn geht Deutschland vor die Hunde.\u00ab<\/em><\/p>\n<p><em><span class=\"dquo\">\u00bb<\/span>Keiner arbeitet mehr und alle geniessen das Leben, welche Illusion hat die verweichlichte Dame.\u00ab<\/em><\/p>\n<hr>\n<p><strong>Das Fazit<\/strong><br>\nIn vielen L\u00e4ndern der Erde gehen die Menschen prim\u00e4r einer Arbeit nach, um zu leben. Sie leben nicht, um zu arbeiten, sondern arbeiten, um zu leben. Die Lohnarbeit wird als notwendiges \u00dcbel betrachtet. In Deutschland hingegen herrscht in Millionen von K\u00f6pfen und Herzen die Haltung und Einstellung vor, dass die Lohnarbeit der Sinn des Lebens sei.<\/p>\n<p>Sicher, es gibt einige Berufe, die durchaus Spa\u00df machen und erf\u00fcllend sein k\u00f6nnen. Die \u00dcberwindung von kraftraubender Plackerei und Schinderei \u2014 durch technologischen Fortschritt und Innovationen \u2014 scheint besonders in Deutschland nur wenig zu interessieren. Vermutlich w\u00fcrden in Deutschland viele eine Rente ab 70 auch begr\u00fc\u00dfen. Die meisten wissen sowieso nicht, was sie mit ihrer \u00bbfreien Rentenzeit\u00ab anfangen sollen.<\/p>\n<blockquote><p><span class=\"dquo\">\u00bb<\/span>Nat\u00fcrlich ist es sch\u00f6n, dass die meisten in unserem Land heute nur noch acht Stunden an f\u00fcnf Tagen arbeiten m\u00fcssen. Aber warum ist es automatisch besser, wenn es weniger wird? <strong>Wie kommen wir auf die abwegige Idee, dass Arbeit in irgendeinem Gegensatz zum Leben steht und damit in irgendeine Balance gebracht werden m\u00fcsse?<\/strong>\u00ab<\/p>\n<p>- Dr. Axel Klopprogge, Manager und Unternehmensberater auf <a href=\"https:\/\/www.hintergrund.de\/feuilleton\/zeitfragen\/wann-wird-arbeit-wieder-unsere-beste-freundin\/\" target=\"_blank\" rel=\"noopener noreferrer\">hintergrund.de<\/a> vom 17. November 2023<\/p><\/blockquote>\n<p>So geht Lohnarbeitsfetischismus. Ausgeprochen von Menschen, die niemals irgendeine Form von prek\u00e4rer oder k\u00f6rperlich anstrengender T\u00e4tigkeit nachgegangen sind oder nachgehen werden. Die allermeisten Menschen in Deutschland werden niemals das Privileg haben, ihre Leidenschaft zum Beruf zu machen oder acht Stunden am Tag in bequeme Sessel zu furzen \u2014 und daf\u00fcr auch noch Geld zu bekommen.<\/p>\n<hr>\n<div id=\"attachment_13939\" style=\"width: 614px\" class=\"wp-caption aligncenter\"><img decoding=\"async\" aria-describedby=\"caption-attachment-13939\" class=\"size-full wp-image-13939\" src=\"https:\/\/www.zeitgeistlos.de\/zgblog\/wp-content\/uploads\/Mitarbeiter.jpg\" alt width=\"604\" height=\"443\" srcset=\"https:\/\/www.zeitgeistlos.de\/zgblog\/wp-content\/uploads\/Mitarbeiter.jpg 604w, https:\/\/www.zeitgeistlos.de\/zgblog\/wp-content\/uploads\/Mitarbeiter-150x110.jpg 150w, https:\/\/www.zeitgeistlos.de\/zgblog\/wp-content\/uploads\/Mitarbeiter-450x330.jpg 450w, https:\/\/www.zeitgeistlos.de\/zgblog\/wp-content\/uploads\/Mitarbeiter-409x300.jpg 409w\" sizes=\"(max-width: 604px) 100vw, 604px\"><p id=\"caption-attachment-13939\" class=\"wp-caption-text\">by epikur<\/p><\/div>\n<hr>\n<p><a href=\"https:\/\/www.zeitgeistlos.de\/zgblog\/2016\/mein-chef-braucht-mich\/\" target=\"_blank\" rel=\"noopener noreferrer\"><span class=\"dquo\">\u00bb<\/span>Aber mein Chef braucht mich!\u00ab<\/a><br>\n<a href=\"https:\/\/www.zeitgeistlos.de\/zgblog\/?s=lohnarbeitswahnsinn&amp;submit=Suchen\" target=\"_blank\" rel=\"noopener noreferrer\">\u00bbDer t\u00e4gliche Lohnarbeitswahnnsinn 1\u201313\u00ab<\/a><\/p>\n","protected":false},"excerpt":{"rendered":"<p>Woran erkennt man, dass wir in Deutschland einen tief verinnerlichten Arbeitsfetisch haben? Woran sieht man, dass offensichtlich sehr viele Menschen in Deutschland eine regelrechte \u00bbAngst vor der Freiheit\u00ab besitzen, wie es Erich Fromm schon vor Jahrzehnten formuliert hatte? In einem \u2026 <a href=\"https:\/\/www.zeitgeistlos.de\/zgblog\/2024\/der-taegliche-lohnarbeitswahnsinn-14\/\">Weiterlesen <span class=\"meta-nav\">\u2192<\/span><\/a><\/p>\n","protected":false},"author":4,"featured_media":16056,"comment_status":"open","ping_status":"open","sticky":false,"template":"","format":"standard","meta":{"wp_typography_post_enhancements_disabled":false,"footnotes":""},"categories":[291],"tags":[1618,162,1563,1604,2332,341,264,419,290,567,1397],"class_list":["post-41680","post","type-post","status-publish","format-standard","has-post-thumbnail","hentry","category-arbeit","tag-arbeitsbedingungen","tag-arbeitsfetischismus","tag-arbeitsrechte","tag-arbeitszeit","tag-fetisch","tag-freiheit","tag-gluck","tag-leben","tag-lohnarbeit","tag-rente","tag-zufriedenheit"],"_links":{"self":[{"href":"https:\/\/www.zeitgeistlos.de\/zgblog\/wp-json\/wp\/v2\/posts\/41680","targetHints":{"allow":["GET"]}}],"collection":[{"href":"https:\/\/www.zeitgeistlos.de\/zgblog\/wp-json\/wp\/v2\/posts"}],"about":[{"href":"https:\/\/www.zeitgeistlos.de\/zgblog\/wp-json\/wp\/v2\/types\/post"}],"author":[{"embeddable":true,"href":"https:\/\/www.zeitgeistlos.de\/zgblog\/wp-json\/wp\/v2\/users\/4"}],"replies":[{"embeddable":true,"href":"https:\/\/www.zeitgeistlos.de\/zgblog\/wp-json\/wp\/v2\/comments?post=41680"}],"version-history":[{"count":37,"href":"https:\/\/www.zeitgeistlos.de\/zgblog\/wp-json\/wp\/v2\/posts\/41680\/revisions"}],"predecessor-version":[{"id":44914,"href":"https:\/\/www.zeitgeistlos.de\/zgblog\/wp-json\/wp\/v2\/posts\/41680\/revisions\/44914"}],"wp:featuredmedia":[{"embeddable":true,"href":"https:\/\/www.zeitgeistlos.de\/zgblog\/wp-json\/wp\/v2\/media\/16056"}],"wp:attachment":[{"href":"https:\/\/www.zeitgeistlos.de\/zgblog\/wp-json\/wp\/v2\/media?parent=41680"}],"wp:term":[{"taxonomy":"category","embeddable":true,"href":"https:\/\/www.zeitgeistlos.de\/zgblog\/wp-json\/wp\/v2\/categories?post=41680"},{"taxonomy":"post_tag","embeddable":true,"href":"https:\/\/www.zeitgeistlos.de\/zgblog\/wp-json\/wp\/v2\/tags?post=41680"}],"curies":[{"name":"wp","href":"https:\/\/api.w.org\/{rel}","templated":true}]}}