{"id":40356,"date":"2023-03-02T06:56:35","date_gmt":"2023-03-02T05:56:35","guid":{"rendered":"http:\/\/www.zeitgeistlos.de\/zgblog\/?p=40356"},"modified":"2023-03-01T17:47:14","modified_gmt":"2023-03-01T16:47:14","slug":"long-covid","status":"publish","type":"post","link":"https:\/\/www.zeitgeistlos.de\/zgblog\/2023\/long-covid\/","title":{"rendered":"Long-Covid. Post-Covid."},"content":{"rendered":"<p><img decoding=\"async\" class=\"aligncenter size-full wp-image-34524\" src=\"https:\/\/www.zeitgeistlos.de\/zgblog\/wp-content\/uploads\/lauterbach.jpg\" alt width=\"582\" height=\"527\" srcset=\"https:\/\/www.zeitgeistlos.de\/zgblog\/wp-content\/uploads\/lauterbach.jpg 582w, https:\/\/www.zeitgeistlos.de\/zgblog\/wp-content\/uploads\/lauterbach-442x400.jpg 442w, https:\/\/www.zeitgeistlos.de\/zgblog\/wp-content\/uploads\/lauterbach-150x136.jpg 150w, https:\/\/www.zeitgeistlos.de\/zgblog\/wp-content\/uploads\/lauterbach-331x300.jpg 331w\" sizes=\"(max-width: 582px) 100vw, 582px\"><\/p>\n<blockquote><p><span class=\"dquo\">\u00bb<\/span>Gem\u00e4\u00df dieser Definition werden unter dem Begriff Post-COVID-19-Syndrom gesundheitliche Beschwerden zusammengefasst, die in l\u00e4ngerem Abstand (in der Regel drei Monate) im Anschluss an eine durchgemachte SARS-CoV\u20112 Infektion \u00fcber l\u00e4ngere Zeit fortbestehen und <strong>anderweitig nicht erkl\u00e4rbar sind<\/strong>.\u00ab<\/p>\n<p>- <a href=\"https:\/\/www.rki.de\/SharedDocs\/FAQ\/NCOV2019\/FAQ_Long-COVID_Definition.html\" target=\"_blank\" rel=\"noopener noreferrer\">rki.de<\/a><\/p>\n<p><span class=\"dquo\">\u00bb<\/span>Long Covid bezeichnet die gesundheitlichen Sp\u00e4t- oder Langzeitfolgen der Coronavirus-Krankheit . [...] Eine einheitliche Definition<strong> existiert noch nicht<\/strong>. [...] Aufgrund der Neuartigkeit des Krankheitsbildes gibt es bislang <strong>keine einheitliche Definition<\/strong> f\u00fcr Langzeitfolgen [...] Behandlungsmethoden, deren Wirksamkeit gesichert ist, sind bis dato <strong>nicht etabliert<\/strong>.\u00ab<\/p>\n<p>- <a href=\"https:\/\/de.wikipedia.org\/wiki\/Long_COVID\" target=\"_blank\" rel=\"noopener noreferrer\">wikipedia<\/a><\/p><\/blockquote>\n<p><strong>Anmerkung:<\/strong> Wir wissen nicht, was Long-Covid und Post-Covid genau sein sollen. Wir haben keine Diagnostik daf\u00fcr. Keinen Nachweis. Keine Definition. Und keine gesicherten Behandlungsmethoden. Eine trennscharfe Unterscheidung zwischen Long-Covid und Post-Covid gibt es auch nicht. Inwiefern davon Geimpfte oder Ungeimpfte betroffen sind, wissen wir auch nicht genau. Von M\u00fcdigkeit, Entz\u00fcndungen im K\u00f6rper, zu Schlafst\u00f6rungen, \u00fcber Muskelschmerzen bis hin zu Herzerkrankungen ist aber alles dabei (<a href=\"https:\/\/www.mdr.de\/brisant\/long-covid-corona-142.html\" target=\"_blank\" rel=\"noopener noreferrer\">mehr als 200 Symptome<\/a>).<\/p>\n<p>Was aber sprachlich vermieden wird, ist, von Impf-Sch\u00e4den oder Impf-Nebenwirkungen zu sprechen. Oder wir verpacken sie in einen Anglizismus: \u00bbPost-Vac-Syndrom\u00ab. Bin ich ein Schwurbler, wenn ich hier den Versuch der Big-Pharma-Marketing-Abteilung sehe, s\u00e4mtliche Impf-Sch\u00e4den unter den Begriffen Long-Covid und Post-Covid aufzuteilen, um sie damit rhetorisch, statistisch und medizinisch klein zu halten? Und weshalb werden weiterhin geimpfte Menschen, die gestorben sind, erst 14 Tage nach der Impfung als \u00bbImpftote\u00ab gez\u00e4hlt und vorher als \u00bbungeimpft\u00ab gelistet?<\/p>\n","protected":false},"excerpt":{"rendered":"<p><span class=\"dquo\">\u00bb<\/span>Gem\u00e4\u00df dieser Definition werden unter dem Begriff Post-COVID-19-Syndrom gesundheitliche Beschwerden zusammengefasst, die in l\u00e4ngerem Abstand (in der Regel drei Monate) im Anschluss an eine durchgemachte SARS-CoV\u20112 Infektion \u00fcber l\u00e4ngere Zeit fortbestehen und anderweitig nicht erkl\u00e4rbar sind.\u00ab \u2014 rki.de \u00bbLong Covid \u2026 <a href=\"https:\/\/www.zeitgeistlos.de\/zgblog\/2023\/long-covid\/\">Weiterlesen <span class=\"meta-nav\">\u2192<\/span><\/a><\/p>\n","protected":false},"author":4,"featured_media":16056,"comment_status":"open","ping_status":"open","sticky":false,"template":"","format":"standard","meta":{"wp_typography_post_enhancements_disabled":false,"footnotes":""},"categories":[5],"tags":[2086,2032,2293,2109,2291,1077,2292,722],"class_list":["post-40356","post","type-post","status-publish","format-standard","has-post-thumbnail","hentry","category-medien","tag-big-pharma","tag-corona","tag-impf-schaeden","tag-impfung","tag-long-covid","tag-marketing","tag-post-vac","tag-pr"],"_links":{"self":[{"href":"https:\/\/www.zeitgeistlos.de\/zgblog\/wp-json\/wp\/v2\/posts\/40356","targetHints":{"allow":["GET"]}}],"collection":[{"href":"https:\/\/www.zeitgeistlos.de\/zgblog\/wp-json\/wp\/v2\/posts"}],"about":[{"href":"https:\/\/www.zeitgeistlos.de\/zgblog\/wp-json\/wp\/v2\/types\/post"}],"author":[{"embeddable":true,"href":"https:\/\/www.zeitgeistlos.de\/zgblog\/wp-json\/wp\/v2\/users\/4"}],"replies":[{"embeddable":true,"href":"https:\/\/www.zeitgeistlos.de\/zgblog\/wp-json\/wp\/v2\/comments?post=40356"}],"version-history":[{"count":29,"href":"https:\/\/www.zeitgeistlos.de\/zgblog\/wp-json\/wp\/v2\/posts\/40356\/revisions"}],"predecessor-version":[{"id":40499,"href":"https:\/\/www.zeitgeistlos.de\/zgblog\/wp-json\/wp\/v2\/posts\/40356\/revisions\/40499"}],"wp:featuredmedia":[{"embeddable":true,"href":"https:\/\/www.zeitgeistlos.de\/zgblog\/wp-json\/wp\/v2\/media\/16056"}],"wp:attachment":[{"href":"https:\/\/www.zeitgeistlos.de\/zgblog\/wp-json\/wp\/v2\/media?parent=40356"}],"wp:term":[{"taxonomy":"category","embeddable":true,"href":"https:\/\/www.zeitgeistlos.de\/zgblog\/wp-json\/wp\/v2\/categories?post=40356"},{"taxonomy":"post_tag","embeddable":true,"href":"https:\/\/www.zeitgeistlos.de\/zgblog\/wp-json\/wp\/v2\/tags?post=40356"}],"curies":[{"name":"wp","href":"https:\/\/api.w.org\/{rel}","templated":true}]}}