{"id":39754,"date":"2023-01-01T16:49:20","date_gmt":"2023-01-01T15:49:20","guid":{"rendered":"http:\/\/www.zeitgeistlos.de\/zgblog\/?p=39754"},"modified":"2023-01-02T01:18:57","modified_gmt":"2023-01-02T00:18:57","slug":"der-autoritaere-geist-2","status":"publish","type":"post","link":"https:\/\/www.zeitgeistlos.de\/zgblog\/2023\/der-autoritaere-geist-2\/","title":{"rendered":"Der autorit\u00e4re Geist (2)"},"content":{"rendered":"<div id=\"attachment_32729\" style=\"width: 1210px\" class=\"wp-caption aligncenter\"><a href=\"https:\/\/twitter.com\/BVG_Kampagne\/status\/1377651865266044937\" target=\"_blank\" rel=\"noopener noreferrer\"><img decoding=\"async\" aria-describedby=\"caption-attachment-32729\" class=\"wp-image-32729 size-full\" src=\"https:\/\/www.zeitgeistlos.de\/zgblog\/wp-content\/uploads\/BVG_autorit\u00e4r.jpg\" alt width=\"1200\" height=\"678\" srcset=\"https:\/\/www.zeitgeistlos.de\/zgblog\/wp-content\/uploads\/BVG_autorit\u00e4r.jpg 1200w, https:\/\/www.zeitgeistlos.de\/zgblog\/wp-content\/uploads\/BVG_autorit\u00e4r-450x254.jpg 450w, https:\/\/www.zeitgeistlos.de\/zgblog\/wp-content\/uploads\/BVG_autorit\u00e4r-1024x579.jpg 1024w, https:\/\/www.zeitgeistlos.de\/zgblog\/wp-content\/uploads\/BVG_autorit\u00e4r-150x85.jpg 150w, https:\/\/www.zeitgeistlos.de\/zgblog\/wp-content\/uploads\/BVG_autorit\u00e4r-768x434.jpg 768w, https:\/\/www.zeitgeistlos.de\/zgblog\/wp-content\/uploads\/BVG_autorit\u00e4r-500x283.jpg 500w\" sizes=\"(max-width: 1200px) 100vw, 1200px\"><\/a><p id=\"caption-attachment-32729\" class=\"wp-caption-text\"><span class=\"dquo\">\u00bb<\/span>Es wird jetzt so gemacht und basta! Selberdenken verboten!\u00ab<\/p><\/div>\n<p>Seit den Corona-Ma\u00dfnahmen hat sich nicht nur der autorit\u00e4re Charakter wieder in all seiner Pracht gezeigt, sondern auch der \u00fcberm\u00e4\u00dfige Hang durch Verbote, Regeln und Strafen, Menschen erziehen zu wollen. Freilich immer<em> im Namen des Guten<\/em> und <em>f\u00fcr die gute Sache<\/em>. Wie k\u00f6nnte es auch anders sein. Es werden Einzelpersonen und\/oder Ereignisse instrumentalisiert, um vermeintlich moralisch erhabene Verbote in den Diskurs einzubringen und gegebenenfalls sogar durchzusetzen.<\/p>\n<p>Da w\u00e4re beispielsweise die Diskussion um das B\u00f6llerverbot. Ja, da haben ein paar Spinner mal wieder \u00fcbertrieben. Das gibt es jedes Jahr. Mal mehr. Mal weniger. Das wird aber sofort benutzt, um ein B\u00f6llerverbot ins Spiel zu bringen. Die Corona-Ma\u00dfnahmen dienten hier in den letzten Jahren schon als n\u00fctzliches Vehikel. Ja, es gibt viele gute Argumente gegen das B\u00f6llern. Aber wollen wir den Menschen denn gar keine <a href=\"https:\/\/www.zeitgeistlos.de\/zgblog\/?s=lebensfreude&amp;submit=Suchen\" target=\"_blank\" rel=\"noopener noreferrer\">Lebensfreude<\/a> mehr erlauben? Und das die Leute \u2011nach diesen trostlosen und demprimierenden letzten drei Jahren- ordentlich die Sau rauslassen wollen, sollte menschlich nachvollziehbar sein.<\/p>\n<p>In Deutschland gibt es offensichtlich immer noch sehr viele Menschen, die davon \u00fcberzeugt sind, nur dann in Freiheit leben zu k\u00f6nnen, wenn der Staat Selbige auf ein Minimum reduziert und einschr\u00e4nkt. Alles verbieten und bis ins Kleinste mit Gesetzen, Verordnungen und Regeln durchziehen. Der Alltagsk\u00e4fig wird dadurch zwar immer kleiner und enger, aber scheinbar versteht man genau das hier als <em>Freiheit<\/em>. Und jeder, der mehr vom Leben will und erwartet, wird dann von einer Armada von moralinsauren \u00dcbermenschen sturmreif geschossen.<\/p>\n<p>Gleichzeitig h\u00f6rt man immer wieder die Rufe nach <a href=\"https:\/\/weltwoche.ch\/daily\/die-twitter-files-offenbaren-ein-erschreckendes-ausmass-von-zensur-und-manipulation-waehrend-der-corona-krise-noch-erschreckender-ist-reaktion-der-etablierten-medien-sie-huellen-sich-in\/\" target=\"_blank\" rel=\"noopener noreferrer\"><em>Zensur<\/em><\/a> und <a href=\"https:\/\/www.zeit.de\/zett\/2020-03\/warum-der-ruf-nach-haerteren-strafen-die-kriminalitaet-nicht-senkt?\" target=\"_blank\" rel=\"noopener noreferrer\"><em>h\u00e4rteren Strafen<\/em><\/a>. Das schwarze P\u00e4dagogik und eine ausufernde strukturelle Gewalt, Menschen wohl eher selten zu selbstbewussten, zufriedenen und ausgeglichenen Charakteren macht, interessiert den autorit\u00e4ren Geist nur wenig. Er will bevormunden, g\u00e4ngeln, regulieren und bestrafen. Hier offenbart sich ein zutiefst menschenverachtendes Menschenbild. Denn individuelle Bed\u00fcrfnisse und Interessen zu unterst\u00fctzen, f\u00f6rdert nicht nur die intrinsische Motivation von Menschen, sondern auch die Selbstwirksamkeit und somit den demokratischen Habitus. Daf\u00fcr w\u00fcrde der autorit\u00e4re Charakter jedoch Empathie ben\u00f6tigen, die er zutiefst verachtet.<\/p>\n<hr>\n<p><a href=\"https:\/\/www.zeitgeistlos.de\/zgblog\/2021\/der-autoritaere-geist\/\" target=\"_blank\" rel=\"noopener noreferrer\">Der autorit\u00e4re Geist<\/a><\/p>\n","protected":false},"excerpt":{"rendered":"<p>Seit den Corona-Ma\u00dfnahmen hat sich nicht nur der autorit\u00e4re Charakter wieder in all seiner Pracht gezeigt, sondern auch der \u00fcberm\u00e4\u00dfige Hang durch Verbote, Regeln und Strafen, Menschen erziehen zu wollen. Freilich immer im Namen des Guten und f\u00fcr die gute \u2026 <a href=\"https:\/\/www.zeitgeistlos.de\/zgblog\/2023\/der-autoritaere-geist-2\/\">Weiterlesen <span class=\"meta-nav\">\u2192<\/span><\/a><\/p>\n","protected":false},"author":4,"featured_media":16056,"comment_status":"open","ping_status":"open","sticky":false,"template":"","format":"standard","meta":{"wp_typography_post_enhancements_disabled":false,"footnotes":""},"categories":[5],"tags":[1288,321,508,2201,93,341,1766,521,1341,172,1747,1481],"class_list":["post-39754","post","type-post","status-publish","format-standard","has-post-thumbnail","hentry","category-medien","tag-autoritaet","tag-bundesregierung","tag-charakter","tag-corona-massnahmen","tag-erich-fromm","tag-freiheit","tag-gehorsam","tag-kritik","tag-philosophie","tag-rechtsstaat","tag-regierung","tag-strafe"],"_links":{"self":[{"href":"https:\/\/www.zeitgeistlos.de\/zgblog\/wp-json\/wp\/v2\/posts\/39754","targetHints":{"allow":["GET"]}}],"collection":[{"href":"https:\/\/www.zeitgeistlos.de\/zgblog\/wp-json\/wp\/v2\/posts"}],"about":[{"href":"https:\/\/www.zeitgeistlos.de\/zgblog\/wp-json\/wp\/v2\/types\/post"}],"author":[{"embeddable":true,"href":"https:\/\/www.zeitgeistlos.de\/zgblog\/wp-json\/wp\/v2\/users\/4"}],"replies":[{"embeddable":true,"href":"https:\/\/www.zeitgeistlos.de\/zgblog\/wp-json\/wp\/v2\/comments?post=39754"}],"version-history":[{"count":21,"href":"https:\/\/www.zeitgeistlos.de\/zgblog\/wp-json\/wp\/v2\/posts\/39754\/revisions"}],"predecessor-version":[{"id":39775,"href":"https:\/\/www.zeitgeistlos.de\/zgblog\/wp-json\/wp\/v2\/posts\/39754\/revisions\/39775"}],"wp:featuredmedia":[{"embeddable":true,"href":"https:\/\/www.zeitgeistlos.de\/zgblog\/wp-json\/wp\/v2\/media\/16056"}],"wp:attachment":[{"href":"https:\/\/www.zeitgeistlos.de\/zgblog\/wp-json\/wp\/v2\/media?parent=39754"}],"wp:term":[{"taxonomy":"category","embeddable":true,"href":"https:\/\/www.zeitgeistlos.de\/zgblog\/wp-json\/wp\/v2\/categories?post=39754"},{"taxonomy":"post_tag","embeddable":true,"href":"https:\/\/www.zeitgeistlos.de\/zgblog\/wp-json\/wp\/v2\/tags?post=39754"}],"curies":[{"name":"wp","href":"https:\/\/api.w.org\/{rel}","templated":true}]}}