{"id":39070,"date":"2022-12-01T06:50:20","date_gmt":"2022-12-01T05:50:20","guid":{"rendered":"http:\/\/www.zeitgeistlos.de\/zgblog\/?p=39070"},"modified":"2022-11-30T21:56:08","modified_gmt":"2022-11-30T20:56:08","slug":"geschwaetz-von-gestern-9","status":"publish","type":"post","link":"https:\/\/www.zeitgeistlos.de\/zgblog\/2022\/geschwaetz-von-gestern-9\/","title":{"rendered":"Geschw\u00e4tz von gestern (9)"},"content":{"rendered":"<div id=\"attachment_31380\" style=\"width: 611px\" class=\"wp-caption aligncenter\"><img decoding=\"async\" aria-describedby=\"caption-attachment-31380\" class=\"wp-image-31380 size-full\" src=\"https:\/\/www.zeitgeistlos.de\/zgblog\/wp-content\/uploads\/BMG_Impfpflicht.jpg\" alt width=\"601\" height=\"665\" srcset=\"https:\/\/www.zeitgeistlos.de\/zgblog\/wp-content\/uploads\/BMG_Impfpflicht.jpg 601w, https:\/\/www.zeitgeistlos.de\/zgblog\/wp-content\/uploads\/BMG_Impfpflicht-362x400.jpg 362w, https:\/\/www.zeitgeistlos.de\/zgblog\/wp-content\/uploads\/BMG_Impfpflicht-136x150.jpg 136w, https:\/\/www.zeitgeistlos.de\/zgblog\/wp-content\/uploads\/BMG_Impfpflicht-271x300.jpg 271w\" sizes=\"(max-width: 601px) 100vw, 601px\"><p id=\"caption-attachment-31380\" class=\"wp-caption-text\">St\u00e4ndig gab es: \u00bbNeue Erkenntnisse!\u00ab<\/p><\/div>\n<p>Das Corona-Schiff sinkt und sinkt. Was wir jetzt erleben, sind nicht nur letzte (R\u00fcckzugs-)Gefechte, sondern auch Whitewashing, die Flucht nach vorn und ein widerliches Nachtreten, um-sich-bei\u00dfen und Nicht-Wahr-Haben-Wollen. Und dann w\u00e4ren da noch die Wendeh\u00e4lse, die noch schnell ihre Sch\u00e4fchen ins Trockene bringen wollen, bevor Jemand auf die Idee kommen k\u00f6nnte, Rehabilitation oder gar Schadensersatz zu fordern. Jetzt fehlt nur noch: <em>\u00bbEigentlich war ich ja schon immer ungeimpft!\u00ab<\/em><\/p>\n<p>Jede noch so kleine Bef\u00fcrchtung der Ma\u00dfnahmen-Kritiker hat sich bewahrheitet. Eine v\u00f6llig \u00fcberbewertete \u00bbImpfung\u00ab. Dauerhaftes Impf-Abo. Der starke <a href=\"https:\/\/www.welt.de\/themen\/bill-gates\/\" target=\"_blank\" rel=\"noopener noreferrer\">Einfluss von Bill Gates<\/a>. Die Bundesregierung als Vertriebsabteilung von \u00bbBig Pharma\u00ab. Massenhafte Impf-Nebenwirkungen. Kollateralsch\u00e4den der Ma\u00dfnahmen stehen in keinem Verh\u00e4ltnis zu ihrem Nutzen. Kita- und Schulschlie\u00dfungen waren \u00fcberfl\u00fcssig und haben gro\u00dfe Sch\u00e4den angerichtet. Das Virus kommt aus dem Labor. <a href=\"https:\/\/norberthaering.de\/macht-kontrolle\/g20-impfpaesse\/\" target=\"_blank\" rel=\"noopener noreferrer\">ID2020<\/a>. Und vieles vieles mehr.<!--more--><\/p>\n<hr>\n<p>Ein kleiner Blick in die grandiose \u00d6ffentlichkeitsarbeit. Sponsored by Steuerzahler.<\/p>\n<p>Mut zur Faulheit und zur Unterwerfung:<\/p>\n<blockquote class=\"twitter-tweet\">\n<p dir=\"ltr\" lang=\"qme\"><a href=\"https:\/\/twitter.com\/hashtag\/besonderehelden?src=hash&amp;ref_src=twsrc%5Etfw\">#besonderehelden<\/a> <a href=\"https:\/\/t.co\/lrb0ntUee3\">pic.twitter.com\/lrb0ntUee3<\/a><\/p>\n<p>\u2014 Steffen Seibert (@RegSprecherStS) <a href=\"https:\/\/twitter.com\/RegSprecherStS\/status\/1327612253080670210?ref_src=twsrc%5Etfw\">November 14, 2020<\/a><\/p><\/blockquote>\n<p><script async src=\"https:\/\/platform.twitter.com\/widgets.js\" charset=\"utf-8\"><\/script><\/p>\n<p>Die \u00d6sterreichische Gesundheitskasse m\u00f6chte Lebensfreude mit mRNA verbreiten:<\/p>\n<p><iframe title=\"YouTube video player\" src=\"https:\/\/www.youtube.com\/embed\/Kr6aipcmjwA\" width=\"500\" height=\"300\" frameborder=\"0\" allowfullscreen=\"allowfullscreen\"><\/iframe><\/p>\n<p>Rund <a href=\"https:\/\/fragdenstaat.de\/anfrage\/anzeigen-in-den-printmedien-faktenbooster-01\/#nachricht-724194\" target=\"_blank\" rel=\"noopener noreferrer\">15 Millionen Euro<\/a> hat das Bundesministerium f\u00fcr Gesundheit f\u00fcr die Kampagne \u00bbFaktenbooster\u00ab rausgehauen. Dabei operierte sie mit falschen Zahlen. Konsequenzen f\u00fcr die massive Verschwendung von Steuergeldern und f\u00fcr die staatlichen Fake News gibt es bis heute nicht.<\/p>\n<p><img decoding=\"async\" class=\"aligncenter size-full wp-image-39331\" src=\"https:\/\/www.zeitgeistlos.de\/zgblog\/wp-content\/uploads\/falsch_corona.jpg\" alt width=\"605\" height=\"562\" srcset=\"https:\/\/www.zeitgeistlos.de\/zgblog\/wp-content\/uploads\/falsch_corona.jpg 605w, https:\/\/www.zeitgeistlos.de\/zgblog\/wp-content\/uploads\/falsch_corona-431x400.jpg 431w, https:\/\/www.zeitgeistlos.de\/zgblog\/wp-content\/uploads\/falsch_corona-150x139.jpg 150w, https:\/\/www.zeitgeistlos.de\/zgblog\/wp-content\/uploads\/falsch_corona-323x300.jpg 323w\" sizes=\"(max-width: 605px) 100vw, 605px\"><\/p>\n<p>Absolute Humorgefahr:<\/p>\n<blockquote class=\"twitter-tweet\">\n<p dir=\"ltr\" lang=\"de\">Schatzj\u00e4ger m\u00fcssen nicht lange suchen: Impfm\u00f6glichkeiten gibt es genug. Jetzt den Corona-Impfschutz auffrischen und gleichzeitig gegen Influenza mitimpfen lassen. ?<\/p>\n<p>?? Weitere Informationen gibt es unter <a href=\"https:\/\/t.co\/WzUi6Pzt58\">https:\/\/t.co\/WzUi6Pzt58<\/a> <a href=\"https:\/\/t.co\/q5Q4XzQTFq\">pic.twitter.com\/q5Q4XzQTFq<\/a><\/p>\n<p>\u2014 Ministerium f\u00fcr Wissenschaft und Gesundheit #RLP (@MWGRLP) <a href=\"https:\/\/twitter.com\/MWGRLP\/status\/1585554937785864192?ref_src=twsrc%5Etfw\">October 27, 2022<\/a><\/p><\/blockquote>\n<p><script async src=\"https:\/\/platform.twitter.com\/widgets.js\" charset=\"utf-8\"><\/script><\/p>\n<p>Wollt Ihr mehr?<\/p>\n<blockquote class=\"twitter-tweet\">\n<p dir=\"ltr\" lang=\"de\"><span class=\"dquo\">\u201e<\/span>Man kann nicht einfach nach Mordor spazieren, ohne ausreichenden Impfschutz.\u201c Jetzt den <a href=\"https:\/\/twitter.com\/hashtag\/Corona?src=hash&amp;ref_src=twsrc%5Etfw\">#Corona<\/a>-<a href=\"https:\/\/twitter.com\/hashtag\/Impfschutz?src=hash&amp;ref_src=twsrc%5Etfw\">#Impfschutz<\/a> auffrischen und gleichzeitig gegen <a href=\"https:\/\/twitter.com\/hashtag\/Influenza?src=hash&amp;ref_src=twsrc%5Etfw\">#Influenza<\/a> mitimpfen lassen. ? <a href=\"https:\/\/t.co\/zHSeOlyne6\">pic.twitter.com\/zHSeOlyne6<\/a><\/p>\n<p>\u2014 Ministerium f\u00fcr Wissenschaft und Gesundheit #RLP (@MWGRLP) <a href=\"https:\/\/twitter.com\/MWGRLP\/status\/1584468779357962240?ref_src=twsrc%5Etfw\">October 24, 2022<\/a><\/p><\/blockquote>\n<p><script async src=\"https:\/\/platform.twitter.com\/widgets.js\" charset=\"utf-8\"><\/script><br>\n\u00bbDie Wissenschaft\u00ab zeigt wie es geht:<\/p>\n<blockquote class=\"twitter-tweet\">\n<p dir=\"ltr\" lang=\"de\">Was macht das mit euch? <a href=\"https:\/\/t.co\/cYkgm7oBJ8\">pic.twitter.com\/cYkgm7oBJ8<\/a><\/p>\n<p>\u2014 Corona Realism (@holmenkollin) <a href=\"https:\/\/twitter.com\/holmenkollin\/status\/1593646010282016768?ref_src=twsrc%5Etfw\">November 18, 2022<\/a><\/p><\/blockquote>\n<p><script async src=\"https:\/\/platform.twitter.com\/widgets.js\" charset=\"utf-8\"><\/script><\/p>\n<p>Rund 60 Millionen Euro hat dann diese Kampagne gekostet:<\/p>\n<p><img decoding=\"async\" class=\"aligncenter size-full wp-image-39340\" src=\"https:\/\/www.zeitgeistlos.de\/zgblog\/wp-content\/uploads\/impfen-hilft.jpg\" alt width=\"775\" height=\"417\" srcset=\"https:\/\/www.zeitgeistlos.de\/zgblog\/wp-content\/uploads\/impfen-hilft.jpg 775w, https:\/\/www.zeitgeistlos.de\/zgblog\/wp-content\/uploads\/impfen-hilft-450x242.jpg 450w, https:\/\/www.zeitgeistlos.de\/zgblog\/wp-content\/uploads\/impfen-hilft-150x81.jpg 150w, https:\/\/www.zeitgeistlos.de\/zgblog\/wp-content\/uploads\/impfen-hilft-768x413.jpg 768w, https:\/\/www.zeitgeistlos.de\/zgblog\/wp-content\/uploads\/impfen-hilft-500x269.jpg 500w\" sizes=\"(max-width: 775px) 100vw, 775px\"><\/p>\n<p>Und jetzt ratet mal wo man die Hunderte Millionen Euros besser investiert h\u00e4tte? Genau. Aber Pflegekr\u00e4fte, Kliniken und Krankenh\u00e4user gehen auch in Jahr Drei leer aus.<\/p>\n<hr>\n<p>Immerhin ist ein Gro\u00dfteil der Bev\u00f6lkerung langsam corona-m\u00fcde. Sie k\u00f6nnen und wollen es nicht mehr h\u00f6ren. Ob sie daraus gelernt oder gar Erkenntnisse gewonnen haben, damit sich so eine Farce nicht noch einmal wiederholt, darf jedoch bezweifelt werden. Unsere Alpha-Journalisten legen schon mal vor:<\/p>\n<p><img decoding=\"async\" class=\"aligncenter wp-image-39323 size-full\" src=\"https:\/\/www.zeitgeistlos.de\/zgblog\/wp-content\/uploads\/h\u00f6llenhund.jpg\" alt width=\"870\" height=\"502\" srcset=\"https:\/\/www.zeitgeistlos.de\/zgblog\/wp-content\/uploads\/h\u00f6llenhund.jpg 870w, https:\/\/www.zeitgeistlos.de\/zgblog\/wp-content\/uploads\/h\u00f6llenhund-450x260.jpg 450w, https:\/\/www.zeitgeistlos.de\/zgblog\/wp-content\/uploads\/h\u00f6llenhund-150x87.jpg 150w, https:\/\/www.zeitgeistlos.de\/zgblog\/wp-content\/uploads\/h\u00f6llenhund-768x443.jpg 768w, https:\/\/www.zeitgeistlos.de\/zgblog\/wp-content\/uploads\/h\u00f6llenhund-500x289.jpg 500w\" sizes=\"(max-width: 870px) 100vw, 870px\"><\/p>\n<p>Es gab so viele L\u00fcgen, Panikmache, leere Versprechungen und autorit\u00e4re Ank\u00fcndigungen \u2014 die politische Kommunikation war nicht nur eine komplette Katastrophe, sondern hat auch das Vertrauen in Politik, Rechtsstaat, Massenmedien, Justiz, Wissenschaft und Polizei nachhaltig zerst\u00f6rt. Die Tagesschau wundert sich jetzt \u00fcber den mangelnden Zusammenhalt der Menschen in Deutschland: <em>\u00bbWIR gesucht \u2014 Was h\u00e4lt uns zusammen? ist das Motto der aktuellen ARD-Themenwoche.\u00ab <\/em>Wie viel kognitive Dissonanz und Realit\u00e4tsverdr\u00e4ngung vertr\u00e4gt eine Gesellschaft?<\/p>\n<p><a href=\"https:\/\/www.nationalstiftung.de\/aktuelles\/der-nationalpreis-2021-geht-an-prof-dr-alena-buyx\/#\" target=\"_blank\" rel=\"noopener noreferrer\"><img decoding=\"async\" class=\"aligncenter wp-image-39335 size-full\" src=\"https:\/\/www.zeitgeistlos.de\/zgblog\/wp-content\/uploads\/buyx_gaga.jpg\" alt width=\"1000\" height=\"234\" srcset=\"https:\/\/www.zeitgeistlos.de\/zgblog\/wp-content\/uploads\/buyx_gaga.jpg 1000w, https:\/\/www.zeitgeistlos.de\/zgblog\/wp-content\/uploads\/buyx_gaga-450x105.jpg 450w, https:\/\/www.zeitgeistlos.de\/zgblog\/wp-content\/uploads\/buyx_gaga-150x35.jpg 150w, https:\/\/www.zeitgeistlos.de\/zgblog\/wp-content\/uploads\/buyx_gaga-768x180.jpg 768w, https:\/\/www.zeitgeistlos.de\/zgblog\/wp-content\/uploads\/buyx_gaga-500x117.jpg 500w\" sizes=\"(max-width: 1000px) 100vw, 1000px\"><\/a>Moderne Ethik nach Buyx geht dann so:<\/p>\n<p><em><span class=\"dquo\">\u00bb<\/span>Wir brauchen mehr Regulierung f\u00fcr Twitter! Wir m\u00fcssen aus allen Rohren schie\u00dfen!\u00ab <\/em>(<a href=\"https:\/\/twitter.com\/tomdabassman\/status\/1537011632487923712?ref_src=twsrc%5Etfw%7Ctwcamp%5Etweetembed%7Ctwterm%5E1537011632487923712%7Ctwgr%5Ef6a3df6d895166b96b93e25aa35243a01c4e21d4%7Ctwcon%5Es1_&amp;ref_url=http%3A%2F%2Fwww.zeitgeistlos.de%2Fzgblog%2F2022%2Fparallel-universum-2%2F\" target=\"_blank\" rel=\"noopener noreferrer\">Quelle<\/a>)<em><br>\n<\/em><\/p>\n<p><em><span class=\"dquo\">\u00bb<\/span>Jede Dosis muss in einen Arm.\u00ab <\/em>(<a href=\"https:\/\/www.spiegel.de\/politik\/deutschland\/corona-ethikrat-vorsitzende-alena-buyx-sieht-moralische-pflicht-zum-impfen-a-ce57df69-2e2a-4f09-a08c-e06765046230\" target=\"_blank\" rel=\"noopener noreferrer\">Quelle<\/a>)<em><br>\n<\/em><\/p>\n<p><em><span class=\"dquo\">\u00bb<\/span>Aus ethischer Sicht bestehen wichtige Vorteile verk\u00f6rperter KI-Anwendungen im Bereich der psychischen Gesundheit.\u00ab <\/em>(<a href=\"https:\/\/www.corodok.de\/alena-buyx-ki\/\" target=\"_blank\" rel=\"noopener noreferrer\">Quelle<\/a>)<\/p>\n<hr>\n<p>Mit der Ank\u00fcndigung man wolle insbesondere die alten und vulnerablen Menschen sch\u00fctzen, hat man ihnen gleichzeitig unbeschreibliches Leid zugef\u00fcgt:<\/p>\n<blockquote><p><span class=\"dquo\">\u00bb<\/span>Demnach wurde der Zutritt selbst f\u00fcr Haus\u00e4rzte und geriatrische Fach\u00e4rzte in jeder dritten station\u00e4ren Einrichtung entsprechend reglementiert. Noch heftiger traf es Psychotherapeuten. F\u00fcr sie galten in zwei von drei Heimen Zugangsbeschr\u00e4nkungen. In jedem f\u00fcnften wurde ihnen <strong>der Zutritt sogar komplett untersagt<\/strong>.\u00ab<\/p>\n<p>- <a href=\"https:\/\/www.tagesspiegel.de\/gesundheit\/erschreckende-bilanz-von-schutzmassnahmen-in-pflegeheimen-heimbewohner-ohne-zahnarzt-und-psychotherapeuten-8892859.html\" target=\"_blank\" rel=\"noopener noreferrer\">tagesspiegel.de<\/a> vom 18. November 2022<\/p><\/blockquote>\n<p>Familien durften ihre Angeh\u00f6rigen nicht besuchen. Alte Menschen wurden zwangsisoliert und eingesperrt. Viele starben einsam. Es bleibt ein Verbrechen gegen die Menschlichkeit. Derweil bleibt ein Gro\u00dfteil der deutschen Journalisten gefangen im eigenen Coronismus (Jost M\u00fcller-Neuhof, tagesspiegel.de vom 22. November 2022): <em>\u00bbIhr Job ist es laut Amtseid, Schaden vom Volk abzuwenden. <strong>Vielleicht hat Angela Merkel das in der Pandemie sogar ganz gut hinbekommen<\/strong>, auch im rechtsstaatlichen Sinn.\u00ab<\/em> Die gr\u00f6\u00dften Grundrechtseinschr\u00e4nkungen seit dem Zweiten Weltkrieg, v\u00f6llig \u00fcberzogen, ungeeignet und unverh\u00e4ltnism\u00e4\u00dfig, aber: <em>\u00bbsie hat es ganz gut hinbekommen\u00ab<\/em>. Was darf Satire?<\/p>\n<hr>\n<p><img decoding=\"async\" class=\"aligncenter size-full wp-image-39072\" src=\"https:\/\/www.zeitgeistlos.de\/zgblog\/wp-content\/uploads\/impfangebot.jpg\" alt width=\"1024\" height=\"612\" srcset=\"https:\/\/www.zeitgeistlos.de\/zgblog\/wp-content\/uploads\/impfangebot.jpg 1024w, https:\/\/www.zeitgeistlos.de\/zgblog\/wp-content\/uploads\/impfangebot-450x269.jpg 450w, https:\/\/www.zeitgeistlos.de\/zgblog\/wp-content\/uploads\/impfangebot-150x90.jpg 150w, https:\/\/www.zeitgeistlos.de\/zgblog\/wp-content\/uploads\/impfangebot-768x459.jpg 768w, https:\/\/www.zeitgeistlos.de\/zgblog\/wp-content\/uploads\/impfangebot-500x300.jpg 500w\" sizes=\"(max-width: 1024px) 100vw, 1024px\"><\/p>\n<p>W\u00e4re die \u00bbPandemie\u00ab von Anfang an in der Alltagsrealit\u00e4t der Menschen die Gleiche gewesen wie sie in der Medienrealit\u00e4t inszeniert wurde \u2014 dann h\u00e4tte es keinerlei millionenschwere \u00d6ffentlichkeitsarbeit, PR-Kampagnen oder Werbespots gebraucht. Die Menschen h\u00e4tten von sich aus, alle Corona-Ma\u00dfnahmen mitgemacht und sie h\u00e4tten sich um den Impfstoff gepr\u00fcgelt.<\/p>\n<hr>\n<p>Den <strong>Elefant im Raum<\/strong> will weiterhin keiner sehen:<\/p>\n<div id=\"attachment_39351\" style=\"width: 1010px\" class=\"wp-caption aligncenter\"><a href=\"https:\/\/www.destatis.de\/DE\/Presse\/Pressemitteilungen\/2022\/11\/PD22_480_126.html\" target=\"_blank\" rel=\"noopener noreferrer\"><img decoding=\"async\" aria-describedby=\"caption-attachment-39351\" class=\"wp-image-39351 size-full\" src=\"https:\/\/www.zeitgeistlos.de\/zgblog\/wp-content\/uploads\/statis.jpg\" alt width=\"1000\" height=\"275\" srcset=\"https:\/\/www.zeitgeistlos.de\/zgblog\/wp-content\/uploads\/statis.jpg 1000w, https:\/\/www.zeitgeistlos.de\/zgblog\/wp-content\/uploads\/statis-450x124.jpg 450w, https:\/\/www.zeitgeistlos.de\/zgblog\/wp-content\/uploads\/statis-150x41.jpg 150w, https:\/\/www.zeitgeistlos.de\/zgblog\/wp-content\/uploads\/statis-768x211.jpg 768w, https:\/\/www.zeitgeistlos.de\/zgblog\/wp-content\/uploads\/statis-500x138.jpg 500w\" sizes=\"(max-width: 1000px) 100vw, 1000px\"><\/a><p id=\"caption-attachment-39351\" class=\"wp-caption-text\">Statistisches Bundesamt<\/p><\/div>\n<p>Nur in Deutschland? Mitnichten:<\/p>\n<div id=\"attachment_39357\" style=\"width: 759px\" class=\"wp-caption aligncenter\"><img decoding=\"async\" aria-describedby=\"caption-attachment-39357\" class=\"size-full wp-image-39357\" src=\"https:\/\/www.zeitgeistlos.de\/zgblog\/wp-content\/uploads\/\u00fcbersterb.jpg\" alt width=\"749\" height=\"156\" srcset=\"https:\/\/www.zeitgeistlos.de\/zgblog\/wp-content\/uploads\/\u00fcbersterb.jpg 749w, https:\/\/www.zeitgeistlos.de\/zgblog\/wp-content\/uploads\/\u00fcbersterb-450x94.jpg 450w, https:\/\/www.zeitgeistlos.de\/zgblog\/wp-content\/uploads\/\u00fcbersterb-150x31.jpg 150w, https:\/\/www.zeitgeistlos.de\/zgblog\/wp-content\/uploads\/\u00fcbersterb-500x104.jpg 500w\" sizes=\"(max-width: 749px) 100vw, 749px\"><p id=\"caption-attachment-39357\" class=\"wp-caption-text\">report24.news vom 11. Oktober 2022<\/p><\/div>\n<p>Oder auch:<\/p>\n<div id=\"attachment_39356\" style=\"width: 702px\" class=\"wp-caption aligncenter\"><img decoding=\"async\" aria-describedby=\"caption-attachment-39356\" class=\"size-full wp-image-39356\" src=\"https:\/\/www.zeitgeistlos.de\/zgblog\/wp-content\/uploads\/tages-1.jpg\" alt width=\"692\" height=\"119\" srcset=\"https:\/\/www.zeitgeistlos.de\/zgblog\/wp-content\/uploads\/tages-1.jpg 692w, https:\/\/www.zeitgeistlos.de\/zgblog\/wp-content\/uploads\/tages-1-450x77.jpg 450w, https:\/\/www.zeitgeistlos.de\/zgblog\/wp-content\/uploads\/tages-1-150x26.jpg 150w, https:\/\/www.zeitgeistlos.de\/zgblog\/wp-content\/uploads\/tages-1-500x86.jpg 500w\" sizes=\"(max-width: 692px) 100vw, 692px\"><p id=\"caption-attachment-39356\" class=\"wp-caption-text\">tagesschau.de vom 20.11.2022<\/p><\/div>\n<p>Und warum? <em>\u00bbJa, nee, wissen wir alles nicht so genau. Aber an der Impfung liegt es nicht!\u00ab<\/em> \u2014 schreiben s\u00e4mtliche <a href=\"https:\/\/corona-blog.net\/2022\/11\/30\/tagesschau-warum-ist-die-uebersterblichkeit-so-hoch-19-14-560-faelle-mehr-als-die-jahre-davor-im-oktober\/\" target=\"_blank\" rel=\"noopener noreferrer\">\u00bbFaktenfinder\u00ab<\/a>. Weil weiterhin nicht sein kann, was nicht sein darf!<\/p>\n<hr>\n<p>Es gebe noch viel viel viel mehr zu sagen. Vielleicht noch das hier:<\/p>\n<div id=\"attachment_39473\" style=\"width: 729px\" class=\"wp-caption aligncenter\"><img decoding=\"async\" aria-describedby=\"caption-attachment-39473\" class=\"wp-image-39473 size-full\" src=\"https:\/\/www.zeitgeistlos.de\/zgblog\/wp-content\/uploads\/quer_schwurbler.jpg\" alt width=\"719\" height=\"526\" srcset=\"https:\/\/www.zeitgeistlos.de\/zgblog\/wp-content\/uploads\/quer_schwurbler.jpg 719w, https:\/\/www.zeitgeistlos.de\/zgblog\/wp-content\/uploads\/quer_schwurbler-450x329.jpg 450w, https:\/\/www.zeitgeistlos.de\/zgblog\/wp-content\/uploads\/quer_schwurbler-150x110.jpg 150w, https:\/\/www.zeitgeistlos.de\/zgblog\/wp-content\/uploads\/quer_schwurbler-410x300.jpg 410w\" sizes=\"(max-width: 719px) 100vw, 719px\"><p id=\"caption-attachment-39473\" class=\"wp-caption-text\">heise.de vom 29. November 202<\/p><\/div>\n<hr>\n<p><strong>Fazit<\/strong><br>\nDas alles wurde schon im Fr\u00fchling\/Sommer 2020, sp\u00e4testens aber im Sommer 2021 von den Ma\u00dfnahmen-Kritikern immer und immer wieder thematisiert. Schweden hat es von Anfang an anders gemacht. Aber man wollte nicht zuh\u00f6ren. Stattdessen hat man wild um sich geschlagen und im Panik-Modus jede rechtsstaatliche Verh\u00e4ltnism\u00e4\u00dfigkeit \u00fcber Bord geworfen. Auch dieses kleine Blog hat sich hier jahrelang die Finger wund getippt (<a href=\"https:\/\/www.zeitgeistlos.de\/zgblog\/?s=impfen+macht+frei&amp;submit=Suchen\" target=\"_blank\" rel=\"noopener noreferrer\">hier<\/a>, <a href=\"https:\/\/www.zeitgeistlos.de\/zgblog\/?s=corona+time&amp;submit=Suchen\" target=\"_blank\" rel=\"noopener noreferrer\">hier<\/a> und <a href=\"https:\/\/www.zeitgeistlos.de\/zgblog\/?s=geschw%C3%A4tz+von+gestern&amp;submit=Suchen\" target=\"_blank\" rel=\"noopener noreferrer\">hier<\/a>) und wurde daf\u00fcr gecancelt und angefeindet. Bis heute.<\/p>\n<p>Wer denkt, wir k\u00f6nnen es <em>\u00bbjetzt mal gut sein lassen\u00ab<\/em> und dann wieder zur Tagesordnung \u00fcbergehen, der irrt. Es wurden <a href=\"https:\/\/www.zeitgeistlos.de\/zgblog\/2021\/repression\/\" target=\"_blank\" rel=\"noopener noreferrer\">die Grundfesten unseres gesellschaftlichen Zusammenlebens zerschlagen<\/a>. Millionen von Menschen wurden \u2011mit explizit staatlicher Aufforderung- ausgegrenzt, diskriminiert und fertig gemacht. Ohne eine ehrliche Aufarbeitung und eine echte Rehabilitierung der Gesch\u00e4digten, wird sich dieser Wahnsinn \u2011bei n\u00e4chstbester Gelegenheit und beim n\u00e4chstbesten Thema- wiederholen.<\/p>\n<hr>\n<p><a href=\"https:\/\/www.zeitgeistlos.de\/zgblog\/?s=geschw%C3%A4tz+von+gestern&amp;submit=Suchen\" target=\"_blank\" rel=\"noopener noreferrer\">Geschw\u00e4tz von gestern<\/a><\/p>\n","protected":false},"excerpt":{"rendered":"<p>Das Corona-Schiff sinkt und sinkt. Was wir jetzt erleben, sind nicht nur letzte (R\u00fcckzugs-)Gefechte, sondern auch Whitewashing, die Flucht nach vorn und ein widerliches Nachtreten, um-sich-bei\u00dfen und Nicht-Wahr-Haben-Wollen. Und dann w\u00e4ren da noch die Wendeh\u00e4lse, die noch schnell ihre Sch\u00e4fchen \u2026 <a href=\"https:\/\/www.zeitgeistlos.de\/zgblog\/2022\/geschwaetz-von-gestern-9\/\">Weiterlesen <span class=\"meta-nav\">\u2192<\/span><\/a><\/p>\n","protected":false},"author":4,"featured_media":16056,"comment_status":"open","ping_status":"open","sticky":false,"template":"","format":"standard","meta":{"wp_typography_post_enhancements_disabled":false,"footnotes":""},"categories":[5,4],"tags":[2052,2243,2201,568,2037,1221,226,2188,2134,2245,2109,1371,2246,599,901],"class_list":["post-39070","post","type-post","status-publish","format-standard","has-post-thumbnail","hentry","category-medien","category-politik","tag-bill-gates","tag-buyx","tag-corona-massnahmen","tag-diskriminierung","tag-drosten","tag-empathie","tag-ethik","tag-impfapartheid","tag-impfpflicht","tag-impfquote","tag-impfung","tag-inflation","tag-inzidenz","tag-luge","tag-wahrheit"],"_links":{"self":[{"href":"https:\/\/www.zeitgeistlos.de\/zgblog\/wp-json\/wp\/v2\/posts\/39070","targetHints":{"allow":["GET"]}}],"collection":[{"href":"https:\/\/www.zeitgeistlos.de\/zgblog\/wp-json\/wp\/v2\/posts"}],"about":[{"href":"https:\/\/www.zeitgeistlos.de\/zgblog\/wp-json\/wp\/v2\/types\/post"}],"author":[{"embeddable":true,"href":"https:\/\/www.zeitgeistlos.de\/zgblog\/wp-json\/wp\/v2\/users\/4"}],"replies":[{"embeddable":true,"href":"https:\/\/www.zeitgeistlos.de\/zgblog\/wp-json\/wp\/v2\/comments?post=39070"}],"version-history":[{"count":54,"href":"https:\/\/www.zeitgeistlos.de\/zgblog\/wp-json\/wp\/v2\/posts\/39070\/revisions"}],"predecessor-version":[{"id":39481,"href":"https:\/\/www.zeitgeistlos.de\/zgblog\/wp-json\/wp\/v2\/posts\/39070\/revisions\/39481"}],"wp:featuredmedia":[{"embeddable":true,"href":"https:\/\/www.zeitgeistlos.de\/zgblog\/wp-json\/wp\/v2\/media\/16056"}],"wp:attachment":[{"href":"https:\/\/www.zeitgeistlos.de\/zgblog\/wp-json\/wp\/v2\/media?parent=39070"}],"wp:term":[{"taxonomy":"category","embeddable":true,"href":"https:\/\/www.zeitgeistlos.de\/zgblog\/wp-json\/wp\/v2\/categories?post=39070"},{"taxonomy":"post_tag","embeddable":true,"href":"https:\/\/www.zeitgeistlos.de\/zgblog\/wp-json\/wp\/v2\/tags?post=39070"}],"curies":[{"name":"wp","href":"https:\/\/api.w.org\/{rel}","templated":true}]}}