{"id":37786,"date":"2022-08-02T07:05:03","date_gmt":"2022-08-02T05:05:03","guid":{"rendered":"http:\/\/www.zeitgeistlos.de\/zgblog\/?p=37786"},"modified":"2022-07-28T21:14:24","modified_gmt":"2022-07-28T19:14:24","slug":"geschwaetz-von-gestern-7","status":"publish","type":"post","link":"https:\/\/www.zeitgeistlos.de\/zgblog\/2022\/geschwaetz-von-gestern-7\/","title":{"rendered":"Geschw\u00e4tz von gestern (7)"},"content":{"rendered":"<p><em><strong><span class=\"dquo\">\u00bb<\/span>Impfen ist der Weg aus der Pandemie!\u00ab <\/strong><\/em><\/p>\n<p>Sachsen niedrigste Impfquote, niedrigste Inzidenz.<br>\nPortugal, <a href=\"https:\/\/tkp.at\/2022\/07\/09\/schottland-versus-england-2-0-bei-impfung-und-infektionen\/\" target=\"_blank\" rel=\"noopener noreferrer\">Schottland<\/a>, Irland, Island \u2014 sehr hohe Impfquoten und sehr hohe Inzidenzen.<\/p>\n<p>Zum Gl\u00fcck gibt es Correctiv, Tagesschau, Tagesspiegel und diverse Faktenchecker, die uns das so erkl\u00e4ren, wie wir es verstehen<em> sollen<\/em>. Was sind dagegen schon <a href=\"https:\/\/odysee.com\/@Corona-Ausschuss:3\" target=\"_blank\" rel=\"noopener noreferrer\">\u00fcber 100 Folgen Corona-Ausschuss<\/a> mit Hunderten von internationalen Experten, Medizinern und Wissenschaftlern? <del>Pressemitteilung der Pharmaindustrie<\/del> Faktencheck der Tagesschau:<\/p>\n<blockquote><p><span class=\"dquo\">\u00bb<\/span>Deshalb pl\u00e4diert der Virologe in Sachen Impfung: <strong>Rechter Arm Sars-CoV2 und linker Arm Influenza<\/strong>, so werde ich es auch machen.\u00ab<\/p>\n<p><span class=\"dquo\">\u00bb<\/span>Was kommt nach der Sommerwelle?\u00ab. Tagesschau.de vom 10. Juli 2022<\/p><\/blockquote>\n<blockquote class=\"twitter-tweet\">\n<p dir=\"ltr\" lang=\"de\">?F\u00fcrs Archiv! <a href=\"https:\/\/twitter.com\/hashtag\/WirVergessenNicht?src=hash&amp;ref_src=twsrc%5Etfw\">#WirVergessenNicht<\/a> <a href=\"https:\/\/twitter.com\/hashtag\/Wirhabenmitgemacht?src=hash&amp;ref_src=twsrc%5Etfw\">#Wirhabenmitgemacht<\/a> <a href=\"https:\/\/twitter.com\/hashtag\/IchHabeMitgemacht?src=hash&amp;ref_src=twsrc%5Etfw\">#IchHabeMitgemacht<\/a> ?<br>\nAusgrenzung, Hass, Hysterie, \u201eHaltung\u201c: Best of Gesundheitsfaschismus 2020\u20132022 <a href=\"https:\/\/t.co\/7OZo7GPAG6\">pic.twitter.com\/7OZo7GPAG6<\/a><\/p>\n<p>\u2014 Doxograf????? (@doxograf) <a href=\"https:\/\/twitter.com\/doxograf\/status\/1544276151186722816?ref_src=twsrc%5Etfw\">July 5, 2022<\/a><\/p><\/blockquote>\n<p><script async src=\"https:\/\/platform.twitter.com\/widgets.js\" charset=\"utf-8\"><\/script><\/p>\n<p><!--more--><\/p>\n<p>Ist das eigentlich noch \u00bblinks\u00ab?<\/p>\n<p><img decoding=\"async\" class=\"aligncenter size-full wp-image-38033\" src=\"https:\/\/www.zeitgeistlos.de\/zgblog\/wp-content\/uploads\/misik.jpg\" alt width=\"546\" height=\"392\" srcset=\"https:\/\/www.zeitgeistlos.de\/zgblog\/wp-content\/uploads\/misik.jpg 546w, https:\/\/www.zeitgeistlos.de\/zgblog\/wp-content\/uploads\/misik-450x323.jpg 450w, https:\/\/www.zeitgeistlos.de\/zgblog\/wp-content\/uploads\/misik-150x108.jpg 150w, https:\/\/www.zeitgeistlos.de\/zgblog\/wp-content\/uploads\/misik-418x300.jpg 418w\" sizes=\"(max-width: 546px) 100vw, 546px\"><\/p>\n<p>Oder das?<\/p>\n<blockquote><p><span class=\"dquo\">\u00bb<\/span>Der Philosoph <a href=\"http:\/\/blauerbote.com\/2021\/10\/29\/in-der-diktatur-fallen-die-masken-noam-chomsky-fuer-isolierung-ungeimpfter-essenversorgung-das-wird-ihr-problem-sein\/\" target=\"_blank\" rel=\"noopener noreferrer\">Noam Chomsky vertrat die Ansicht, dass diejenigen, die nicht geimpft sind, abgesondert werden sollten<\/a>, die Beschaffung von Lebensmitteln, nachdem sie den Anstand hatten, sich aus der Gemeinschaft zu entfernen, sei ihr Problem.\u00ab<\/p>\n<p>- Noam Chomsky im Oktober 2021<\/p><\/blockquote>\n<p>Zahlreiche ma\u00dfnahmenkritische Demonstrationen wurden aufgel\u00f6st, weil vermutet wurde (!), dass die Teilnehmer weder Abstand halten, noch Masken tragen w\u00fcrden. Dabei war damals schon klar, was dutzende Aerosolforscher mehrfach verk\u00fcndet hatten: die Ansteckung im Freien liegt bei Nahe Null! Trotzdem wurden grundrechtlich garantierte Versammlungen gerichtlich untersagt. Und was sagt nun Genosse Lauterbach rund Zwei Jahre sp\u00e4ter so lapidar nebenbei bei <a href=\"https:\/\/www.zdf.de\/gesellschaft\/markus-lanz\/markus-lanz-vom-5-juli-2022-100.html\" target=\"_blank\" rel=\"noopener noreferrer\">Lanz am 5. Juli 2022<\/a>?<\/p>\n<p><img decoding=\"async\" class=\"aligncenter size-full wp-image-38023\" src=\"https:\/\/www.zeitgeistlos.de\/zgblog\/wp-content\/uploads\/masken_demos.jpg\" alt width=\"575\" height=\"731\" srcset=\"https:\/\/www.zeitgeistlos.de\/zgblog\/wp-content\/uploads\/masken_demos.jpg 575w, https:\/\/www.zeitgeistlos.de\/zgblog\/wp-content\/uploads\/masken_demos-315x400.jpg 315w, https:\/\/www.zeitgeistlos.de\/zgblog\/wp-content\/uploads\/masken_demos-118x150.jpg 118w, https:\/\/www.zeitgeistlos.de\/zgblog\/wp-content\/uploads\/masken_demos-236x300.jpg 236w\" sizes=\"(max-width: 575px) 100vw, 575px\"><\/p>\n<p>Hier zeigt sich nicht nur die Demenz der Politik, sondern auch die narzisstische Machtbesoffenheit, welche die kognitive Dissonanz zu einer neuen Diskurskultur etabliert hat. Ich mache mir die Welt, wie sie mir gef\u00e4llt:<\/p>\n<p><img decoding=\"async\" class=\"aligncenter size-full wp-image-38025\" src=\"https:\/\/www.zeitgeistlos.de\/zgblog\/wp-content\/uploads\/maske_lauterbach.jpg\" alt width=\"591\" height=\"706\" srcset=\"https:\/\/www.zeitgeistlos.de\/zgblog\/wp-content\/uploads\/maske_lauterbach.jpg 591w, https:\/\/www.zeitgeistlos.de\/zgblog\/wp-content\/uploads\/maske_lauterbach-335x400.jpg 335w, https:\/\/www.zeitgeistlos.de\/zgblog\/wp-content\/uploads\/maske_lauterbach-126x150.jpg 126w, https:\/\/www.zeitgeistlos.de\/zgblog\/wp-content\/uploads\/maske_lauterbach-251x300.jpg 251w\" sizes=\"(max-width: 591px) 100vw, 591px\"><\/p>\n<p>Noch mehr vom Menschenfreund und \u00bbGesundheitsminister\u00ab Lauterbach, der Millionen von Menschen unterstellt hat, eine Gefahr f\u00fcr ihre Mitmenschen zu sein, und man sie deshalb hart bestrafen, ausgrenzen und diskriminieren muss? Bitte sch\u00f6n:<\/p>\n<p><img decoding=\"async\" class=\"aligncenter size-full wp-image-38028\" src=\"https:\/\/www.zeitgeistlos.de\/zgblog\/wp-content\/uploads\/Lauterbach_strafen.jpg\" alt width=\"580\" height=\"600\" srcset=\"https:\/\/www.zeitgeistlos.de\/zgblog\/wp-content\/uploads\/Lauterbach_strafen.jpg 580w, https:\/\/www.zeitgeistlos.de\/zgblog\/wp-content\/uploads\/Lauterbach_strafen-387x400.jpg 387w, https:\/\/www.zeitgeistlos.de\/zgblog\/wp-content\/uploads\/Lauterbach_strafen-145x150.jpg 145w, https:\/\/www.zeitgeistlos.de\/zgblog\/wp-content\/uploads\/Lauterbach_strafen-290x300.jpg 290w\" sizes=\"(max-width: 580px) 100vw, 580px\"><\/p>\n<p>Hier noch mal ein empathischer Menschenfreund vom \u00d6ffentlich-Rechtlichen Fernsehen. Peter Frey, Chefredakteur vom ZDF im <a href=\"https:\/\/www.zdf.de\/nachrichten\/heute-journal\/impfverweigerer-jetzt-reichts-100.html\" target=\"_blank\" rel=\"noopener noreferrer\">\u00bbHeute Journal\u00ab<\/a> am 18. November 2021:<\/p>\n<blockquote><p><span class=\"dquo\">\u00bb<\/span>Unser Staat schreibt jedem Autofahrer vor, einen Sicherheitsgurt zu tragen, <strong>sch\u00fctzt also Unvern\u00fcnftige vor sich selbst<\/strong>. Impfverweigerer, jetzt reichts!\u00ab<\/p><\/blockquote>\n<p>Es wird weder einen Impfzwang, eine Impfpflicht (einrichtungsbezogene Impfpflicht, Impfpflicht bei Soldaten: \u00bbDuldungspflicht\u00ab) oder eine Impfn\u00f6tigung geben. Alles Fake News von Putintrollen und Verschw\u00f6rungsspinnern. Ein Zeugnis f\u00fcr die n\u00e4chsten Generationen:<\/p>\n<blockquote class=\"twitter-tweet\">\n<p dir=\"ltr\" lang=\"de\">Wisst ihr noch, wie sie uns alle angelogen haben?<a href=\"https:\/\/twitter.com\/hashtag\/IchHabeMitgemacht?src=hash&amp;ref_src=twsrc%5Etfw\">#IchHabeMitgemacht<\/a> <a href=\"https:\/\/t.co\/YmmBGzLAdl\">https:\/\/t.co\/YmmBGzLAdl<\/a><\/p>\n<p>\u2014 ? #WirSindDieRoteLinie \/ #PloetzlichUndUnerwartet (@DieRoteLinie) <a href=\"https:\/\/twitter.com\/DieRoteLinie\/status\/1539482783046836224?ref_src=twsrc%5Etfw\">June 22, 2022<\/a><\/p><\/blockquote>\n<p><script async src=\"https:\/\/platform.twitter.com\/widgets.js\" charset=\"utf-8\"><\/script><\/p>\n<p><em><span class=\"dquo\">\u00bb<\/span>Hey, wir haben doch von Anfang gesagt, dass die Impfungen keine Infektionen verhindern! Niemand hat behauptet, es gebe eine sterile Immunit\u00e4t!\u00ab<\/em> Doch! Genau das wurde immer wieder behauptet. Bei Lanz. In der Tagesschau. Von Ugur Sahin. \u00dcberall. Erz\u00e4hlt nicht st\u00e4ndig so einen Bullshit! Nach einigen \u00bbImpfdurchbr\u00fcchen\u00ab, ergo Impfversagen, musste man diese Behauptung nur ganz schnell wieder zur\u00fcckziehen. Aber das Web vergisst nicht:<\/p>\n<div id=\"attachment_38035\" style=\"width: 861px\" class=\"wp-caption aligncenter\"><a href=\"https:\/\/www.bild.de\/politik\/inland\/politik-inland\/corona-impfheld-ugur-sahin-in-bild-geimpfte-sind-nicht-mehr-ansteckend-75557532.bild.html\" target=\"_blank\" rel=\"noopener noreferrer\"><img decoding=\"async\" aria-describedby=\"caption-attachment-38035\" class=\"wp-image-38035 size-full\" src=\"https:\/\/www.zeitgeistlos.de\/zgblog\/wp-content\/uploads\/ugur.jpg\" alt width=\"851\" height=\"269\" srcset=\"https:\/\/www.zeitgeistlos.de\/zgblog\/wp-content\/uploads\/ugur.jpg 851w, https:\/\/www.zeitgeistlos.de\/zgblog\/wp-content\/uploads\/ugur-450x142.jpg 450w, https:\/\/www.zeitgeistlos.de\/zgblog\/wp-content\/uploads\/ugur-150x47.jpg 150w, https:\/\/www.zeitgeistlos.de\/zgblog\/wp-content\/uploads\/ugur-768x243.jpg 768w, https:\/\/www.zeitgeistlos.de\/zgblog\/wp-content\/uploads\/ugur-500x158.jpg 500w\" sizes=\"(max-width: 851px) 100vw, 851px\"><\/a><p id=\"caption-attachment-38035\" class=\"wp-caption-text\">bild.de vom 27. Februar 2021<\/p><\/div>\n<p>Kennt Ihr noch den omin\u00f6sen \u00bbR\u2011Wert\u00ab? Schon wieder vergessen? Lasst ihn euch nochmal von der Expertin erkl\u00e4ren:<\/p>\n<blockquote class=\"twitter-tweet\">\n<p dir=\"ltr\" lang=\"de\">Da der R\u2011Wert ja wieder in Mode kommt: niemand hat ihn so gut erkl\u00e4rt wie Merkel. <a href=\"https:\/\/t.co\/OV3SmVRsJX\">pic.twitter.com\/OV3SmVRsJX<\/a><\/p>\n<p>\u2014 Zacki (@FrankfurtZack) <a href=\"https:\/\/twitter.com\/FrankfurtZack\/status\/1541503193313689600?ref_src=twsrc%5Etfw\">June 27, 2022<\/a><\/p><\/blockquote>\n<p><script async src=\"https:\/\/platform.twitter.com\/widgets.js\" charset=\"utf-8\"><\/script><\/p>\n<p>Schon vergessen? Super-Drosten:<\/p>\n<div id=\"attachment_38147\" style=\"width: 674px\" class=\"wp-caption aligncenter\"><img decoding=\"async\" aria-describedby=\"caption-attachment-38147\" class=\"wp-image-38147 size-full\" src=\"https:\/\/www.zeitgeistlos.de\/zgblog\/wp-content\/uploads\/drosti.jpg\" alt width=\"664\" height=\"824\" srcset=\"https:\/\/www.zeitgeistlos.de\/zgblog\/wp-content\/uploads\/drosti.jpg 664w, https:\/\/www.zeitgeistlos.de\/zgblog\/wp-content\/uploads\/drosti-322x400.jpg 322w, https:\/\/www.zeitgeistlos.de\/zgblog\/wp-content\/uploads\/drosti-121x150.jpg 121w, https:\/\/www.zeitgeistlos.de\/zgblog\/wp-content\/uploads\/drosti-242x300.jpg 242w\" sizes=\"(max-width: 664px) 100vw, 664px\"><p id=\"caption-attachment-38147\" class=\"wp-caption-text\">weser-kurier.de<\/p><\/div>\n<p>Oder den \u00bbMenschenfreund\u00ab Joachim Gauck?<\/p>\n<div id=\"attachment_38208\" style=\"width: 1010px\" class=\"wp-caption aligncenter\"><img decoding=\"async\" aria-describedby=\"caption-attachment-38208\" class=\"wp-image-38208 size-full\" src=\"https:\/\/www.zeitgeistlos.de\/zgblog\/wp-content\/uploads\/gauck.jpg\" alt width=\"1000\" height=\"404\" srcset=\"https:\/\/www.zeitgeistlos.de\/zgblog\/wp-content\/uploads\/gauck.jpg 1000w, https:\/\/www.zeitgeistlos.de\/zgblog\/wp-content\/uploads\/gauck-450x182.jpg 450w, https:\/\/www.zeitgeistlos.de\/zgblog\/wp-content\/uploads\/gauck-150x61.jpg 150w, https:\/\/www.zeitgeistlos.de\/zgblog\/wp-content\/uploads\/gauck-768x310.jpg 768w, https:\/\/www.zeitgeistlos.de\/zgblog\/wp-content\/uploads\/gauck-500x202.jpg 500w\" sizes=\"(max-width: 1000px) 100vw, 1000px\"><p id=\"caption-attachment-38208\" class=\"wp-caption-text\">Berliner Zeitung vom 11. September 2021<\/p><\/div>\n<p>Es wurde monatelang behauptet, dass wir keine Inflation erleben werden. Wer davon sprach, war ein Verschw\u00f6rungstheoretiker oder Untergangsprophet. In allen Zeitungen stand das. Will heute auch Niemand mehr wissen. Heute erleben wir die h\u00f6chsten Preissteigerungen seit dem Zweiten Weltkrieg.<\/p>\n<p><img decoding=\"async\" class=\"aligncenter size-full wp-image-38043\" src=\"https:\/\/www.zeitgeistlos.de\/zgblog\/wp-content\/uploads\/inflation.jpg\" alt width=\"797\" height=\"583\" srcset=\"https:\/\/www.zeitgeistlos.de\/zgblog\/wp-content\/uploads\/inflation.jpg 797w, https:\/\/www.zeitgeistlos.de\/zgblog\/wp-content\/uploads\/inflation-450x329.jpg 450w, https:\/\/www.zeitgeistlos.de\/zgblog\/wp-content\/uploads\/inflation-150x110.jpg 150w, https:\/\/www.zeitgeistlos.de\/zgblog\/wp-content\/uploads\/inflation-768x562.jpg 768w, https:\/\/www.zeitgeistlos.de\/zgblog\/wp-content\/uploads\/inflation-410x300.jpg 410w\" sizes=\"(max-width: 797px) 100vw, 797px\"><\/p>\n<p>Schon im April 2020, lange bevor ein Corona-Impfstoff vorhanden war, verk\u00fcndete der Pharmainvestor Bill Gates \u00f6ffentlich im deutschen Fernsehen: <a href=\"https:\/\/www.youtube.com\/watch?v=083VjebhzgI\" target=\"_blank\" rel=\"noopener noreferrer\"><em>\u00bbWir werden den zu entwickelnden Impfstoff 7 Milliarden Menschen verabreichen!\u00ab<\/em><\/a> Dabei ist Bill Gates weder Arzt, Mediziner oder Wissenschaftler. Ken Jebsen antwortete mit <a href=\"https:\/\/odysee.com\/@BehindTheMatrix:7\/Gates-kapert-Deutschland-(Mai-2020):b\" target=\"_blank\" rel=\"noopener noreferrer\"><em>\u00bbBill Gates kapert Deutschland!\u00ab<\/em><\/a> Das Video erreichte schnell die 3 Millionen View-Marke und wurde anschlie\u00dfend von YouTube gel\u00f6scht. Ken Jebsen wird bis heute diffamiert, verfolgt, verklagt und gecancelt.<\/p>\n<p>Er hat alle, v\u00f6llig \u00fcberzogenen und nicht verh\u00e4ltnism\u00e4\u00dfigen Grundrechtseinschr\u00e4nkungen (inklusive Impf-N\u00f6tigung und Impfpflicht!), schon im Mai 2020 vorhergesagt. Es lohnt sich, das noch einmal anzuschauen. Es geht auch nicht um Rechthaberei, sondern darum endlich anzuerkennen, dass verm\u00f6gende und einflussreiche Menschen, Unternehmen und Organisationen, nur sehr selten im Interesse des Volkes handeln. Wer das immer noch f\u00fcr eine <em>Verschw\u00f6rungstheorie<\/em> h\u00e4lt, dem ist nun wirklich nicht mehr zu helfen.<\/p>\n<p><iframe id=\"odysee-iframe\" src=\"https:\/\/odysee.com\/$\/embed\/Gates-kapert-Deutschland-%28Mai-2020%29\/b77848fe6354057a34d625cd03e6d32a275099e3?r=DPT1MsD94PHdUoCeReaLWLsJfxso7eXv\" width=\"500\" height=\"300\" allowfullscreen=\"allowfullscreen\"><span style=\"display: inline-block; width: 0px; overflow: hidden; line-height: 0;\" data-mce-type=\"bookmark\" class=\"mce_SELRES_start\">?<\/span><\/iframe><\/p>\n<hr>\n<p><a href=\"https:\/\/www.zeitgeistlos.de\/zgblog\/?s=Geschw%C3%A4tz+von+gestern&amp;submit=Suchen\" target=\"_blank\" rel=\"noopener noreferrer\">Geschw\u00e4tz von gestern<\/a><\/p>\n","protected":false},"excerpt":{"rendered":"<p><span class=\"dquo\">\u00bb<\/span>Impfen ist der Weg aus der Pandemie!\u00ab Sachsen niedrigste Impfquote, niedrigste Inzidenz. Portugal, Schottland, Irland, Island \u2014 sehr hohe Impfquoten und sehr hohe Inzidenzen. Zum Gl\u00fcck gibt es Correctiv, Tagesschau, Tagesspiegel und diverse Faktenchecker, die uns das so erkl\u00e4ren, wie \u2026 <a href=\"https:\/\/www.zeitgeistlos.de\/zgblog\/2022\/geschwaetz-von-gestern-7\/\">Weiterlesen <span class=\"meta-nav\">\u2192<\/span><\/a><\/p>\n","protected":false},"author":4,"featured_media":16056,"comment_status":"open","ping_status":"open","sticky":false,"template":"","format":"standard","meta":{"wp_typography_post_enhancements_disabled":false,"footnotes":""},"categories":[5,4],"tags":[2052,2201,568,1221,2188,2134,2245,2109,1371,2246,599,901],"class_list":["post-37786","post","type-post","status-publish","format-standard","has-post-thumbnail","hentry","category-medien","category-politik","tag-bill-gates","tag-corona-massnahmen","tag-diskriminierung","tag-empathie","tag-impfapartheid","tag-impfpflicht","tag-impfquote","tag-impfung","tag-inflation","tag-inzidenz","tag-luge","tag-wahrheit"],"_links":{"self":[{"href":"https:\/\/www.zeitgeistlos.de\/zgblog\/wp-json\/wp\/v2\/posts\/37786","targetHints":{"allow":["GET"]}}],"collection":[{"href":"https:\/\/www.zeitgeistlos.de\/zgblog\/wp-json\/wp\/v2\/posts"}],"about":[{"href":"https:\/\/www.zeitgeistlos.de\/zgblog\/wp-json\/wp\/v2\/types\/post"}],"author":[{"embeddable":true,"href":"https:\/\/www.zeitgeistlos.de\/zgblog\/wp-json\/wp\/v2\/users\/4"}],"replies":[{"embeddable":true,"href":"https:\/\/www.zeitgeistlos.de\/zgblog\/wp-json\/wp\/v2\/comments?post=37786"}],"version-history":[{"count":38,"href":"https:\/\/www.zeitgeistlos.de\/zgblog\/wp-json\/wp\/v2\/posts\/37786\/revisions"}],"predecessor-version":[{"id":38209,"href":"https:\/\/www.zeitgeistlos.de\/zgblog\/wp-json\/wp\/v2\/posts\/37786\/revisions\/38209"}],"wp:featuredmedia":[{"embeddable":true,"href":"https:\/\/www.zeitgeistlos.de\/zgblog\/wp-json\/wp\/v2\/media\/16056"}],"wp:attachment":[{"href":"https:\/\/www.zeitgeistlos.de\/zgblog\/wp-json\/wp\/v2\/media?parent=37786"}],"wp:term":[{"taxonomy":"category","embeddable":true,"href":"https:\/\/www.zeitgeistlos.de\/zgblog\/wp-json\/wp\/v2\/categories?post=37786"},{"taxonomy":"post_tag","embeddable":true,"href":"https:\/\/www.zeitgeistlos.de\/zgblog\/wp-json\/wp\/v2\/tags?post=37786"}],"curies":[{"name":"wp","href":"https:\/\/api.w.org\/{rel}","templated":true}]}}