{"id":3748,"date":"2009-12-21T14:42:15","date_gmt":"2009-12-21T12:42:15","guid":{"rendered":"http:\/\/www.zeitgeistlos.de\/zgblog\/?p=3748"},"modified":"2009-12-21T16:52:44","modified_gmt":"2009-12-21T14:52:44","slug":"die-totale-gleichschaltung","status":"publish","type":"post","link":"https:\/\/www.zeitgeistlos.de\/zgblog\/2009\/die-totale-gleichschaltung\/","title":{"rendered":"Die totale Gleichschaltung"},"content":{"rendered":"<p style=\"text-align: justify;\">Ich glaube, es wird wieder einmal Zeit, die mediale <a title=\"ZG-Blog\" href=\"https:\/\/www.zeitgeistlos.de\/zgblog\/2008\/gleichschaltung\/\" target=\"_blank\">Gleichschaltung<\/a> zu thematisieren. Dieser Tage soll im Iran eine Trauerfeier des kritischen Geistlichen Gro\u00dfayatollah Hussein Ali Montaseriim stattfinden. Interessant ist die v\u00f6llig gleiche Wortwahl, die sich durch viele Artikel unserer Leitmedien zu dem Thema ziehen. Wird nur noch abgeschrieben?<\/p>\n<p style=\"text-align: left;\"><a href=\"http:\/\/www.spiegel.de\/politik\/ausland\/0,1518,668277,00.html\" target=\"_blank\">Spiegelonline:<\/a> \u00bbAuf Websites der Opposition wird von ersten Zusammenst\u00f6\u00dfen mit Sicherheitskr\u00e4ften gesprochen.\u00ab<\/p>\n<p style=\"text-align: left;\"><a href=\"http:\/\/www.sueddeutsche.de\/politik\/952\/498249\/text\/\" target=\"_blank\">S\u00fcddeutsche:<\/a> \u00bbAuf Websites der Opposition wurde von ersten Zusammenst\u00f6\u00dfen mit Sicherheitskr\u00e4ften gesprochen.\u00ab<\/p>\n<p style=\"text-align: left;\"><a href=\"http:\/\/www.faz.net\/s\/Rub594835B672714A1DB1A121534F010EE1\/Doc~E2DF85E2879944F609638AC4968BBAD26~ATpl~Ecommon~Scontent.html\" target=\"_blank\">FAZ:<\/a> \u00bbAuf Websites der Opposition wird von ersten Zusammenst\u00f6\u00dfen mit Sicherheitskr\u00e4ften gesprochen.\u00ab<\/p>\n<p style=\"text-align: left;\"><a href=\"http:\/\/www.bild.de\/BILD\/politik\/2009\/12\/21\/iran-regime-kritiker-ajatollah-hussein-ali-montaseri\/trauer-demo-demonstration-proteste-in-ghom.html\" target=\"_blank\">Bild.de:<\/a> \u00bbAuf Websites der Opposition wird von ersten Zusammenst\u00f6\u00dfen mit Sicherheitskr\u00e4ften gesprochen.<\/p>\n<p style=\"text-align: left;\"><a href=\"http:\/\/www.handelsblatt.com\/politik\/international\/tod-des-oppositionellen-zehntausende-iraner-trauern-um-montaseri;2502914\" target=\"_blank\">Handelsblatt:<\/a> \u00bbAuf Websites der Opposition wurde von ersten Zusammenst\u00f6\u00dfen mit Sicherheitskr\u00e4ften gesprochen.\u00ab<\/p>\n<p style=\"text-align: left;\"><a href=\"http:\/\/www.berlinonline.de\/berliner-zeitung\/politik\/detail_dpa_23356220.php\" target=\"_blank\">Berliner Zeitung:<\/a> \u00bbAuf Websites der Opposition wurde von ersten Zusammenst\u00f6\u00dfen mit Sicherheitskr\u00e4ften gesprochen.\u00ab<\/p>\n<p style=\"text-align: justify;\">Was ist eine Pressefreiheit wert, wenn alle das Gleiche schreiben?<\/p>\n<p style=\"text-align: justify;\">\n<\/p><p style=\"text-align: justify;\">\n<\/p><p style=\"text-align: justify;\">\n<\/p><p style=\"text-align: justify;\">\n<\/p><p style=\"text-align: justify;\">\n<\/p><p style=\"text-align: justify;\">\n<\/p><p style=\"text-align: justify;\">\n<\/p><p style=\"text-align: justify;\">\n<\/p><p style=\"text-align: justify;\">\n<\/p>","protected":false},"excerpt":{"rendered":"<p>Ich glaube, es wird wieder einmal Zeit, die mediale Gleichschaltung zu thematisieren. Dieser Tage soll im Iran eine Trauerfeier des kritischen Geistlichen Gro\u00dfayatollah Hussein Ali Montaseriim stattfinden. Interessant ist die v\u00f6llig gleiche Wortwahl, die sich durch viele Artikel unserer Leitmedien \u2026 <a href=\"https:\/\/www.zeitgeistlos.de\/zgblog\/2009\/die-totale-gleichschaltung\/\">Weiterlesen <span class=\"meta-nav\">\u2192<\/span><\/a><\/p>\n","protected":false},"author":4,"featured_media":0,"comment_status":"open","ping_status":"open","sticky":false,"template":"","format":"standard","meta":{"wp_typography_post_enhancements_disabled":false,"footnotes":""},"categories":[5],"tags":[240,391,1634],"class_list":["post-3748","post","type-post","status-publish","format-standard","hentry","category-medien","tag-gleichschaltung","tag-iran","tag-medien"],"_links":{"self":[{"href":"https:\/\/www.zeitgeistlos.de\/zgblog\/wp-json\/wp\/v2\/posts\/3748","targetHints":{"allow":["GET"]}}],"collection":[{"href":"https:\/\/www.zeitgeistlos.de\/zgblog\/wp-json\/wp\/v2\/posts"}],"about":[{"href":"https:\/\/www.zeitgeistlos.de\/zgblog\/wp-json\/wp\/v2\/types\/post"}],"author":[{"embeddable":true,"href":"https:\/\/www.zeitgeistlos.de\/zgblog\/wp-json\/wp\/v2\/users\/4"}],"replies":[{"embeddable":true,"href":"https:\/\/www.zeitgeistlos.de\/zgblog\/wp-json\/wp\/v2\/comments?post=3748"}],"version-history":[{"count":14,"href":"https:\/\/www.zeitgeistlos.de\/zgblog\/wp-json\/wp\/v2\/posts\/3748\/revisions"}],"predecessor-version":[{"id":3762,"href":"https:\/\/www.zeitgeistlos.de\/zgblog\/wp-json\/wp\/v2\/posts\/3748\/revisions\/3762"}],"wp:attachment":[{"href":"https:\/\/www.zeitgeistlos.de\/zgblog\/wp-json\/wp\/v2\/media?parent=3748"}],"wp:term":[{"taxonomy":"category","embeddable":true,"href":"https:\/\/www.zeitgeistlos.de\/zgblog\/wp-json\/wp\/v2\/categories?post=3748"},{"taxonomy":"post_tag","embeddable":true,"href":"https:\/\/www.zeitgeistlos.de\/zgblog\/wp-json\/wp\/v2\/tags?post=3748"}],"curies":[{"name":"wp","href":"https:\/\/api.w.org\/{rel}","templated":true}]}}