{"id":3682,"date":"2009-12-13T20:35:32","date_gmt":"2009-12-13T18:35:32","guid":{"rendered":"http:\/\/www.zeitgeistlos.de\/zgblog\/?p=3682"},"modified":"2016-02-25T17:25:53","modified_gmt":"2016-02-25T16:25:53","slug":"zur-erinnerung-der-volkermord-in-ruanda","status":"publish","type":"post","link":"https:\/\/www.zeitgeistlos.de\/zgblog\/2009\/zur-erinnerung-der-volkermord-in-ruanda\/","title":{"rendered":"Zur Erinnerung: der V\u00f6lkermord in Ruanda"},"content":{"rendered":"<p style=\"text-align: justify;\">Es gibt, soweit ich wei\u00df, kein besonderes Ereignis, warum ich dieses Thema jetzt aufgreife. Aber warum muss es das geben? Wenn wir Blogger uns an das Agenda Setting der b\u00fcrgerlichen Mainstream-Medien halten, bestimmen sie zumindest die Themen mit, die auch wir Blogger angehen. Und das kann nicht in unserem Interesse sein. Auch wir sollten eigene Themen einbringen. In diesem Sinne ist der folgende Beitrag eine kurze, knappe Zusammenfassung zum V\u00f6lkermord in Ruanda im Jahre 1994 anhand der W\u2011Fragen.<!--more--><\/p>\n<p style=\"text-align: justify;\"><!-- [if gte mso 9]><xml> Normal   0   21 <\/xml><![endif]--><!-- --><\/p>\n<p style=\"text-align: justify;\"><strong>Wann war der V\u00f6lkermord?<\/strong><\/p>\n<p style=\"text-align: justify;\">Von April bis Juni 1994. Knappe 3 Monate.<\/p>\n<p style=\"text-align: justify;\"><!-- [if gte mso 9]><xml> Normal   0   21 <\/xml><![endif]--><!-- --><\/p>\n<p style=\"text-align: justify;\"><strong>Wo hat er stattgefunden?<br>\n<\/strong><\/p>\n<p style=\"text-align: justify;\">In Ruanda, Ostafrika.<\/p>\n<p style=\"text-align: justify;\"><a href=\"https:\/\/www.zeitgeistlos.de\/zgblog\/wp-content\/uploads\/karte.gif\"><img decoding=\"async\" class=\"alignleft size-full wp-image-3694\" title=\"Ruanda\" src=\"https:\/\/www.zeitgeistlos.de\/zgblog\/wp-content\/uploads\/karte.gif\" alt width=\"196\" height=\"250\" srcset=\"https:\/\/www.zeitgeistlos.de\/zgblog\/wp-content\/uploads\/karte.gif 272w, https:\/\/www.zeitgeistlos.de\/zgblog\/wp-content\/uploads\/karte-117x150.gif 117w\" sizes=\"(max-width: 196px) 100vw, 196px\"><\/a><\/p>\n<p style=\"text-align: justify;\"><!-- [if gte mso 9]><xml> Normal   0   21 <\/xml><![endif]--><!-- --><\/p>\n<p style=\"text-align: justify;\"><strong>Wer war daran beteiligt?<\/strong><\/p>\n<p style=\"text-align: justify;\">Angeh\u00f6rige der Hutu-Mehrheit (85\u201390% der Bev\u00f6lkerung, 10\u201315% waren Tutsi), organisiert in Milizen (Interahamwe, Impuzamugambi), ruandische Armee, Pr\u00e4sidentengarde, Hutu-Zivilbev\u00f6lkerung, Anh\u00e4nger der radikalen \u00bbHutu-Power\u00ab, die mit Organisationen der Tutsis nicht verhandeln wollten (wie. Z.B. der Tutsi-Rebellenbewegung \u00bbRPF\u00ab).<\/p>\n<p style=\"text-align: justify;\"><!-- [if gte mso 9]><xml> Normal   0   21 <\/xml><![endif]--><!-- --><\/p>\n<p style=\"text-align: justify;\"><strong>Warum fand er statt?<\/strong><\/p>\n<ul style=\"text-align: justify;\" type=\"disc\">\n<li>Ein langj\u00e4hriger Konflikt zwischen den Bev\u00f6lkerungsgruppen der Hutus und der Tutsis entlud sich in der Vergangenheit schon mehrmals.<\/li>\n<li>In der Kolonialzeit der Deutschen (1899 bis 1919) und der Belgier wurden die Tutsis, die urspr\u00fcnglich Viehz\u00fcchter waren, wegen ihrer vermeintlich helleren Haut, zu Aufsehern \u00fcber die Hutus gemacht. Dadurch entstand ein gegenseitiger Rassenhass, ein ethnischer Konflikt wurde gesch\u00fcrt.<\/li>\n<li>Die Bev\u00f6lkerungsgruppe der Hutus waren urspr\u00fcnglich Bauern, die jedoch mit den Tutsis fr\u00fcher in Frieden lebten.<\/li>\n<li>Au\u00dferdem hatten viele Hutus Angst vor Repressalien extremistischer Hutus oder vor der Gewalt der Tutsis. Diese wurden als Komplizen der Tutsi-Rebellenbewegung RPF angesehen.<\/li>\n<li>Als Ausl\u00f6ser wird heute gesehen: Am 6.April 1994 wurde das Flugzeug des Hutu-Staatspr\u00e4sidenten Habyarimana, in dem auch der burundische Staatspr\u00e4sident sa\u00df, von zwei Raketen abgeschossen.<\/li>\n<li>Bis heute ist nicht gekl\u00e4rt, ob es die Tutsi-Rebellenbewegung RPF war, da sie mit den Friedensverhandlungen nicht einverstanden waren oder ob es Hutu-Extremisten waren, um so den Konflikt zu versch\u00e4rfen.<\/li>\n<li>Daraufhin begannen extremistische Hutu-Milizen und die Pr\u00e4sidentengarde mit den Ermordungen an gem\u00e4\u00dfigte Hutus und Tutsi-Prominenten.<\/li>\n<\/ul>\n<p style=\"text-align: justify;\"><!-- [if gte mso 9]><xml> Normal   0   21 <\/xml><![endif]--><!-- --><\/p>\n<p style=\"text-align: justify;\"><strong>Wie wurde er durchgef\u00fchrt?<\/strong><\/p>\n<ul style=\"text-align: justify;\" type=\"disc\">\n<li><a href=\"https:\/\/www.zeitgeistlos.de\/zgblog\/wp-content\/uploads\/macheten-narben.jpg\"><img decoding=\"async\" class=\"alignright size-medium wp-image-3689\" title=\"Macheten-Narben\" src=\"https:\/\/www.zeitgeistlos.de\/zgblog\/wp-content\/uploads\/macheten-narben.jpg\" alt width=\"240\" height=\"161\" srcset=\"https:\/\/www.zeitgeistlos.de\/zgblog\/wp-content\/uploads\/macheten-narben.jpg 400w, https:\/\/www.zeitgeistlos.de\/zgblog\/wp-content\/uploads\/macheten-narben-150x100.jpg 150w\" sizes=\"(max-width: 240px) 100vw, 240px\"><\/a>Hutu-Milizien&nbsp; errichteten Strassensperren, die Hutu-Zivilbev\u00f6lkerung metzelte Tutsis mit Macheten, Gewehren, Nagelkeulen und primitiven Waffen nieder. Auch gem\u00e4\u00dfigte Hutus wurden umgebracht, da sie als Verr\u00e4ter angesehen wurden.<\/li>\n<li>Als politischer und milit\u00e4rischer Drahtzieher der Hutu-Extremisten wird Oberst Bagasora gesehen, der vom Internationalen Straftribunal in Arusha (Tansania) im Dezember 2008 zu einer lebenslangen Haft verurteilt wurde<\/li>\n<li>Anhand von vorbereiteten Listen und Ausweisen wurden Tutsis aufgesp\u00fcrt und ermordet. Auch gem\u00e4\u00dfigte Hutus wurden umgebracht.<\/li>\n<li>Verbreitung der radikalen Hutu-Ideologie, dass Tutsis keine Menschen, sondern Ungeziefer (Kakerlaken \u00bbinyenzi\u00ab) sind und ausgerottet werden m\u00fcssten.<\/li>\n<li>Hier spielte das Radio (Sender \u00bbRadio-T\u00e9l\u00e9vision Libre des Mille Collines\u00ab) eine zentrale Rolle, in dem diese Botschaften verk\u00fcndet wurden. Viele Hutus waren n\u00e4mlich Analphabeten.<\/li>\n<li>Verwaltungsangeh\u00f6rige gaben Weisungen an die Zivilbev\u00f6lkerungen auf, Tutsis zu ermorden.<\/li>\n<li>Die T\u00e4ter warfen die Leichen in Fl\u00fcsse oder Seen, beseitigten sie in Massengr\u00e4bern, stapelten sie am Stra\u00dfenrand oder lie\u00dfen sie am Tatort liegen.<\/li>\n<li>Tutsis suchten Flucht in Schulen, Kirchen, Krankenh\u00e4usern etc.<\/li>\n<\/ul>\n<p style=\"text-align: justify;\"><!-- [if gte mso 9]><xml> Normal   0   21 <\/xml><![endif]--><!-- --><\/p>\n<p style=\"text-align: justify;\"><strong>Was waren die Folgen?<\/strong><\/p>\n<ul style=\"text-align: left;\" type=\"disc\">\n<li style=\"text-align: justify;\">500.000 bis 1 Millionen Tutsis verloren bei dem Genozid ihr Leben. Damit fielen 75\u201390% aller Tutsis in Ruanda dem V\u00f6lkermord zum Opfer. Auch ca. 50.000 gem\u00e4\u00dfigte Hutus starben.<\/li>\n<li style=\"text-align: justify;\">Aus Angst vor der Rache der Tutsis flohen daraufhin ca. 2 Millionen Hutus in die Nachbarl\u00e4nder. Erst diese Bilder erregten weltweit Aufsehen und Mitgef\u00fchl.<\/li>\n<li style=\"text-align: justify;\">Es ist heute verboten, von Tutsis und Hutus zu sprechen. Im Juni 2008 wurde in Ruanda ein Gesetz verabschiedet das \u00bbGenozid-Ideologie\u00ab verbietet und unter Strafe stellt.<\/li>\n<li style=\"text-align: justify;\">Die juristische Aufarbeitung gestaltet sich bis heute als schwierig. Zumindest wurden viele f\u00fchrende K\u00f6pfe der Hutu-Extremisten gerichtlich verurteilt. Eine&nbsp; juristische Aufarbeitung gibt es heute auf drei Ebenen: dem internationalen Strafgerichtshof f\u00fcr Ruanda, der nationalen Gerichtsbarkeit in Ruanda und seit 2005 gibt es in Ruanda landesweit sog. \u00bbGacaca-Gerichte\u00ab, die nicht nur urteilen, sondern den V\u00f6lkermord rekonstruieren und zur Vers\u00f6hnung beitragen sollen.<\/li>\n<\/ul>\n","protected":false},"excerpt":{"rendered":"<p>Es gibt, soweit ich wei\u00df, kein besonderes Ereignis, warum ich dieses Thema jetzt aufgreife. Aber warum muss es das geben? Wenn wir Blogger uns an das Agenda Setting der b\u00fcrgerlichen Mainstream-Medien halten, bestimmen sie zumindest die Themen mit, die auch \u2026 <a href=\"https:\/\/www.zeitgeistlos.de\/zgblog\/2009\/zur-erinnerung-der-volkermord-in-ruanda\/\">Weiterlesen <span class=\"meta-nav\">\u2192<\/span><\/a><\/p>\n","protected":false},"author":4,"featured_media":0,"comment_status":"open","ping_status":"open","sticky":false,"template":"","format":"standard","meta":{"wp_typography_post_enhancements_disabled":false,"footnotes":""},"categories":[4],"tags":[518,541,374,373],"class_list":["post-3682","post","type-post","status-publish","format-standard","hentry","category-politik","tag-afrika","tag-geschichte","tag-ruanda","tag-volkermord"],"_links":{"self":[{"href":"https:\/\/www.zeitgeistlos.de\/zgblog\/wp-json\/wp\/v2\/posts\/3682","targetHints":{"allow":["GET"]}}],"collection":[{"href":"https:\/\/www.zeitgeistlos.de\/zgblog\/wp-json\/wp\/v2\/posts"}],"about":[{"href":"https:\/\/www.zeitgeistlos.de\/zgblog\/wp-json\/wp\/v2\/types\/post"}],"author":[{"embeddable":true,"href":"https:\/\/www.zeitgeistlos.de\/zgblog\/wp-json\/wp\/v2\/users\/4"}],"replies":[{"embeddable":true,"href":"https:\/\/www.zeitgeistlos.de\/zgblog\/wp-json\/wp\/v2\/comments?post=3682"}],"version-history":[{"count":18,"href":"https:\/\/www.zeitgeistlos.de\/zgblog\/wp-json\/wp\/v2\/posts\/3682\/revisions"}],"predecessor-version":[{"id":19991,"href":"https:\/\/www.zeitgeistlos.de\/zgblog\/wp-json\/wp\/v2\/posts\/3682\/revisions\/19991"}],"wp:attachment":[{"href":"https:\/\/www.zeitgeistlos.de\/zgblog\/wp-json\/wp\/v2\/media?parent=3682"}],"wp:term":[{"taxonomy":"category","embeddable":true,"href":"https:\/\/www.zeitgeistlos.de\/zgblog\/wp-json\/wp\/v2\/categories?post=3682"},{"taxonomy":"post_tag","embeddable":true,"href":"https:\/\/www.zeitgeistlos.de\/zgblog\/wp-json\/wp\/v2\/tags?post=3682"}],"curies":[{"name":"wp","href":"https:\/\/api.w.org\/{rel}","templated":true}]}}