{"id":35830,"date":"2021-12-04T07:04:34","date_gmt":"2021-12-04T06:04:34","guid":{"rendered":"http:\/\/www.zeitgeistlos.de\/zgblog\/?p=35830"},"modified":"2021-12-18T11:39:50","modified_gmt":"2021-12-18T10:39:50","slug":"zehn-gruende-gegen-die-impfpflicht","status":"publish","type":"post","link":"https:\/\/www.zeitgeistlos.de\/zgblog\/2021\/zehn-gruende-gegen-die-impfpflicht\/","title":{"rendered":"10 Gr\u00fcnde gegen die Impfpflicht"},"content":{"rendered":"<div id=\"attachment_35842\" style=\"width: 609px\" class=\"wp-caption aligncenter\"><a href=\"https:\/\/www.welt.de\/politik\/deutschland\/plus235392088\/Sahra-Wagenknecht-kritisiert-Scholz-Aussage-ueber-Impfpflicht.html\" target=\"_blank\" rel=\"noopener noreferrer\"><img decoding=\"async\" aria-describedby=\"caption-attachment-35842\" class=\"wp-image-35842 size-full\" src=\"https:\/\/www.zeitgeistlos.de\/zgblog\/wp-content\/uploads\/sahra.jpg\" alt width=\"599\" height=\"206\" srcset=\"https:\/\/www.zeitgeistlos.de\/zgblog\/wp-content\/uploads\/sahra.jpg 599w, https:\/\/www.zeitgeistlos.de\/zgblog\/wp-content\/uploads\/sahra-450x155.jpg 450w, https:\/\/www.zeitgeistlos.de\/zgblog\/wp-content\/uploads\/sahra-150x52.jpg 150w, https:\/\/www.zeitgeistlos.de\/zgblog\/wp-content\/uploads\/sahra-500x172.jpg 500w\" sizes=\"(max-width: 599px) 100vw, 599px\"><\/a><p id=\"caption-attachment-35842\" class=\"wp-caption-text\">welt.de<\/p><\/div>\n<p>1.) Die Impfpflicht greift tief in die Grundrechte der Menschen ein. Allen voran, das <strong>Grundrecht auf k\u00f6rperliche Unversehrtheit, die Menschenw\u00fcrde, die Selbstbestimmung sowie das allgemeine Pers\u00f6nlichkeitsrecht<\/strong>. Das Argument \u00bbUngeimpfte\u00ab w\u00fcrden andere \u2011also das Gemeinwohl- sch\u00e4digen und deshalb sei es gerechtfertigt, die Grundrechte von Individuen zum Wohle der Allgemeinheit auszusetzen (sie unter Androhung von Strafe zur Impfung zu n\u00f6tigen) tr\u00e4gt nicht! Das hat das Bundesverfassungsgericht bereits <a href=\"https:\/\/www.tagesschau.de\/inland\/meldung133132.html\" target=\"_blank\" rel=\"noopener noreferrer\">im August 2007<\/a> beim Thema Luftsicherheitsgesetz entschieden:<\/p>\n<blockquote><p><span class=\"dquo\">\u00bb<\/span>Ein von Selbstmordattent\u00e4tern entf\u00fchrtes Passagierflugzeug darf auch im \u00e4u\u00dfersten Notfall nicht abgeschossen werden. [...] Wenn der Staat den Abschuss eines entf\u00fchrten Luftfahrzeuges billige, <strong>behandele er die darin sitzenden Passagiere und Besatzungsmitglieder als Objekte<\/strong>. [...] T\u00f6tung Unschuldiger Versto\u00df gegen Menschenw\u00fcrde.\u00ab<\/p><\/blockquote>\n<p>Das Wohl von Vielen wiegt in einer freiheitlich-pluralistischen Grundordnung, <em>eben nicht<\/em> schwerer als das Wohl von Einzelnen.<\/p>\n<p><!--more--><\/p>\n<p>2.) Der <a href=\"http:\/\/www.ippnw-nuernberg.de\/aktivitaet2_1.html\" target=\"_blank\" rel=\"noopener noreferrer\">N\u00fcrnberger Kodex<\/a> verbietet jede Form eines medizinischen Experimentes, ohne die Zustimmung der Probanden. Und ja, wir sind weiterhin in der Erprobungs- und Studienphase von Pfizer\/BionTech, die in den n\u00e4chsten Jahren noch weitere <em>Studiendaten<\/em> vorlegen m\u00fcssen. Das hat Olaf Scholz mit seinem Versprecher: <em>\u00bbWir sind ja alle Versuchskaninchen\u00ab<\/em> noch einmal best\u00e4tigt.<\/p>\n<p>3.) Au\u00dfer Tadschikistan und Turkmenistan hat kein Land auf der Welt eine Impfpflicht! Nicht einmal China oder Russland. Dieses Instrument entstammt totalit\u00e4rer Diktaturen und hat mit einer freiheitlichen Grundordnung herzlich wenig zu tun. Die DDR hatte sie. Und Nazi-Deutschland auch.<\/p>\n<p>4.) Der Europarat hat bereits im Januar 2021 festgehalten:<\/p>\n<blockquote><p><span class=\"dquo\">\u00bb<\/span>Es ist sicherzustellen,<strong> dass niemand diskriminiert wird, weil er nicht geimpft wurde<\/strong>, aufgrund m\u00f6glicher Gesundheitsrisiken oder weil er sich nicht impfen lassen m\u00f6chte.\u201c<\/p>\n<p>Europarat. Resolution <a href=\"https:\/\/institut-trivium.org\/wp-content\/uploads\/2021\/07\/Europarat-Resolution-2361-2021.pdf\" target=\"_blank\" rel=\"noopener noreferrer\">Beschluss 2361<\/a> (2021) vom 27.01.2021<\/p><\/blockquote>\n<div id=\"attachment_35872\" style=\"width: 667px\" class=\"wp-caption aligncenter\"><a href=\"https:\/\/multipolar-magazin.de\/artikel\/faktencheck-impfungen-oder-gentherapie\" target=\"_blank\" rel=\"noopener noreferrer\"><img decoding=\"async\" aria-describedby=\"caption-attachment-35872\" class=\"wp-image-35872 size-full\" src=\"https:\/\/www.zeitgeistlos.de\/zgblog\/wp-content\/uploads\/multipolar.jpg\" alt width=\"657\" height=\"209\" srcset=\"https:\/\/www.zeitgeistlos.de\/zgblog\/wp-content\/uploads\/multipolar.jpg 657w, https:\/\/www.zeitgeistlos.de\/zgblog\/wp-content\/uploads\/multipolar-450x143.jpg 450w, https:\/\/www.zeitgeistlos.de\/zgblog\/wp-content\/uploads\/multipolar-150x48.jpg 150w, https:\/\/www.zeitgeistlos.de\/zgblog\/wp-content\/uploads\/multipolar-500x159.jpg 500w\" sizes=\"(max-width: 657px) 100vw, 657px\"><\/a><p id=\"caption-attachment-35872\" class=\"wp-caption-text\">multipolar.de<\/p><\/div>\n<p>5.) Sehr viele Politiker haben rund 20 Monate lang eine Impfpflicht kategorisch ausgeschlossen:<\/p>\n<p>Angela Merkel, CDU, Bundeskanzlerin: <em>\u00bbWir haben gesagt, es wird keine Impfpflicht geben.\u00ab<\/em><\/p>\n<p>Armin Laschet, CDU, Kanzlerkandidat der Union: <em>\u00bbIch halte nichts von Impfpflicht.\u00ab<\/em><\/p>\n<p>Olaf Scholz, SPD, Kanzlerkandidat: <em>\u00bbWir haben keine Impfpflicht und wollen sie auch nicht einf\u00fchren.\u00ab<\/em><\/p>\n<p>Markus S\u00f6der, CSU, Ministerpr\u00e4sident Bayern: <em>\u00bbEine allgemeine Impfpflicht wird und soll es nicht geben.\u00ab<\/em><\/p>\n<p>Jens Spahn, CDU, Bundesgesundheitsminister:<em> \u00bbIch gebe Ihnen mein Wort: Es wird in dieser Pandemie keine Impfpflicht geben.\u201c<\/em><\/p>\n<p>Nun \u2011nach der Bundestagswahl- stimmen auf einmal fast alle daf\u00fcr. Ja klar, <em>neue Erkenntnisse<\/em> und eine <em>neue Situation<\/em>. Dennoch: das ist Wortbruch! Das Vertrauen in Staat, Politik und in staatliche Institutionen, wird damit nachhaltig und langfristig besch\u00e4digt werden.<\/p>\n<p>6.) Eine Impfpflicht f\u00fcr einen Impfstoff, der keine sterile Immunit\u00e4t bietet, keinen Schutz vor Infektionen garantiert, <a href=\"https:\/\/www.welt.de\/politik\/deutschland\/article235020290\/Coronavirus-Das-Wort-Herdenimmunitaet-haben-wir-gestrichen-sagt-RKI-Chef-Wieler.html\" target=\"_blank\" rel=\"noopener noreferrer\">keine Herdenimmunit\u00e4t<\/a> herstellen kann, dessen Injektion alle 6 Monate (oder fr\u00fcher) wiederholt werden muss, der eine bedingte Zulassung hat und bei dem <a href=\"https:\/\/www.transparenztest.de\/covid-impfung-risiko-nutzen\" target=\"_blank\" rel=\"noopener noreferrer\">die Nebenwirkungen<\/a> \u2011im Vergleich zu allen bisher bekannten Impfstoffen- explodieren, ist kategorisch abzulehnen!<\/p>\n<blockquote><p><span class=\"dquo\">\u00bb<\/span>Wer die Entscheidung \u00fcber den eigenen K\u00f6rper dem Wohl des Kollektivs opfert, \u00f6ffnet die Tore zur H\u00f6lle.\u00ab<\/p>\n<p><a href=\"https:\/\/www.berliner-zeitung.de\/wochenende\/corona-gegen-die-impfpflicht-ein-schritt-der-unsere-freiheit-einschraenkt-li.196969?pid=true\" target=\"_blank\" rel=\"noopener noreferrer\">Philipp Mattheis<\/a>. Journalist<\/p><\/blockquote>\n<p>7.) Mehr als 80 Millionen Menschen zu einer medizinischen Behandlung zu n\u00f6tigen und zu zwingen, sie bei Verweigerung dann zu bestrafen und zu kriminalisieren \u2014 wird die Spaltung in der Gesellschaft verst\u00e4rken. Es wird zu mehr Radikalisierung und Extremismus f\u00fchren. Druck erzeugt Gegendruck.<\/p>\n<p>8.) Die st\u00e4ndigen Vergleiche mit Pocken, Masern oder der Gurt-Anschnallpflicht passen \u00fcberhaupt nicht. Die Pocken hatten eine Sterblichkeitsrate von 10 \u2014 50 Prozent (<a href=\"https:\/\/www.who.int\/bulletin\/online_first\/BLT.20.265892.pdf\" target=\"_blank\" rel=\"noopener noreferrer\">Covid-19 liegt bei 0,5 \u2014 2 Prozent<\/a>), der Masernimpfstoff ist seit Jahrzehnten erforscht und es gen\u00fcgen zwei Impfungen f\u00fcr ein ganzes Leben und beim Autogurt injiziert man nichts in seinen K\u00f6rper!<\/p>\n<div id=\"attachment_35845\" style=\"width: 671px\" class=\"wp-caption aligncenter\"><a href=\"https:\/\/www.berliner-zeitung.de\/news\/otto-schily-allgemeine-impflicht-ist-unverantwortlich-und-verfassungswidrig-li.198254\" target=\"_blank\" rel=\"noopener noreferrer\"><img decoding=\"async\" aria-describedby=\"caption-attachment-35845\" class=\"wp-image-35845 size-full\" src=\"https:\/\/www.zeitgeistlos.de\/zgblog\/wp-content\/uploads\/otto.jpg\" alt width=\"661\" height=\"197\" srcset=\"https:\/\/www.zeitgeistlos.de\/zgblog\/wp-content\/uploads\/otto.jpg 661w, https:\/\/www.zeitgeistlos.de\/zgblog\/wp-content\/uploads\/otto-450x134.jpg 450w, https:\/\/www.zeitgeistlos.de\/zgblog\/wp-content\/uploads\/otto-150x45.jpg 150w, https:\/\/www.zeitgeistlos.de\/zgblog\/wp-content\/uploads\/otto-500x149.jpg 500w\" sizes=\"(max-width: 661px) 100vw, 661px\"><\/a><p id=\"caption-attachment-35845\" class=\"wp-caption-text\">welt.de<\/p><\/div>\n<p>9.) Covid-19 ist und bleibt f\u00fcr einen \u00fcberwiegenden Gro\u00dfteil der Bev\u00f6lkerung nicht gef\u00e4hrlich! Das hat sich nach wie vor nicht ge\u00e4ndert. Kinder, Jugendliche, gesunde Menschen unter 50 Jahren und\/oder Menschen mit einem guten Immunsystem, haben im Vergleich und in Relation, kaum etwas zu bef\u00fcrchten. <a href=\"https:\/\/de.statista.com\/infografik\/23756\/gesamtzahl-der-todesfaelle-im-zusammenhang-mit-dem-coronavirus-in-deutschland-nach-alter\/\" target=\"_blank\" rel=\"noopener noreferrer\">89 Prozent aller Corona-Toten sind \u00e4lter als 70 Jahre<\/a>. Ja, Ausnahmen best\u00e4tigen die Regel. Deshalb ist ein so schwerwiegender Eingriff in die k\u00f6rperliche Unversehrtheit immer noch nicht verh\u00e4ltnism\u00e4\u00dfig oder gar angemessen.<\/p>\n<p>10.) Die Erz\u00e4hlung <em>\u00bbhohe Impfquote beendet die Pandemie\u00ab<\/em> ist ein weiteres Versprechen, das nicht eingehalten werden wird. Island, Portugal, Irland, Norwegen, Gibraltar \u2014 sie alle haben Impfquoten von 90 Prozent und h\u00f6her. Und dennoch gibt es dort weiterhin Grundrechtseinschr\u00e4nkungen und Ma\u00dfnahmen! Dann kommt schnell das Argument: <em>\u00bbJa, aber hohe Impfquoten verhindern mehr schwere Verl\u00e4ufe und somit sind die Intensivstationen nicht so voll\u00ab<\/em>. Das mag sogar stimmen. Nur, soll jetzt eine ganze Bev\u00f6lkerung daf\u00fcr in Geiselhaft genommen werden, weil die Regierungen es in Jahrzehnten nicht geschafft haben, das Gesundheitssystem stabil aufzustellen?<\/p>\n<blockquote><p><span class=\"dquo\">\u00bb<\/span>Das Problem ist, dass wir <strong>in der Pandemie 30.000 Pflegekr\u00e4fte und 6000 Betten verloren<\/strong> haben. Der Staat muss erst einmal seine Hausaufgaben machen, dann kann er die Grundrechte bei den Menschen einschr\u00e4nken.\u00ab<\/p>\n<p><a href=\"https:\/\/www.berliner-zeitung.de\/politik-gesellschaft\/dirk-zingler-abwaelzen-der-verantwortung-kaum-noch-zu-ertragen-li.198611\" target=\"_blank\" rel=\"noopener noreferrer\">Dirk Zingler<\/a>. Pr\u00e4sident des Fu\u00dfball Bundesligisten 1. FC Union Berlin.<\/p><\/blockquote>\n<hr>\n<p><a href=\"https:\/\/netzwerkkrista.de\/2021\/12\/10\/10-gruende-gegen-die-impfpflicht\/\" target=\"_blank\" rel=\"noopener noreferrer\">10 Gr\u00fcnde gegen die Impfpflicht<\/a><br>\n<a href=\"https:\/\/www.anwalt.de\/rechtstipps\/verfassungsbeschwerde-gegen-eine-impfpflicht-194954.html\" target=\"_blank\" rel=\"noopener noreferrer\">Verfassungsbeschwerde gegen eine Impfpflicht<\/a><br>\n<a href=\"https:\/\/kaisertv.de\/2021\/12\/03\/lost-den-pflegenotstand-nicht-die-ungeimpftenfrage\/\" target=\"_blank\" rel=\"noopener noreferrer\">L\u00f6st den Pflegenotstand, nicht die Ungeimpftenfrage<\/a><br>\n<a href=\"https:\/\/www.nachdenkseiten.de\/?p=77850\" target=\"_blank\" rel=\"noopener noreferrer\">30 Gr\u00fcnde, warum ich mich derzeit nicht impfen lasse<\/a><br>\n<a href=\"https:\/\/corona-blog.net\/2021\/11\/19\/praktische-tipps-sich-gegen-eine-impfpflicht-zu-wehren\/\" target=\"_blank\" rel=\"noopener noreferrer\">Praktische Tipps sich gegen eine Impfpflicht zu wehren<\/a><br>\n<a href=\"https:\/\/www.servustv.com\/aktuelles\/v\/aa-27zbb3d9s2111\/\" target=\"_blank\" rel=\"noopener noreferrer\">Omikron, Impfpflicht, Kinderleid: Politisches Totalversagen?<\/a><br>\n<a href=\"https:\/\/www.youtube.com\/watch?v=CAC9F3_pjjE\" target=\"_blank\" rel=\"noopener noreferrer\">Wortbruch: Corona-Impfpflicht \u2014 ein kopfloses Ablenkungsman\u00f6ver<\/a><br>\n<a href=\"https:\/\/fassadenkratzer.wordpress.com\/2021\/12\/12\/impfpflicht-ist-der-zwang-des-wahnsinns-mit-leben-und-gesundheit-russisches-roulette-zu-spielen%EF%BF%BC\/\" target=\"_blank\" rel=\"noopener noreferrer\">Impfpflicht ist der Zwang des Wahnsinns, mit Leben und Gesundheit russisches Roulette zu spielen<\/a><\/p>\n","protected":false},"excerpt":{"rendered":"<p>1.) Die Impfpflicht greift tief in die Grundrechte der Menschen ein. Allen voran, das Grundrecht auf k\u00f6rperliche Unversehrtheit, die Menschenw\u00fcrde, die Selbstbestimmung sowie das allgemeine Pers\u00f6nlichkeitsrecht. Das Argument \u00bbUngeimpfte\u00ab w\u00fcrden andere \u2011also das Gemeinwohl- sch\u00e4digen und deshalb sei es gerechtfertigt, \u2026 <a href=\"https:\/\/www.zeitgeistlos.de\/zgblog\/2021\/zehn-gruende-gegen-die-impfpflicht\/\">Weiterlesen <span class=\"meta-nav\">\u2192<\/span><\/a><\/p>\n","protected":false},"author":4,"featured_media":16056,"comment_status":"open","ping_status":"open","sticky":false,"template":"","format":"standard","meta":{"wp_typography_post_enhancements_disabled":false,"footnotes":""},"categories":[4],"tags":[143,2188,2126,2134,2109,855,376,2212,2198],"class_list":["post-35830","post","type-post","status-publish","format-standard","has-post-thumbnail","hentry","category-politik","tag-grundrechte","tag-impfapartheid","tag-impfpass","tag-impfpflicht","tag-impfung","tag-menschen","tag-menschenrechte","tag-menschenwuerde","tag-ungeimpft"],"_links":{"self":[{"href":"https:\/\/www.zeitgeistlos.de\/zgblog\/wp-json\/wp\/v2\/posts\/35830","targetHints":{"allow":["GET"]}}],"collection":[{"href":"https:\/\/www.zeitgeistlos.de\/zgblog\/wp-json\/wp\/v2\/posts"}],"about":[{"href":"https:\/\/www.zeitgeistlos.de\/zgblog\/wp-json\/wp\/v2\/types\/post"}],"author":[{"embeddable":true,"href":"https:\/\/www.zeitgeistlos.de\/zgblog\/wp-json\/wp\/v2\/users\/4"}],"replies":[{"embeddable":true,"href":"https:\/\/www.zeitgeistlos.de\/zgblog\/wp-json\/wp\/v2\/comments?post=35830"}],"version-history":[{"count":58,"href":"https:\/\/www.zeitgeistlos.de\/zgblog\/wp-json\/wp\/v2\/posts\/35830\/revisions"}],"predecessor-version":[{"id":36089,"href":"https:\/\/www.zeitgeistlos.de\/zgblog\/wp-json\/wp\/v2\/posts\/35830\/revisions\/36089"}],"wp:featuredmedia":[{"embeddable":true,"href":"https:\/\/www.zeitgeistlos.de\/zgblog\/wp-json\/wp\/v2\/media\/16056"}],"wp:attachment":[{"href":"https:\/\/www.zeitgeistlos.de\/zgblog\/wp-json\/wp\/v2\/media?parent=35830"}],"wp:term":[{"taxonomy":"category","embeddable":true,"href":"https:\/\/www.zeitgeistlos.de\/zgblog\/wp-json\/wp\/v2\/categories?post=35830"},{"taxonomy":"post_tag","embeddable":true,"href":"https:\/\/www.zeitgeistlos.de\/zgblog\/wp-json\/wp\/v2\/tags?post=35830"}],"curies":[{"name":"wp","href":"https:\/\/api.w.org\/{rel}","templated":true}]}}