{"id":35712,"date":"2021-12-24T07:33:20","date_gmt":"2021-12-24T06:33:20","guid":{"rendered":"http:\/\/www.zeitgeistlos.de\/zgblog\/?p=35712"},"modified":"2021-12-22T15:27:58","modified_gmt":"2021-12-22T14:27:58","slug":"die-frohe-botschaft","status":"publish","type":"post","link":"https:\/\/www.zeitgeistlos.de\/zgblog\/2021\/die-frohe-botschaft\/","title":{"rendered":"Die frohe Botschaft"},"content":{"rendered":"<div id=\"attachment_35788\" style=\"width: 1044px\" class=\"wp-caption aligncenter\"><a href=\"https:\/\/pixabay.com\/de\/photos\/kirche-dekoration-weihnachten-648430\/\" target=\"_blank\" rel=\"noopener noreferrer\"><img decoding=\"async\" aria-describedby=\"caption-attachment-35788\" class=\"wp-image-35788 size-full\" src=\"https:\/\/www.zeitgeistlos.de\/zgblog\/wp-content\/uploads\/church.jpg\" alt width=\"1034\" height=\"677\" srcset=\"https:\/\/www.zeitgeistlos.de\/zgblog\/wp-content\/uploads\/church.jpg 1034w, https:\/\/www.zeitgeistlos.de\/zgblog\/wp-content\/uploads\/church-450x295.jpg 450w, https:\/\/www.zeitgeistlos.de\/zgblog\/wp-content\/uploads\/church-1024x670.jpg 1024w, https:\/\/www.zeitgeistlos.de\/zgblog\/wp-content\/uploads\/church-150x98.jpg 150w, https:\/\/www.zeitgeistlos.de\/zgblog\/wp-content\/uploads\/church-768x503.jpg 768w, https:\/\/www.zeitgeistlos.de\/zgblog\/wp-content\/uploads\/church-458x300.jpg 458w\" sizes=\"(max-width: 1034px) 100vw, 1034px\"><\/a><p id=\"caption-attachment-35788\" class=\"wp-caption-text\">(Michelle_Raponi \/ Pixabay)<\/p><\/div>\n<p>In der Krise haben viele ihre Masken fallen gelassen. Die versteckten Faschisten. Die vorauseilenden Mitl\u00e4ufer. Die leisen Humanisten. Es zeigt sich, wer Charakter hat, wer sich nichts vorschreiben l\u00e4sst und noch in der Lage ist, selbst zu denken, anstatt der Politik samt angeschalteten Experten blind zu vertrauen. Hier w\u00e4re beispielsweise der eher konservative Journalist <a href=\"https:\/\/reitschuster.de\/\" target=\"_blank\" rel=\"noopener noreferrer\">Boris Reitschuster<\/a> zu nennen. Wer hatte ihn vor rund 5 Jahren auf dem Schirm? Wohl kaum Jemand.<\/p>\n<p>Man muss auch nicht bei allen Themen einer Meinung sein \u2011bei Reitschuster ist das f\u00fcr mich vor allem die Fl\u00fcchtlingsfrage- aber genau das kennzeichnet eine liberale Presse aus. Jeden zu canceln, der nicht 100 Prozent auf Linie ist \u2014 was hat das bitte mit einer offenen Diskurskultur zu tun, <a href=\"https:\/\/reitschuster.de\/post\/reitschuster-gehoert-nicht-in-die-bundespressekonferenz\/\" target=\"_blank\" rel=\"noopener noreferrer\">Herr Jung<\/a>? Differenzen und Unterschiede auszuhalten und zu respektieren, ist das Fundament einer freiheitlichen Grundordnung. Die haben wir l\u00e4ngst verlassen. Und dennoch gibt es Hoffnung!<!--more--><\/p>\n<p><strong>Du bist nicht allein!<\/strong><br>\nDie Krise dr\u00fcckt uns zunehmend aus der eigenen Komfortzone. Wozu sind wir wirklich bereit? Knicken wir sofort ein, wenn Druck von au\u00dfen kommt? Sind wir in der Lage, Br\u00fccken zu bauen und zu deeskalieren? Nehmen wir die Herausforderung an oder \u00fcben wir uns in vorauseilendem Gehorsam, weil wir es gerne bequem und gem\u00fctlich haben? Wie viel lassen wir uns gefallen? Machen wir auch mal das Maul auf, wenn es nicht <em>von Vorteil<\/em> sein kann? Schwimmen wir gern mit dem Strom? All das und noch viel mehr zeigt sich jetzt bei jedem Menschen sehr deutlich. Es ist eine Zeit der individuellen und auch kollektiven Bew\u00e4hrung.<\/p>\n<blockquote><p><span class=\"dquo\">\u00bb<\/span>In einer freiheitlich-rechtsstaatlichen Demokratie darf sich der Staat nicht anma\u00dfen, dem einzelnen Menschen eine bestimmte \u00e4rztliche Behandlung aufzuzwingen.\u201c (<a href=\"https:\/\/www.msn.com\/de-de\/nachrichten\/other\/ex-innenminister-otto-schily-h-c3-a4lt-allgemeine-impfpflicht-f-c3-bcr-unverantwortlich-und-verfassungswidrig-aus-diesem-grund\/ar-AARnFce\" target=\"_blank\" rel=\"noopener noreferrer\">Otto Schily<\/a>)<\/p><\/blockquote>\n<p>Die frohe Botschaft lautet: <a href=\"https:\/\/corona-blog.net\/2021\/12\/19\/bundesweite-proteste-gegen-die-impfpflicht\/\" target=\"_blank\" rel=\"noopener noreferrer\">Du bist nicht allein!<\/a> Wir sind Millionen! Auch wenn die halbe Welt verr\u00fcckt geworden ist \u2014 Selbstbestimmung, Menschenw\u00fcrde und Empathie einem autorit\u00e4r-faschistischen Habitus gewichen sind \u2014 es gibt noch zahlreiche w\u00e4rmende Lichtpunkte in der Finsternis:<\/p>\n<p><a href=\"https:\/\/www.youtube.com\/c\/MorgenseinKaiser\/videos\" target=\"_blank\" rel=\"noopener noreferrer\">Gunnar Kasier<\/a><br>\n<a href=\"https:\/\/www.oskar-lafontaine.de\/\" target=\"_blank\" rel=\"noopener noreferrer\">Oskar Lafontaine<\/a><br>\n<a href=\"https:\/\/www.youtube.com\/channel\/UC-q8URCNmX5Wg4R9kXtW4tg\/videos\" target=\"_blank\" rel=\"noopener noreferrer\">Punkt Preradovic<\/a><br>\n<a href=\"https:\/\/www.youtube.com\/c\/ServusTV\/videos\" target=\"_blank\" rel=\"noopener noreferrer\">Servus TV<\/a><br>\n<a href=\"https:\/\/corona-ausschuss.de\/sitzungen\/\" target=\"_blank\" rel=\"noopener noreferrer\">Corona Ausschuss<\/a><br>\n<a href=\"https:\/\/reitschuster.de\/\" target=\"_blank\" rel=\"noopener noreferrer\">Boris Reitschuster<\/a><br>\n<a href=\"https:\/\/www.sahra-wagenknecht.de\/\" target=\"_blank\" rel=\"noopener noreferrer\">Sahra Wagenknecht<\/a><br>\n<a href=\"https:\/\/norberthaering.de\/\" target=\"_blank\" rel=\"noopener noreferrer\">Norbert H\u00e4ring<\/a><br>\n<a href=\"https:\/\/www.youtube.com\/user\/rppinstitut\/videos\" target=\"_blank\" rel=\"noopener noreferrer\">Raphael Bonelli<\/a><br>\n<a href=\"https:\/\/www.klagepaten.de\/\" target=\"_blank\" rel=\"noopener noreferrer\">Klagepaten<\/a><br>\n<a href=\"https:\/\/de.rt.com\/\" target=\"_blank\" rel=\"noopener noreferrer\">RT Deutsch<\/a><br>\n<a href=\"http:\/\/dschneble.tssd.de\/blog\/\" target=\"_blank\" rel=\"noopener noreferrer\">DS-Pektiven<\/a><br>\n<a href=\"https:\/\/multipolar-magazin.de\" target=\"_blank\" rel=\"noopener noreferrer\">Multipolar<\/a><br>\n<a href=\"https:\/\/www.bitchute.com\/channel\/RubikonMagazin\/\" target=\"_blank\" rel=\"noopener noreferrer\">Rubikon<\/a><br>\n<a href=\"https:\/\/www.youtube.com\/channel\/UCkePYP8zwePoQouGhXMweVA\/videos\" target=\"_blank\" rel=\"noopener noreferrer\">Ralf Ludwig<\/a><br>\n<a href=\"http:\/\/www.beatebahner.de\/\" target=\"_blank\" rel=\"noopener noreferrer\">Beate Bahner<\/a><br>\n<a href=\"https:\/\/www.youtube.com\/channel\/UC7_ypK4J-xOnQCyIIctQzew\/videos\" target=\"_blank\" rel=\"noopener noreferrer\">Bernie aus Australien<\/a><br>\n<a href=\"https:\/\/odysee.com\/@NikolaiBinner:4\" target=\"_blank\" rel=\"noopener noreferrer\">Nikolai Binner<\/a><br>\n<a href=\"https:\/\/www.neulandrebellen.de\/\" target=\"_blank\" rel=\"noopener noreferrer\">Neulandrebellen<\/a><br>\n<a href=\"https:\/\/www.wodarg.com\/\" target=\"_blank\" rel=\"noopener noreferrer\">Wolfgang Wodarg<\/a><br>\n<a href=\"https:\/\/www.nachdenkseiten.de\/\" target=\"_blank\" rel=\"noopener noreferrer\">Nachdenkseiten<\/a><br>\n<a href=\"https:\/\/www.allesaufdentisch.tv\/\" target=\"_blank\" rel=\"noopener noreferrer\">Alles auf den Tisch<\/a><br>\n<a href=\"https:\/\/www.afaev.de\/\" target=\"_blank\" rel=\"noopener noreferrer\">Anw\u00e4lte f\u00fcr Aufkl\u00e4rung<\/a><br>\n<a href=\"https:\/\/www.eltern-fuer-aufklaerung.org\/\" target=\"_blank\" rel=\"noopener noreferrer\">Eltern f\u00fcr Aufkl\u00e4rung<\/a><br>\n<a href=\"https:\/\/lehrer-fuer-aufklaerung.de\/\" target=\"_blank\" rel=\"noopener noreferrer\">Lehrer f\u00fcr Aufkl\u00e4rung<\/a><br>\n<a href=\"https:\/\/pflegefueraufklaerung.de\/\" target=\"_blank\" rel=\"noopener noreferrer\">Pflege f\u00fcr Aufkl\u00e4rung<\/a><br>\n<a href=\"https:\/\/www.aerztefueraufklaerung.de\/\" target=\"_blank\" rel=\"noopener noreferrer\">\u00c4rzte f\u00fcr Aufkl\u00e4rung<\/a><br>\n<a href=\"https:\/\/www.youtube.com\/channel\/UC7KB64Gc7P8YtDPp0akfG9g\/videos\" target=\"_blank\" rel=\"noopener noreferrer\">Burchardt &amp; B\u00f6ttcher<\/a><br>\n<a href=\"https:\/\/www.youtube.com\/channel\/UCXatcyg3cbvAxQ4FRNJ3ygA\/videos\" target=\"_blank\" rel=\"noopener noreferrer\">Paul Brandenburg<\/a><br>\n<a href=\"https:\/\/twitter.com\/aya_velazquez\" target=\"_blank\" rel=\"noopener noreferrer\">Aya Vel\u00e1zquez<\/a><br>\n<a href=\"https:\/\/www.youtube.com\/c\/OVALmedia\/videos\" target=\"_blank\" rel=\"noopener noreferrer\">Oval Media<\/a><br>\n<a href=\"https:\/\/apolut.net\/\" target=\"_blank\" rel=\"noopener noreferrer\">Apolut<\/a><br>\n<a href=\"https:\/\/twitter.com\/argonerd\" target=\"_blank\" rel=\"noopener noreferrer\">Argo Nerd<\/a><br>\n<a href=\"https:\/\/miloszmatuschek.substack.com\/?no_cover=true\" target=\"_blank\" rel=\"noopener noreferrer\">Milosz Matuschek<\/a><br>\n<a href=\"https:\/\/medienblog.hypotheses.org\/\" target=\"_blank\" rel=\"noopener noreferrer\">Michael Meyen<\/a><br>\n<a href=\"https:\/\/www.youtube.com\/channel\/UCQWqzh6Wcc_2mkBJ5sy3SqA\/videos\" target=\"_blank\" rel=\"noopener noreferrer\">Wikihausen<\/a><br>\n<a href=\"https:\/\/www.achgut.com\/podcast\" target=\"_blank\" rel=\"noopener noreferrer\">Indubio<\/a><br>\n<a href=\"https:\/\/www.mwgfd.de\/\" target=\"_blank\" rel=\"noopener noreferrer\">MWGFD<\/a><br>\n<a href=\"https:\/\/netzwerkkrista.de\/\" target=\"_blank\" rel=\"noopener noreferrer\">Netzwerk Kritische Richter<\/a><br>\n...und viele viele mehr.<\/p>\n<div id=\"attachment_35938\" style=\"width: 898px\" class=\"wp-caption aligncenter\"><img decoding=\"async\" aria-describedby=\"caption-attachment-35938\" class=\"wp-image-35938 size-full\" src=\"https:\/\/www.zeitgeistlos.de\/zgblog\/wp-content\/uploads\/mensch1.jpg\" alt width=\"888\" height=\"514\" srcset=\"https:\/\/www.zeitgeistlos.de\/zgblog\/wp-content\/uploads\/mensch1.jpg 888w, https:\/\/www.zeitgeistlos.de\/zgblog\/wp-content\/uploads\/mensch1-450x260.jpg 450w, https:\/\/www.zeitgeistlos.de\/zgblog\/wp-content\/uploads\/mensch1-150x87.jpg 150w, https:\/\/www.zeitgeistlos.de\/zgblog\/wp-content\/uploads\/mensch1-768x445.jpg 768w, https:\/\/www.zeitgeistlos.de\/zgblog\/wp-content\/uploads\/mensch1-500x289.jpg 500w\" sizes=\"(max-width: 888px) 100vw, 888px\"><p id=\"caption-attachment-35938\" class=\"wp-caption-text\">Gentechnische Substanzen begrenzter Wirksamkeit? Ohne mich.<\/p><\/div>\n<p><strong>In der Ruhe liegt die Kraft!<\/strong><br>\nJa, <em>die gro\u00dfe Masse<\/em> l\u00e4uft wieder mit. F\u00fcr sie k\u00f6nnen die \u00bbMa\u00dfnahmen\u00ab, die Ausgrenzungen und die Bestrafungen gar nicht hart genug sein. Aber das ist kein Grund, den Kopf in den Sand zu stecken, zu resignieren oder sich vom Hass zerfressen zu lassen! Es wird Zeit alternative Strukturen aufzubauen und zu pflegen. Als Beispiele w\u00e4ren hier <a href=\"https:\/\/impffrei.work\/\" target=\"_blank\" rel=\"noopener noreferrer\">impffrei.work<\/a> oder <a href=\"https:\/\/animap.info\/karte\/\" target=\"_blank\" rel=\"noopener noreferrer\">animap<\/a> zu nennen. Alternative Jobb\u00f6rsen, bei dem nicht der Impfstatus entscheiden soll, sondern Fachkompetenz und Eignung. Es haben sich bereits zahlreiche <a href=\"https:\/\/corona-blog.net\/initiativen\/\" target=\"_blank\" rel=\"noopener noreferrer\">Initiativen<\/a> in jedem Bundesland herausgebildet. Auch der <a href=\"https:\/\/www.v-u-m.org\/\" target=\"_blank\" rel=\"noopener noreferrer\">Verband Ungeimpfter Menschen<\/a> ist eine interessante Idee, wenn auch erst im Aufbau. Es gibt keinen Grund alleine irgendwo zu verzweifeln \u2014 schlie\u00dft euch den Bewegungen an! \u00dcberall finden <a href=\"https:\/\/demo.terminkalender.top\/pc.php\" target=\"_blank\" rel=\"noopener noreferrer\">Spazierg\u00e4nge und Demonstrationen<\/a> statt. Werdet aktiv! Egal in welcher Form.<\/p>\n<p>Die Tagesschau nennt das alles ver\u00e4chtlich eine <em>\u00bbCorona-Leugner-Parallelgesellschaft\u00ab <\/em>(ohne Link, vom 14.12.2021). Ja, was habt Ihr denn erwartet? Druck erzeugt Gegendruck. Rund Zwei Jahre lang jeden Ma\u00dfnahmen-Kritiker als Nazi beschimpfen, Millionen von Menschen via 2G ausgrenzen, stigmatisieren und diffamieren, in den Sozialen Medien jede Kritik wegl\u00f6schen sowie Wissenschaftler und Experten, die nicht auf Mainstream-Corona-Linie sind, konsequent canceln \u2014 soll keinen Widerstand erzeugen? Nat\u00fcrlich finden Menschen dann M\u00f6glichkeiten und Wege ihr Leben zu leben und bauen alternative Strukturen auf. Und das ist gut so!<\/p>\n<p>Dar\u00fcber hinaus ist es sehr wichtig, alle Quellen, die einen pers\u00f6nlich Kraft und Energie geben, regelm\u00e4\u00dfig zu nutzen. Sei es Sport, Freunde, Hobbys, Lohnarbeit, Haustiere oder Liebespartner. Ganz egal. Die Verzweiflung, die Angst und die Unsicherheit von Millionen von Menschen, denen angedroht wird, eine medizinische Behandlung \u2011unter Strafandrohung- an ihnen durchzuf\u00fchren, die sie nicht m\u00f6chten, kann ich komplett nachvollziehen. Auch ich leide seit einigen Wochen unter akuten Schlafst\u00f6rungen, die ich noch nie in meinem Leben hatte. Umso wichtiger ist es, so gut es geht, in der eigenen Mitte zu bleiben. Ruhe zu bewahren. Kraft zu tanken.<\/p>\n<p><strong>Bleibt standhaft!<\/strong><br>\nIch bin fest davon \u00fcberzeugt, dass fast alle ungeimpften Mitmenschen \u2011nach rund 20 Monaten medialem Impf-Dauerfeuer- sich auch mit einer kommenden Impfpflicht nicht impfen lassen werden. Die meisten werden sich das lange und ausgiebig \u00fcberlegt haben. Will man die Menschen nun zu einer medizinischen Behandlung zwingen, k\u00e4me das einem k\u00f6rperlichen Missbrauch gleich. Einer staatlich angeordneten Vergewaltigung. Auch ich werde da nicht mitmachen, mit allen Konsequenzen, die es dann haben wird. Jeder der es jedoch begr\u00fc\u00dft oder wegschaut, macht sich einem Verbrechen gegen die Menschlichkeit schuldig. Der Wahnsinn wird auch irgendwann wieder vorbei sein. Dann wird sich zeigen, wer mitgemacht hat und wer seine Menschlichkeit bewahren konnte.<\/p>\n<p><iframe title=\"YouTube video player\" src=\"https:\/\/www.youtube.com\/embed\/bxROkkm02AQ\" width=\"500\" height=\"300\" frameborder=\"0\" allowfullscreen=\"allowfullscreen\"><\/iframe><\/p>\n<p>Ich werde die Weihnachtsferien nutzen, um \u00fcber vieles nachzudenken. Mit gro\u00dfer Wahrscheinlichkeit wird sich bei mir im Laufe des Jahres 2022 viel ver\u00e4ndern. Ob ich dann noch mit Kindern und Jugendlichen \u2011in welcher Art und Form auch immer- \u00fcberhaupt noch <em>arbeiten darf<\/em>, wird sich zeigen. Meine Erfahrung, meine Qualifikation sowie meine F\u00e4hig- und Fertigkeiten, sind offenbar nicht mehr von Bedeutung. Alles was z\u00e4hlen soll, ist der Impfstatus. Ich werde mir diese Entmenschlichung nicht gefallen lassen! 2G. Bu\u00dfgeld. K\u00fcndigung. Wenn Ihr denkt, Ihr k\u00f6nnt mich und die vielen, vielen anderen Menschen da drau\u00dfen, zu einer medizinischen Intervention zwingen und erpressen, dann untersch\u00e4tzt Ihr uns aber gewaltig!<\/p>\n<p><strong>Gebt die Hoffnung nicht auf!<\/strong><br>\nAn alle Ma\u00dfnahmen-und-Impf-Bef\u00fcrworter: wenn Ihr wirklich glaubt, dass bei einer Impfquote von 90+ und einer allgemeinen Impfpflicht alles vorbei sein wird, dann glaubt Ihr auch an den Weihnachtsmann! Wie oft wollt Ihr noch mit gebrochenen (Heils-)Versprechen verarscht werden, bis Ihr endlich die Realit\u00e4t anerkennen wollt? Nach dem 20. Booster? Der 15. Welle? Dem 10. Lockdown?<\/p>\n<p>Hier ging es nie um <em>Gesundheit<\/em>, sondern um die Installierung eines digitalen Kontroll- und \u00dcberwachungsstaates via \u00bbGreen Pass\u00ab,<a href=\"https:\/\/id2020.org\/\" target=\"_blank\" rel=\"noopener noreferrer\"> \u00bbID2020\u00ab<\/a>, und <a href=\"https:\/\/www.weforum.org\/great-reset\" target=\"_blank\" rel=\"noopener noreferrer\">\u00bbGreat Reset\u00ab<\/a>. \u00dcberall auf der Welt l\u00e4uft das gleiche Drehbuch in unterschiedlicher Geschwindigkeit ab. Alle Regierungen haben ein Interesse an mehr Macht und mehr Kontrolle. Deshalb machen auch alle mit. Auch das ist <em>eine krude Verschw\u00f6rungstheorie<\/em>, die in einigen Jahren schn\u00f6der Alltag sein wird. Erst wenn Ihr alle <em>\u00bbNein!\u00ab<\/em> sagt, endet der Spuk. Nicht einen Tag vorher!<\/p>\n<p>Aber: es gibt immer Hoffnung, Optionen und Alternativen. Wir sind nicht allein und wir sind viele. Bauen wir darauf auf! Die Proteste werden weltweit explodieren und nicht mehr aufh\u00f6ren. In diesem Sinne w\u00fcnsche ich euch allen ein entspanntes Weihnachtsfest! Haltet stand und eure Lieben fest! Wir schaffen das! <img decoding=\"async\" style=\"margin-left: 3px; margin-right: 3px; vertical-align: middle; -webkit-box-shadow: none; -moz-box-shadow: none; box-shadow: none;\" src=\"https:\/\/www.zeitgeistlos.de\/zgblog\/wp-content\/plugins\/wp-emoji-one\/icons\/2764.png\" width=\"16\" height=\"16\"><\/p>\n<p><img decoding=\"async\" style=\"margin-left: 3px; margin-right: 3px; vertical-align: middle; -webkit-box-shadow: none; -moz-box-shadow: none; box-shadow: none;\" src=\"https:\/\/www.zeitgeistlos.de\/zgblog\/wp-content\/plugins\/wp-emoji-one\/icons\/1F384.png\" width=\"16\" height=\"16\">&nbsp;<img decoding=\"async\" style=\"margin-left: 3px; margin-right: 3px; vertical-align: middle; -webkit-box-shadow: none; -moz-box-shadow: none; box-shadow: none;\" src=\"https:\/\/www.zeitgeistlos.de\/zgblog\/wp-content\/plugins\/wp-emoji-one\/icons\/1F384.png\" width=\"16\" height=\"16\"> <img decoding=\"async\" style=\"margin-left: 3px; margin-right: 3px; vertical-align: middle; -webkit-box-shadow: none; -moz-box-shadow: none; box-shadow: none;\" src=\"https:\/\/www.zeitgeistlos.de\/zgblog\/wp-content\/plugins\/wp-emoji-one\/icons\/1F384.png\" width=\"16\" height=\"16\"><\/p>\n","protected":false},"excerpt":{"rendered":"<p>In der Krise haben viele ihre Masken fallen gelassen. Die versteckten Faschisten. Die vorauseilenden Mitl\u00e4ufer. Die leisen Humanisten. Es zeigt sich, wer Charakter hat, wer sich nichts vorschreiben l\u00e4sst und noch in der Lage ist, selbst zu denken, anstatt der \u2026 <a href=\"https:\/\/www.zeitgeistlos.de\/zgblog\/2021\/die-frohe-botschaft\/\">Weiterlesen <span class=\"meta-nav\">\u2192<\/span><\/a><\/p>\n","protected":false},"author":4,"featured_media":16056,"comment_status":"open","ping_status":"open","sticky":false,"template":"","format":"standard","meta":{"wp_typography_post_enhancements_disabled":false,"footnotes":""},"categories":[190],"tags":[1221,263,1965,264,523,2119,1943,376,1103,1569,1906,201],"class_list":["post-35712","post","type-post","status-publish","format-standard","has-post-thumbnail","hentry","category-gedanken","tag-empathie","tag-freude","tag-freundlichkeit","tag-gluck","tag-humanismus","tag-lebensfreude","tag-mensch","tag-menschenrechte","tag-optimismus","tag-selbstbestimmung","tag-selbstwirksamkeit","tag-weihnachten"],"_links":{"self":[{"href":"https:\/\/www.zeitgeistlos.de\/zgblog\/wp-json\/wp\/v2\/posts\/35712","targetHints":{"allow":["GET"]}}],"collection":[{"href":"https:\/\/www.zeitgeistlos.de\/zgblog\/wp-json\/wp\/v2\/posts"}],"about":[{"href":"https:\/\/www.zeitgeistlos.de\/zgblog\/wp-json\/wp\/v2\/types\/post"}],"author":[{"embeddable":true,"href":"https:\/\/www.zeitgeistlos.de\/zgblog\/wp-json\/wp\/v2\/users\/4"}],"replies":[{"embeddable":true,"href":"https:\/\/www.zeitgeistlos.de\/zgblog\/wp-json\/wp\/v2\/comments?post=35712"}],"version-history":[{"count":110,"href":"https:\/\/www.zeitgeistlos.de\/zgblog\/wp-json\/wp\/v2\/posts\/35712\/revisions"}],"predecessor-version":[{"id":36186,"href":"https:\/\/www.zeitgeistlos.de\/zgblog\/wp-json\/wp\/v2\/posts\/35712\/revisions\/36186"}],"wp:featuredmedia":[{"embeddable":true,"href":"https:\/\/www.zeitgeistlos.de\/zgblog\/wp-json\/wp\/v2\/media\/16056"}],"wp:attachment":[{"href":"https:\/\/www.zeitgeistlos.de\/zgblog\/wp-json\/wp\/v2\/media?parent=35712"}],"wp:term":[{"taxonomy":"category","embeddable":true,"href":"https:\/\/www.zeitgeistlos.de\/zgblog\/wp-json\/wp\/v2\/categories?post=35712"},{"taxonomy":"post_tag","embeddable":true,"href":"https:\/\/www.zeitgeistlos.de\/zgblog\/wp-json\/wp\/v2\/tags?post=35712"}],"curies":[{"name":"wp","href":"https:\/\/api.w.org\/{rel}","templated":true}]}}