{"id":33200,"date":"2021-05-09T07:06:10","date_gmt":"2021-05-09T05:06:10","guid":{"rendered":"http:\/\/www.zeitgeistlos.de\/zgblog\/?p=33200"},"modified":"2021-05-08T20:14:58","modified_gmt":"2021-05-08T18:14:58","slug":"wieder-einer-mehr","status":"publish","type":"post","link":"https:\/\/www.zeitgeistlos.de\/zgblog\/2021\/wieder-einer-mehr\/","title":{"rendered":"Wieder einer mehr..."},"content":{"rendered":"<p><iframe title=\"YouTube video player\" src=\"https:\/\/www.youtube.com\/embed\/Z7X1KE-ZUqA\" width=\"450\" height=\"300\" frameborder=\"0\" allowfullscreen=\"allowfullscreen\"><\/iframe><\/p>\n<p style=\"text-align: justify;\">Nun gibt ein Richter, der rund 40 Jahre im Amt war, aus Protest gegen den Demokratieabbau sein Bundesverdienstkreuz zur\u00fcck. Meine G\u00fcte, wie viele Corona-Leugner, Covidioten, Verschw\u00f6rungstheoretiker und Aluh\u00fcte gibt es denn noch so in Deutschland? Die wachsen ja schneller nach, als man einen Faktencheck machen kann! Volksverpetzer, MaiLab, Tagesspiegel, PSIRAM und Correctiv \u2014 \u00fcbernehmen Sie! Bitte die dunklen, antisemitischen und rechten Schwurbel-Netzwerke von Dr. Manfred K\u00f6lsch aufdecken! Danke. <img decoding=\"async\" style=\"margin-left: 3px; margin-right: 3px; vertical-align: middle; -webkit-box-shadow: none; -moz-box-shadow: none; box-shadow: none;\" src=\"https:\/\/www.zeitgeistlos.de\/zgblog\/wp-content\/plugins\/wp-emoji-one\/icons\/1F575.png\" width=\"16\" height=\"16\"><\/p>\n<hr>\n<p style=\"text-align: justify;\"><a href=\"https:\/\/de.rt.com\/inland\/117129-ehemaliger-richter-kritisiert-rechtsprechung-zu\/\" target=\"_blank\" rel=\"noopener noreferrer\">RT Deutsch<\/a><br>\n<a href=\"https:\/\/www.berliner-zeitung.de\/news\/wegen-corona-massnahmen-ehemaliger-richter-gibt-bundesverdienstkreuz-zurueck-li.157801\" target=\"_blank\" rel=\"noopener noreferrer\">Berliner Zeitung<\/a><\/p>\n","protected":false},"excerpt":{"rendered":"<p>Nun gibt ein Richter, der rund 40 Jahre im Amt war, aus Protest gegen den Demokratieabbau sein Bundesverdienstkreuz zur\u00fcck. Meine G\u00fcte, wie viele Corona-Leugner, Covidioten, Verschw\u00f6rungstheoretiker und Aluh\u00fcte gibt es denn noch so in Deutschland? Die wachsen ja schneller nach, \u2026 <a href=\"https:\/\/www.zeitgeistlos.de\/zgblog\/2021\/wieder-einer-mehr\/\">Weiterlesen <span class=\"meta-nav\">\u2192<\/span><\/a><\/p>\n","protected":false},"author":4,"featured_media":16056,"comment_status":"open","ping_status":"open","sticky":false,"template":"","format":"standard","meta":{"wp_typography_post_enhancements_disabled":false,"footnotes":""},"categories":[4,61],"tags":[2032,2045,227,2161,251,2160,2159],"class_list":["post-33200","post","type-post","status-publish","format-standard","has-post-thumbnail","hentry","category-politik","category-videos","tag-corona","tag-corona-time","tag-demokratie","tag-faktenchecker","tag-justiz","tag-massnahmenkritik","tag-richter"],"_links":{"self":[{"href":"https:\/\/www.zeitgeistlos.de\/zgblog\/wp-json\/wp\/v2\/posts\/33200","targetHints":{"allow":["GET"]}}],"collection":[{"href":"https:\/\/www.zeitgeistlos.de\/zgblog\/wp-json\/wp\/v2\/posts"}],"about":[{"href":"https:\/\/www.zeitgeistlos.de\/zgblog\/wp-json\/wp\/v2\/types\/post"}],"author":[{"embeddable":true,"href":"https:\/\/www.zeitgeistlos.de\/zgblog\/wp-json\/wp\/v2\/users\/4"}],"replies":[{"embeddable":true,"href":"https:\/\/www.zeitgeistlos.de\/zgblog\/wp-json\/wp\/v2\/comments?post=33200"}],"version-history":[{"count":6,"href":"https:\/\/www.zeitgeistlos.de\/zgblog\/wp-json\/wp\/v2\/posts\/33200\/revisions"}],"predecessor-version":[{"id":33210,"href":"https:\/\/www.zeitgeistlos.de\/zgblog\/wp-json\/wp\/v2\/posts\/33200\/revisions\/33210"}],"wp:featuredmedia":[{"embeddable":true,"href":"https:\/\/www.zeitgeistlos.de\/zgblog\/wp-json\/wp\/v2\/media\/16056"}],"wp:attachment":[{"href":"https:\/\/www.zeitgeistlos.de\/zgblog\/wp-json\/wp\/v2\/media?parent=33200"}],"wp:term":[{"taxonomy":"category","embeddable":true,"href":"https:\/\/www.zeitgeistlos.de\/zgblog\/wp-json\/wp\/v2\/categories?post=33200"},{"taxonomy":"post_tag","embeddable":true,"href":"https:\/\/www.zeitgeistlos.de\/zgblog\/wp-json\/wp\/v2\/tags?post=33200"}],"curies":[{"name":"wp","href":"https:\/\/api.w.org\/{rel}","templated":true}]}}