{"id":33161,"date":"2021-05-11T07:05:55","date_gmt":"2021-05-11T05:05:55","guid":{"rendered":"http:\/\/www.zeitgeistlos.de\/zgblog\/?p=33161"},"modified":"2021-05-11T21:30:56","modified_gmt":"2021-05-11T19:30:56","slug":"tagesspiegel","status":"publish","type":"post","link":"https:\/\/www.zeitgeistlos.de\/zgblog\/2021\/tagesspiegel\/","title":{"rendered":"Tagesspiegel"},"content":{"rendered":"<div id=\"attachment_33226\" style=\"width: 595px\" class=\"wp-caption aligncenter\"><a href=\"https:\/\/twitter.com\/argonerd\/status\/1392176412795281411\" target=\"_blank\" rel=\"noopener noreferrer\"><img decoding=\"async\" aria-describedby=\"caption-attachment-33226\" class=\"wp-image-33226 size-full\" src=\"https:\/\/www.zeitgeistlos.de\/zgblog\/wp-content\/uploads\/argo.jpg\" alt width=\"585\" height=\"629\" srcset=\"https:\/\/www.zeitgeistlos.de\/zgblog\/wp-content\/uploads\/argo.jpg 585w, https:\/\/www.zeitgeistlos.de\/zgblog\/wp-content\/uploads\/argo-372x400.jpg 372w, https:\/\/www.zeitgeistlos.de\/zgblog\/wp-content\/uploads\/argo-140x150.jpg 140w, https:\/\/www.zeitgeistlos.de\/zgblog\/wp-content\/uploads\/argo-279x300.jpg 279w\" sizes=\"(max-width: 585px) 100vw, 585px\"><\/a><p id=\"caption-attachment-33226\" class=\"wp-caption-text\">Das Bild wurde nachtr\u00e4glich eingef\u00fcgt. (via @argonerd)<\/p><\/div>\n<p style=\"text-align: justify;\">Ich wei\u00df nicht, was Sebastian Leber vom Tagesspiegel geritten hat. Seine Beitr\u00e4ge triefen vor Abwertung, Diffamierung und Ver\u00e4chtlichmachung. Er ignoriert und missachtet systematisch den <a href=\"https:\/\/de.wikipedia.org\/wiki\/Pressekodex\" target=\"_blank\" rel=\"noopener noreferrer\">Pressekodex<\/a>: Wahrhaftigkeit und Achtung der Menschenw\u00fcrde, Pers\u00f6nlichkeitsrechte, Schutz der Ehre, Unschuldsvermutung. Seine Texte sind durchsetzt von negativ konnotierten Begriffen und Vokabeln. Alles b\u00f6se Verschw\u00f6rungsspinner. Nazis. Antisemiten. Und so weiter und so fort. Ein paar Beispiele:<\/p>\n<p style=\"text-align: justify;\"><em><span class=\"dquo\">\u00bb<\/span>Schauspieler und ihre Corona-Kritik \u203aAlles dicht machen\u2039 ist so sch\u00e4big, dass es weh tut\u00ab<\/em><\/p>\n<p style=\"text-align: justify;\"><em><span class=\"dquo\">\u00bb<\/span>Wie viel Querdenken steckt in \u201eDie Basis\u201c? Partei f\u00fcr Energetiker, Aidsleugner und Holocaustverharmloser\u00ab<\/em><\/p>\n<p style=\"text-align: justify;\"><em><span class=\"dquo\">\u00bb<\/span>Verschw\u00f6rung, Extremismus und Judensterne: Die Querdenker-Gruppen sind sich einig \u2013 in antisemitischen Stereotypen\u00ab<\/em><\/p>\n<p style=\"text-align: justify;\"><em><span class=\"dquo\">\u00bb<\/span>Biografien von Verschw\u00f6rungsideologen: Erst Friedensaktivist, jetzt Corona-Verharmloser\u00ab<\/em><\/p>\n<p style=\"text-align: justify;\"><em><span class=\"dquo\">\u00bb<\/span>Die Verschw\u00f6rungsm\u00e4rchen, die Ovalmedia verbreitet\u00ab<\/em><\/p>\n<p><em><span class=\"dquo\">\u00bb<\/span>Die lausige Trefferquote der Verschw\u00f6rungsideologen\u00ab<\/em><\/p>\n<p style=\"text-align: justify;\"><em><span class=\"dquo\">\u00bb<\/span>Ovalmedia verbreitet Verschw\u00f6rungsl\u00fcgen \u2013 und produziert f\u00fcr Arte\u00ab<\/em><\/p>\n<p style=\"text-align: justify;\">Wo bleibt der Wille, sachlich, neutral und objektiv zu berichten? Wo der Erkenntnisdrang, eine Sache ganzheitlich durchdringen zu wollen? Wo die Offenheit f\u00fcr alternative Sichtweisen und Perspektiven? Warum wird hier st\u00e4ndig nur <em>\u00fcber<\/em>, aber nie <em>mit<\/em> den Personen gesprochen? Was ist mit journalistischen Standards? Weshalb bekommt so ein Redakteur auch noch<a href=\"https:\/\/www.tagesspiegel.de\/gesellschaft\/medien\/journalistenpreis-der-lange-atem-auszeichnung-fuer-sebastian-leber\/27145068.html\" target=\"_blank\" rel=\"noopener noreferrer\"> einen Preis<\/a>? Ich mein, ich bin ein kleiner Pups-Blog, aber wenn Journalisten von gro\u00dfen Tageszeitungen so einen hetzerischen Sermon abliefern, werden sie daf\u00fcr auch noch gefeiert? Wo sind wir hier gelandet?<\/p>\n<p style=\"text-align: justify;\">Abschlie\u00dfend kann ich nur den Mehrdenker von <a href=\"http:\/\/dschneble.tssd.de\/blog\/?p=9935\" target=\"_blank\" rel=\"noopener noreferrer\">DS-Pektiven<\/a> zitieren: <em>\u00bbIhr pr\u00fcgelt ausgerechnet auf jene ein, die Euren Arsch retten wollen, die f\u00fcr das Wieder-Inkraftsetzen der Grundrechte eintreten und dabei Ansehen und Job riskieren.\u00ab <\/em>Thats it!<em><br>\n<\/em><\/p>\n<hr>\n<p style=\"text-align: justify;\"><a href=\"https:\/\/www.zeitgeistlos.de\/zgblog\/?s=ziegenjournalismus&amp;submit=Suchen\" target=\"_blank\" rel=\"noopener noreferrer\">Ziegenjournalismus<\/a><\/p>\n","protected":false},"excerpt":{"rendered":"<p>Ich wei\u00df nicht, was Sebastian Leber vom Tagesspiegel geritten hat. Seine Beitr\u00e4ge triefen vor Abwertung, Diffamierung und Ver\u00e4chtlichmachung. Er ignoriert und missachtet systematisch den Pressekodex: Wahrhaftigkeit und Achtung der Menschenw\u00fcrde, Pers\u00f6nlichkeitsrechte, Schutz der Ehre, Unschuldsvermutung. Seine Texte sind durchsetzt von \u2026 <a href=\"https:\/\/www.zeitgeistlos.de\/zgblog\/2021\/tagesspiegel\/\">Weiterlesen <span class=\"meta-nav\">\u2192<\/span><\/a><\/p>\n","protected":false},"author":4,"featured_media":16056,"comment_status":"open","ping_status":"open","sticky":false,"template":"","format":"standard","meta":{"wp_typography_post_enhancements_disabled":false,"footnotes":""},"categories":[5],"tags":[1356,408,34,2158,562,1525,899],"class_list":["post-33161","post","type-post","status-publish","format-standard","has-post-thumbnail","hentry","category-medien","tag-berichterstattung","tag-journalismus","tag-propaganda","tag-sebastian-leber","tag-tagesspiegel","tag-verschwoerung","tag-verschworungstheorie"],"_links":{"self":[{"href":"https:\/\/www.zeitgeistlos.de\/zgblog\/wp-json\/wp\/v2\/posts\/33161","targetHints":{"allow":["GET"]}}],"collection":[{"href":"https:\/\/www.zeitgeistlos.de\/zgblog\/wp-json\/wp\/v2\/posts"}],"about":[{"href":"https:\/\/www.zeitgeistlos.de\/zgblog\/wp-json\/wp\/v2\/types\/post"}],"author":[{"embeddable":true,"href":"https:\/\/www.zeitgeistlos.de\/zgblog\/wp-json\/wp\/v2\/users\/4"}],"replies":[{"embeddable":true,"href":"https:\/\/www.zeitgeistlos.de\/zgblog\/wp-json\/wp\/v2\/comments?post=33161"}],"version-history":[{"count":17,"href":"https:\/\/www.zeitgeistlos.de\/zgblog\/wp-json\/wp\/v2\/posts\/33161\/revisions"}],"predecessor-version":[{"id":33227,"href":"https:\/\/www.zeitgeistlos.de\/zgblog\/wp-json\/wp\/v2\/posts\/33161\/revisions\/33227"}],"wp:featuredmedia":[{"embeddable":true,"href":"https:\/\/www.zeitgeistlos.de\/zgblog\/wp-json\/wp\/v2\/media\/16056"}],"wp:attachment":[{"href":"https:\/\/www.zeitgeistlos.de\/zgblog\/wp-json\/wp\/v2\/media?parent=33161"}],"wp:term":[{"taxonomy":"category","embeddable":true,"href":"https:\/\/www.zeitgeistlos.de\/zgblog\/wp-json\/wp\/v2\/categories?post=33161"},{"taxonomy":"post_tag","embeddable":true,"href":"https:\/\/www.zeitgeistlos.de\/zgblog\/wp-json\/wp\/v2\/tags?post=33161"}],"curies":[{"name":"wp","href":"https:\/\/api.w.org\/{rel}","templated":true}]}}