{"id":3277,"date":"2009-10-30T02:19:42","date_gmt":"2009-10-30T00:19:42","guid":{"rendered":"http:\/\/www.zeitgeistlos.de\/zgblog\/?p=3277"},"modified":"2009-10-30T02:19:42","modified_gmt":"2009-10-30T00:19:42","slug":"zg-ruckblick-eiszeit","status":"publish","type":"post","link":"https:\/\/www.zeitgeistlos.de\/zgblog\/2009\/zg-ruckblick-eiszeit\/","title":{"rendered":"ZG-R\u00fcckblick: \u00bbEiszeit?\u00ab"},"content":{"rendered":"<p><a href=\"https:\/\/www.zeitgeistlos.de\/zgblog\/wp-content\/uploads\/zg_rueckblick.jpg\"><img decoding=\"async\" class=\"aligncenter size-medium wp-image-596\" title=\"ZG-R\u00fcckblick\" src=\"https:\/\/www.zeitgeistlos.de\/zgblog\/wp-content\/uploads\/zg_rueckblick.jpg\" alt width=\"450\" height=\"200\" srcset=\"https:\/\/www.zeitgeistlos.de\/zgblog\/wp-content\/uploads\/zg_rueckblick.jpg 450w, https:\/\/www.zeitgeistlos.de\/zgblog\/wp-content\/uploads\/zg_rueckblick-150x66.jpg 150w\" sizes=\"(max-width: 450px) 100vw, 450px\"><\/a><\/p>\n<p style=\"text-align: justify;\">Meteorologisch wurde diesen Monat, recht verfr\u00fcht, die kalte Jahreszeit eingeleutet. Hat sich das Wetter dem durchscheinenden sozialen Klima angepasst, welches sich in den schwarz-gelben Koalitionsverhandlungen ank\u00fcndigt? Oder ist es nur ein Vorurteil, dass vor allem die Liberalen bei Machtbeteiligung zwingend zu versch\u00e4rften sozialen Bedingungen f\u00fchren m\u00fcssen?<!--more--><\/p>\n<p style=\"text-align: justify;\"><strong>todesglupsch sagt:<\/strong><br>\nDie Koalitionsverhandlungen wirken \u00e4hnlich wie der Wahlkampf vorher extrem unglaubw\u00fcrdig auf mich.&nbsp; Einerseits wirken die starken Kostenerh\u00f6hungen f\u00fcr mich recht unglaubw\u00fcrdig, andererseits ist der Sinn der geplanten Ausgaben fragw\u00fcrdig. So betrifft die Senkung des Eingangssteuersatzes die niedrigsten L\u00f6hne gar nicht. Wenn wirklich allen geholfen werden sollte, w\u00e4re z.B. die R\u00fccknahme der Mehrwertsteuererh\u00f6hung sinnvoller, wobei die R\u00fccknahme eigener \u00bbFehler\u00ab vermutlich ausgeschlossen ist.<\/p>\n<p style=\"text-align: justify;\">Eine Reform der Finanzierung des Gesundheitswesens unter Federf\u00fchrung der Liberalen k\u00f6nnte bis zu US-amerikanischen Verh\u00e4ltnissen f\u00fchren, der Ausstieg aus dem Solidarsystem scheint hier nicht fern zu sein.<\/p>\n<p style=\"text-align: justify;\">Einzig im Justizressort sehe ich vereinzelt sinnvolle Ans\u00e4tze, die h\u00e4upts\u00e4chlich die Befugnisse bei der Strafverfolgung im Netz betreffen, allerdings riechen auch diese eher nach faulen Kompromissen und mit der Versch\u00e4rfung des Jugenstrafrechtes gibt es zudem auch hier rein populistische Vorhaben.<\/p>\n<p style=\"text-align: justify;\">Alles in Allem scheinen die Liberalen ein wenig machttrunken zu sein und da kann es einem schon Angst und Bange werden. Lieber merkellike vier Jahre Stillstand als westergewellten blinden Aktionismus. Vielleicht sollte man sich mal von den Japanern beraten lassen was 50 Jahre Regierung durch die liberalen bewirkt haben?<\/p>\n<p style=\"text-align: justify;\"><strong>epikur sagt:<\/strong><br>\n<a href=\"https:\/\/www.zeitgeistlos.de\/zgblog\/wp-content\/uploads\/bundesregierung1.jpg\" target=\"_blank\"><img decoding=\"async\" class=\"alignleft size-medium wp-image-3305\" title=\"Bundesregierung\" src=\"https:\/\/www.zeitgeistlos.de\/zgblog\/wp-content\/uploads\/bundesregierung1-268x400.jpg\" alt width=\"161\" height=\"240\" srcset=\"https:\/\/www.zeitgeistlos.de\/zgblog\/wp-content\/uploads\/bundesregierung1-268x400.jpg 268w, https:\/\/www.zeitgeistlos.de\/zgblog\/wp-content\/uploads\/bundesregierung1-100x150.jpg 100w, https:\/\/www.zeitgeistlos.de\/zgblog\/wp-content\/uploads\/bundesregierung1.jpg 671w\" sizes=\"(max-width: 161px) 100vw, 161px\"><\/a>Wieso Vorurteil? Man braucht sich doch nur mal&nbsp; den <a title=\"ZG-Blog: Koalitionsvertrag\" href=\"https:\/\/www.zeitgeistlos.de\/zgblog\/2009\/wachstum-bildung-zusammenhalt\/\" target=\"_blank\">Koalitionsvertrag<\/a> anzusehen, um zu ahnen, was uns noch bevorsteht. Denn da&nbsp; die CDU und die FDP wissen, dass dieser von der Opposition und der Pressemeute auseinandergenommen wird, ist er noch vermeintlich harmlos und schwammig formuliert. Die \u00bbharten Brocken\u00ab werden erst in den n\u00e4chsten Monaten oder gar erst nach der NRW-Wahl 2010 anstehen. Was wir auf jeden Fall erleben werden, ist eine noch gr\u00f6\u00dfere Gleichschaltung der b\u00fcrgerlichen Massenmedien. Die gro\u00dfen Verlagsh\u00e4user und Medienkonzerne lassen bei schwarz-gelb die Sektkorken knallen, da sie sich bei dieser Bundesregierung keine Sorgen, um ihre Profite machen m\u00fcssen. Ernst zunehmende kritische Berichte, \u00fcber die zuk\u00fcnftige Bundesregierung, abseits konstruierter Konflikte und Show-Einlagen, werden wir mit der Lupe suchen k\u00f6nnen.<\/p>\n<p style=\"text-align: justify;\">Was mich immer noch wundert bzw. stutzig macht ist die Tatsache, dass die FDP so gut abgeschnitten hat.&nbsp; Eine Partei, deren Programm darin besteht eine reiche Klientel, noch reicher zu machen und gro\u00dfe Teile der Bev\u00f6lkerung verarmen zu lassen, k\u00f6nnen nicht soviele Millionen gew\u00e4hlt haben. Nennt mich einen Verschw\u00f6rungstheoretiker, aber die Sache schmeckt mir nicht. Als zuletzt Bundeskanzlerin Merkel den neuen Finanzminister Sch\u00e4uble <a title=\"\u00d6ffinger Freidenker\" href=\"http:\/\/oeffingerfreidenker.blogspot.com\/2009\/10\/ein-hoch-auf-den-hollandischen.html\" target=\"_blank\">von der Korruption freigesprochen<\/a> hat, weil sie ihm ja \u00bbvertraue\u00ab, w\u00fcrde ich nun gerne mal die Wahlausz\u00e4hlungen der Bundestagswahlen in Deutschland \u00fcberpr\u00fcft sehen. Wer wei\u00df, wer hier wem \u00bbvertraut\u00ab hat.<strong> <\/strong><\/p>\n<p style=\"text-align: justify;\">\n<\/p><p style=\"text-align: justify;\"><strong>jtheripper sagt:<\/strong><br>\nWas hei\u00dft denn bitte sch\u00f6n Laien? So wie der Guido auftritt, wei\u00df er wovon er redet: \u00bbAuf jedem Schiff das Dampft und Segelt, da gibt es einen der das regelt. Das bin ich.\u00ab Also jetzt bitte nicht vier Jahre rumheulen, wie scharf der Wind doch ist und die gef\u00fchlte Temperatur dem absoluten Nullpunkt \u00e4hnelt. So ist das halt beim Treibhauseffekt. <span style=\"text-decoration: line-through;\">Die Politik<\/span> Das Wetter wird extremer. Und da wir ja alle bald mehr Netto vom Brutto haben, k\u00f6nnen wir uns auch neue Winterkleidung leisten. Auch im Sommer. Das steigert den Konsum und bringt Wachstum. Und dann haben wir am Ende auch ein Happy-End der Wirtschaftskrise.<\/p>\n<p style=\"text-align: justify;\">\n<\/p>","protected":false},"excerpt":{"rendered":"<p>Meteorologisch wurde diesen Monat, recht verfr\u00fcht, die kalte Jahreszeit eingeleutet. Hat sich das Wetter dem durchscheinenden sozialen Klima angepasst, welches sich in den schwarz-gelben Koalitionsverhandlungen ank\u00fcndigt? Oder ist es nur ein Vorurteil, dass vor allem die Liberalen bei Machtbeteiligung zwingend \u2026 <a href=\"https:\/\/www.zeitgeistlos.de\/zgblog\/2009\/zg-ruckblick-eiszeit\/\">Weiterlesen <span class=\"meta-nav\">\u2192<\/span><\/a><\/p>\n","protected":false},"author":6,"featured_media":0,"comment_status":"open","ping_status":"open","sticky":false,"template":"","format":"standard","meta":{"wp_typography_post_enhancements_disabled":false,"footnotes":""},"categories":[146],"tags":[276,278,297,495,1643],"class_list":["post-3277","post","type-post","status-publish","format-standard","hentry","category-zg-ruckblick","tag-cdu","tag-csu","tag-fdp","tag-koalitionsverhandlungen","tag-zg-ruckblick"],"_links":{"self":[{"href":"https:\/\/www.zeitgeistlos.de\/zgblog\/wp-json\/wp\/v2\/posts\/3277","targetHints":{"allow":["GET"]}}],"collection":[{"href":"https:\/\/www.zeitgeistlos.de\/zgblog\/wp-json\/wp\/v2\/posts"}],"about":[{"href":"https:\/\/www.zeitgeistlos.de\/zgblog\/wp-json\/wp\/v2\/types\/post"}],"author":[{"embeddable":true,"href":"https:\/\/www.zeitgeistlos.de\/zgblog\/wp-json\/wp\/v2\/users\/6"}],"replies":[{"embeddable":true,"href":"https:\/\/www.zeitgeistlos.de\/zgblog\/wp-json\/wp\/v2\/comments?post=3277"}],"version-history":[{"count":21,"href":"https:\/\/www.zeitgeistlos.de\/zgblog\/wp-json\/wp\/v2\/posts\/3277\/revisions"}],"predecessor-version":[{"id":3312,"href":"https:\/\/www.zeitgeistlos.de\/zgblog\/wp-json\/wp\/v2\/posts\/3277\/revisions\/3312"}],"wp:attachment":[{"href":"https:\/\/www.zeitgeistlos.de\/zgblog\/wp-json\/wp\/v2\/media?parent=3277"}],"wp:term":[{"taxonomy":"category","embeddable":true,"href":"https:\/\/www.zeitgeistlos.de\/zgblog\/wp-json\/wp\/v2\/categories?post=3277"},{"taxonomy":"post_tag","embeddable":true,"href":"https:\/\/www.zeitgeistlos.de\/zgblog\/wp-json\/wp\/v2\/tags?post=3277"}],"curies":[{"name":"wp","href":"https:\/\/api.w.org\/{rel}","templated":true}]}}