{"id":29612,"date":"2020-08-21T07:16:08","date_gmt":"2020-08-21T05:16:08","guid":{"rendered":"http:\/\/www.zeitgeistlos.de\/zgblog\/?p=29612"},"modified":"2020-08-18T21:51:47","modified_gmt":"2020-08-18T19:51:47","slug":"corona-time-14","status":"publish","type":"post","link":"https:\/\/www.zeitgeistlos.de\/zgblog\/2020\/corona-time-14\/","title":{"rendered":"Corona Time (14)"},"content":{"rendered":"<p><img decoding=\"async\" class=\"aligncenter size-full wp-image-27942\" src=\"https:\/\/www.zeitgeistlos.de\/zgblog\/wp-content\/uploads\/corona.jpg\" alt width=\"1000\" height=\"563\" srcset=\"https:\/\/www.zeitgeistlos.de\/zgblog\/wp-content\/uploads\/corona.jpg 1000w, https:\/\/www.zeitgeistlos.de\/zgblog\/wp-content\/uploads\/corona-150x84.jpg 150w, https:\/\/www.zeitgeistlos.de\/zgblog\/wp-content\/uploads\/corona-450x253.jpg 450w, https:\/\/www.zeitgeistlos.de\/zgblog\/wp-content\/uploads\/corona-768x432.jpg 768w, https:\/\/www.zeitgeistlos.de\/zgblog\/wp-content\/uploads\/corona-500x282.jpg 500w\" sizes=\"(max-width: 1000px) 100vw, 1000px\"><\/p>\n<p style=\"text-align: justify;\">Das ZG-Corona-Titelbild passt mittlerweile wie Arsch auf Eimer. Aus einem alten Br\u00f6tchen auf der Stra\u00dfe macht man via L\u00fccken-(und ja, auch L\u00fcgen-)Medien-Dauerfeuer, einen absaufenden \u00d6ltanker der unsere Meere verseucht. Der Irrsinn ist kaum noch zu ertragen. In den bisher 13 Teilen habe ich mittlerweile Hunderte von Quellen und Nachweisen geliefert. Es ist kein Zufall, das Repression, Diffamierung und <a href=\"https:\/\/www.mimikama.at\/aktuelles\/corona-infos-facebook\/\" target=\"_blank\" rel=\"noopener noreferrer\">Zensur<\/a> herrschen. Es kann nicht sein, was nicht sein darf. Warum sich also weiter die M\u00fche machen? Weil ich auch die n\u00e4chsten Jahre und Jahrzehnte noch aufrecht stehend in den Spiegel schauen m\u00f6chte.<\/p>\n<blockquote>\n<p style=\"text-align: justify;\"><span class=\"dquo\">\u00bb<\/span>Der gr\u00f6\u00dfte Schaden entsteht durch die schweigende Mehrheit, die nur \u00fcberleben will, sich f\u00fcgt und alles mitmacht.\u00ab<\/p>\n<p>- Sophie Scholl<\/p><\/blockquote>\n<p style=\"text-align: justify;\">Ich habe das an dieser Stelle schon einmal gesagt, wiederhole es aber gerne noch einmal: h\u00e4tte sich im Mai oder sp\u00e4testens im Juni 2020 gezeigt, dass ich komplett falsch liege (aka \u00bb<em>Millionen Tote in Deutschland, \u00fcberlastete Krankenh\u00e4user oder steigende Kurve\u00ab<\/em>), h\u00e4tte ich hier und an dieser Stelle meinen Irrtum bekundet. Mich entschuldigt. Aufrichtig meine zu vorschnelle Analyse und Meinung kritisiert. Um Vergebung gebeten. Denn das ist ein essentieller Bestandteil des Erwachsenseins: Verantwortung \u00fcbernehmen und f\u00fcr eigene Entscheidungen und Fehler die Konsequenzen tragen.<!--more--><\/p>\n<p style=\"text-align: justify;\"><strong>Repression<br>\n<\/strong>Immer mehr Prominente \u00e4u\u00dfern sich kritisch zu dem kafkaesken Wahnsinn. Beispielsweise der Fussballweltmeister Thomas Berthold. Er nahm am 8. August an einer Querdenken-Demonstration teil. Die Diffamierung lie\u00df nicht lange auf sich warten. <a href=\"https:\/\/de.wikipedia.org\/wiki\/Thomas_Berthold\" target=\"_blank\" rel=\"noopener noreferrer\">Wikipedia<\/a> erg\u00e4nzte sofort seinen Eintrag mit den Worten: <em>\u00bbBez\u00fcge zu Verschw\u00f6rungstheorien und Antisemitismus.\u00ab <\/em>Auch <a href=\"https:\/\/deutsch.rt.com\/inland\/105468-nach-corona-demo-versetzt-und\/\" target=\"_blank\" rel=\"noopener noreferrer\">zwei Polizisten<\/a> haben sich kritisch ge\u00e4u\u00dfert und wurden sofort von ihren Arbeitgebern unter Druck gesetzt. Der Basketballer <a href=\"https:\/\/www.sport1.de\/basketball\/bbl\/2020\/08\/bbl-zweifel-an-kuendigung-von-joshiko-saibou-der-telekom-baskets-bonn\" target=\"_blank\" rel=\"noopener noreferrer\">Joshiko Saibou<\/a> wurde gleich gek\u00fcndigt, weil er sich an einer Corona-Protestdemonstration beteiligt hat. Selbst <a href=\"https:\/\/www.aerztekammer-hamburg.org\/files\/aerztekammer_hamburg\/ueber_uns\/presse\/pressemeldungen\/2020\/pm_Antimaskendemo_14082020.pdf\" target=\"_blank\" rel=\"noopener noreferrer\">die \u00c4rztekammer<\/a> macht immensen Druck auf \u00c4rzte, die auf eine Querdenken-Demonstration gehen wollen. Ein <a href=\"https:\/\/www.zeit.de\/gesellschaft\/schule\/2020-08\/brandenburg-schulleiter-widerstand-maskenpflicht-suspendierung-coronavirus\" target=\"_blank\" rel=\"noopener noreferrer\">Schulleiter wird suspendiert<\/a>, weil er sich gegen die Maskenpflicht f\u00fcr Kinder wehrt. Und dann waren da noch: <a href=\"https:\/\/www.youtube.com\/watch?v=-ZIhyaSufSs\" target=\"_blank\" rel=\"noopener noreferrer\">Beate Bahner<\/a>, Ken Jebsen (<a href=\"https:\/\/www.spiegel.de\/panorama\/angriff-auf-heute-show-ken-jebsen-nutzt-studio-von-attackierter-tv-produktionsfirma-a-fd0129b7-0fbd-49d4-8410-ef5ee5960b73\" target=\"_blank\" rel=\"noopener noreferrer\">Spiegel Online<\/a>) und Stephan Kohn<em>: <\/em>Widerspruch zum Regierungsnarrativ wird aufs allersch\u00e4rfste bek\u00e4mpft und niedergemacht.<em> <img decoding=\"async\" style=\"margin-left: 3px; margin-right: 3px; vertical-align: middle; -webkit-box-shadow: none; -moz-box-shadow: none; box-shadow: none;\" src=\"https:\/\/www.zeitgeistlos.de\/zgblog\/wp-content\/plugins\/wp-emoji-one\/icons\/1F46E.png\" width=\"16\" height=\"16\"><br>\n<\/em><\/p>\n<p style=\"text-align: justify;\">Ich w\u00fcrde gerne mal wissen wie viele Antisemiten und Verschw\u00f6rungstheoretiker Wikipedia und Psiram in ihren Datenbanken zu verzeichnen haben? Es m\u00fcssen Tausende sein! Und sie werden Jeden Tag mehr! Einmal scharf die NATO, die israelische Politik, die Banken, die Superreichen oder eben regierungstreue Narrative (wie \u00bbCovid-19-Killervirus\u00ab) hinterfragen oder kritisieren \u2014 und schwuppdiwupp: geh\u00f6rt man zum erlauchten Kreis der Verschw\u00f6rungstheoretiker! So schnell geht das! Mal ehrlich, ist die <a href=\"https:\/\/www.heise.de\/tp\/news\/50-Jahre-Verschwoerungstheoretiker-3674427.html\" target=\"_blank\" rel=\"noopener noreferrer\">CIA-Verleumdungs-Masche<\/a> nicht langsam v\u00f6llig durchschaubar?<\/p>\n<p><img decoding=\"async\" class=\"aligncenter size-full wp-image-29670\" src=\"https:\/\/www.zeitgeistlos.de\/zgblog\/wp-content\/uploads\/Zeugen-Coronas.jpg\" alt width=\"1427\" height=\"952\" srcset=\"https:\/\/www.zeitgeistlos.de\/zgblog\/wp-content\/uploads\/Zeugen-Coronas.jpg 1427w, https:\/\/www.zeitgeistlos.de\/zgblog\/wp-content\/uploads\/Zeugen-Coronas-450x300.jpg 450w, https:\/\/www.zeitgeistlos.de\/zgblog\/wp-content\/uploads\/Zeugen-Coronas-1024x683.jpg 1024w, https:\/\/www.zeitgeistlos.de\/zgblog\/wp-content\/uploads\/Zeugen-Coronas-150x100.jpg 150w, https:\/\/www.zeitgeistlos.de\/zgblog\/wp-content\/uploads\/Zeugen-Coronas-768x512.jpg 768w\" sizes=\"(max-width: 1427px) 100vw, 1427px\"><\/p>\n<p style=\"text-align: justify;\"><strong>Verh\u00e4ltnism\u00e4\u00dfigkeit<\/strong><br>\nWie unerwartet und von vielen schon lange prognostiziert: <a href=\"https:\/\/www.ndr.de\/nachrichten\/niedersachsen\/hannover_weser-leinegebiet\/Mehr-psychische-Erkrankungen-in-der-Corona-Krise,depression278.html\" target=\"_blank\" rel=\"noopener noreferrer\"><em>\u00bbIn der Corona-Krise hat die H\u00e4ufigkeit von psychischen Erkrankungen deutlich zugenommen.\u00ab<\/em><\/a> Die Verh\u00e4ltnism\u00e4\u00dfigkeit ist das Stichwort der Corona-Krise. Sie ist einfach nirgendwo mehr gegeben. Da werden <a href=\"https:\/\/www.t-online.de\/region\/wuppertal\/news\/id_88070030\/coronavirus-in-wuppertal-grundschule-wegen-covid-19-fall-geschlossen.html\" target=\"_blank\" rel=\"noopener noreferrer\">ganze Schulen geschlossen<\/a>, <em>wegen einem<\/em> Covid-Fall. Schlie\u00dfen wir unsere Schulen zuk\u00fcnftig auch wegen <em>einem<\/em> Grippefall oder wegen <em>einer<\/em> Magen-Darm-Infektion? Schlie\u00dflich gibt es auch f\u00fcr Magen-Darm keine Impfung?<\/p>\n<p style=\"text-align: justify;\">Preisfrage: <a href=\"https:\/\/www.maz-online.de\/Brandenburg\/Corona-Test-am-Flughafen-Schoenefeld-Zahl-positiver-Faelle-steigt-spuerbar\" target=\"_blank\" rel=\"noopener noreferrer\"><em>\u00bbCorona-Tests am Flughafen Sch\u00f6nefeld: Zahl positiver F\u00e4lle steigt sp\u00fcrbar\u00ab<\/em><\/a> \u2014 was w\u00e4re f\u00fcr euch \u00bbsp\u00fcrbar\u00ab? 20 Prozent? 30 Prozent? Oder gar 50 Prozent und mehr? Na? Hier geht es um sagenhafte 2,2 Prozent! Unglaublich, oder? Gesundheitsministerin Ursula Nonnemacher ist deshalb \u00bb<em>unangenehm \u00fcberrascht.\u00ab<\/em> Das ist wie mit einer 2\u2011prozentigen Lohnerh\u00f6hung: die ist auch sofort sp\u00fcrbar! <img decoding=\"async\" style=\"margin-left: 3px; margin-right: 3px; vertical-align: middle; -webkit-box-shadow: none; -moz-box-shadow: none; box-shadow: none;\" src=\"https:\/\/www.zeitgeistlos.de\/zgblog\/wp-content\/plugins\/wp-emoji-one\/icons\/1F612.png\" width=\"16\" height=\"16\"><\/p>\n<p style=\"text-align: justify;\">Auch die <a href=\"https:\/\/www.rnd.de\/gesundheit\/arzteverband-kritisiert-masken-im-unterricht-machen-uberhaupt-keinen-sinn-GZMNY3BRLCHTBATLFHPT36JBEY.html\" target=\"_blank\" rel=\"noopener noreferrer\">Maskenpflicht in den Schulen<\/a> ist nicht verh\u00e4ltnism\u00e4\u00dfig. Nach bald 6 Monaten gibt es keine Evidenz daf\u00fcr, dass Sch\u00fcler und Lehrpersonal besonders gef\u00e4hrdet seien. Wenn Beh\u00f6rden solch eine drastische Ma\u00dfnahme verh\u00e4ngen, sind sie auch in der Pflicht Beweise daf\u00fcr zu erbringen. Ganz im Gegenteil ist es eher gesundheitsch\u00e4dlich, wenn die Kinder den ganzen Tag diese Lappen anhaben sollen. Sehr perfide ist \u00fcbrigens das Vorhaben, <a href=\"https:\/\/www.welt.de\/politik\/deutschland\/article213026408\/Corona-Quarantaene-Gesundheitsaemter-wollten-Eltern-und-Kinder-trennen.html\" target=\"_blank\" rel=\"noopener noreferrer\">Kinder in Heime im Sinne der Quarant\u00e4ne<\/a> zwangseinzuweisen, sie also aus der Familie zu rei\u00dfen, sofern es den Beh\u00f6rden als \u00bbnotwendig\u00ab erscheint.<\/p>\n<p><img decoding=\"async\" class=\"aligncenter size-full wp-image-29720\" src=\"https:\/\/www.zeitgeistlos.de\/zgblog\/wp-content\/uploads\/Esken.jpeg\" alt width=\"1047\" height=\"638\" srcset=\"https:\/\/www.zeitgeistlos.de\/zgblog\/wp-content\/uploads\/Esken.jpeg 1047w, https:\/\/www.zeitgeistlos.de\/zgblog\/wp-content\/uploads\/Esken-450x274.jpeg 450w, https:\/\/www.zeitgeistlos.de\/zgblog\/wp-content\/uploads\/Esken-1024x624.jpeg 1024w, https:\/\/www.zeitgeistlos.de\/zgblog\/wp-content\/uploads\/Esken-150x91.jpeg 150w, https:\/\/www.zeitgeistlos.de\/zgblog\/wp-content\/uploads\/Esken-768x468.jpeg 768w, https:\/\/www.zeitgeistlos.de\/zgblog\/wp-content\/uploads\/Esken-492x300.jpeg 492w\" sizes=\"(max-width: 1047px) 100vw, 1047px\"><\/p>\n<p style=\"text-align: justify;\"><strong>Bigotterie<\/strong><br>\nEinem <a href=\"https:\/\/www.nachdenkseiten.de\/?p=63738\" target=\"_blank\" rel=\"noopener noreferrer\">Florian Schr\u00f6der<\/a> wird \u00fcbrigens nicht der Strom abgedreht, nein, er darf auf der B\u00fchne seine Meinung sagen. Und wo finden Bhakdi, Wodarg, Ralf Ludwig, Bodo Schiffmann, Michael Ballweg oder Markus Haintz in den Systemmedien statt? Genau! Gar nicht! Stattdessen werden sie als Aluhuttr\u00e4ger und Covidioten etikettiert und zum Abschiss freigegeben. Soviel zum Thema Verschw\u00f6rungstheoretiker: <a href=\"https:\/\/orf.at\/stories\/3177558\/\" target=\"_blank\" rel=\"noopener noreferrer\"><em>\u00bbIndien startet digitalen Gesundheitsausweis.\u00ab<\/em><\/a><\/p>\n<p style=\"text-align: justify;\">In intensivmedizinischer Behandlung wegen Covid-19 befinden sich gerade deutschlandweit...na? Was w\u00fcrdet Ihr denken, bei der t\u00e4glichen Angst- und Panikpresse? 10.000 oder 1 Million Patienten? Nein, es sind laut dem <a href=\"https:\/\/www.rki.de\/DE\/Content\/InfAZ\/N\/Neuartiges_Coronavirus\/Situationsberichte\/2020-08-14-de.pdf?__blob=publicationFile\" target=\"_blank\" rel=\"noopener noreferrer\">aktuellen Lagebericht des RKI<\/a> ganze 230 Menschen! Kleine Rechenaufgabe: wie viel sind das im Verh\u00e4ltnis zu 83 Millionen Einwohner? <img decoding=\"async\" style=\"margin-left: 3px; margin-right: 3px; vertical-align: middle; -webkit-box-shadow: none; -moz-box-shadow: none; box-shadow: none;\" src=\"https:\/\/www.zeitgeistlos.de\/zgblog\/wp-content\/plugins\/wp-emoji-one\/icons\/1F47D.png\" width=\"16\" height=\"16\"><\/p>\n<blockquote><p><span class=\"dquo\">\u00bb<\/span>Wir k\u00f6nnen sie nicht zwingen, die Wahrheit zu sagen. Wir k\u00f6nnen sie aber dazu bringen, immer dreister zu l\u00fcgen.\u00ab<br>\n\u2014 Ulrike Meinhof<\/p><\/blockquote>\n<p style=\"text-align: justify;\">Wie viel wird denn jetzt eigentlich getestet? Laut <a href=\"https:\/\/www.rki.de\/DE\/Content\/Infekt\/EpidBull\/Archiv\/2020\/Ausgaben\/32-33_20.pdf?__blob=publicationFile\" target=\"_blank\" rel=\"noopener noreferrer\">RKI<\/a> (Seite 31) haben wir in der Kalenderwoche 32 (27.07 bis 02.08.2020) fast 600.000 Testungen zu verzeichnen. In der Kalenderwoche 11 waren es noch rund 130.000 Testungen. Dementsprechend steigt auch die absolute Zahl der Falsch-Positiven, also vermeintlich Infizierten. Aber h\u00f6ren wir uns dazu mal unseren Gesundheitsminister an, der ja wohl weit davon entfernt ist ein Covidiot oder Verschw\u00f6rungstheoretiker zu sein:<\/p>\n<p><iframe src=\"https:\/\/www.youtube.com\/embed\/iN9QAvtV2hA\" width=\"450\" height=\"300\" frameborder=\"0\" allowfullscreen=\"allowfullscreen\"><span style=\"display: inline-block; width: 0px; overflow: hidden; line-height: 0;\" data-mce-type=\"bookmark\" class=\"mce_SELRES_start\">?<\/span><span style=\"display: inline-block; width: 0px; overflow: hidden; line-height: 0;\" data-mce-type=\"bookmark\" class=\"mce_SELRES_start\">?<\/span><span style=\"display: inline-block; width: 0px; overflow: hidden; line-height: 0;\" data-mce-type=\"bookmark\" class=\"mce_SELRES_start\">?<\/span><\/iframe><\/p>\n<p style=\"text-align: justify;\"><strong>Infokrieg<\/strong><br>\nSelbst der <a href=\"https:\/\/www.faz.net\/aktuell\/politik\/inland\/corona-demo-nur-einzelne-rechtsextreme-16894746.html\" target=\"_blank\" rel=\"noopener noreferrer\">Verfassungsschutz<\/a> stellt fest, dass auf der Corona-Demonstration nur wenige Rechtsextreme waren: <em>\u00bbEin pr\u00e4gender Einfluss auf den Demonstrationszug oder die Gesamtkundgebung ging von diesen nicht aus.\u00ab <\/em>Nun sind die \u203aDienste\u2039 f\u00fcr mich noch nie ein Hort der Wahrheit gewesen, aber f\u00fcr&nbsp; die NATO-Medien schon. Warum wird dann aber immer noch dieser Bl\u00f6dsinn von der Nazi-Aluhut-Demo verbreitet?<\/p>\n<p><a href=\"https:\/\/www.wodarg.com\/\" target=\"_blank\" rel=\"noopener noreferrer\">Wolfgang Wodarg<\/a> stellt derweil wieder eine Reihe von elementaren Fragen:<\/p>\n<p style=\"text-align: justify;\">1.) \u00bbWo bleiben die Infizierten der maskenlosen Gro\u00df-Demo zu \u00bbBlack-Life-matters\u00ab, oder die der friedlichen Gro\u00df-Demo am 1.8.2020 in Berlin?\u00ab<\/p>\n<p style=\"text-align: justify;\">2.) \u00bbWann wurde die M\u00fcllentsorgung eingestellt, obwohl die Menschen dort doch den Virenwolken aus dem Abfall (Taschent\u00fccher, gebrauchte Masken) intensiv ausgesetzt w\u00e4ren?\u00ab<\/p>\n<p style=\"text-align: justify;\">3.) \u00bbUnd wo sind die T\u00f6nnies-Toten?\u00ab<\/p>\n<p style=\"text-align: justify;\">4.) \u00bbWo sind die Herzinfarkte in Heinsberg?\u00ab<\/p>\n<p style=\"text-align: justify;\">5.) \u00bbWarum fehlt weiterhin in der Berichterstattung jeder Hinweis, dass in Deutschland die mit positivem SARS-CoV\u20112 Test Verstorbenen im Median 82 Jahre alt waren?\u00ab<\/p>\n<p style=\"text-align: justify;\">Wo soll die Forderung nach immer h\u00e4rteren Regeln, Gesetzen und Verordnungen eigentlich enden? Wo und wann ist hier eine Grenze erreicht? Noch ein Skandal zum Thema <a href=\"https:\/\/www.zeitgeistlos.de\/zgblog\/2020\/neusprech-solidaritaet\/\" target=\"_blank\" rel=\"noopener noreferrer\">\u00bbSolidarit\u00e4t\u00ab<\/a>: im April 2020 hie\u00df es noch, dass Sanktionen vom Jobcenter wegen unzumutbarer H\u00e4rten des Lockdown erst einmal ausgesetzt seien. Nun kommt raus: <a href=\"https:\/\/deutsch.rt.com\/inland\/105556-trotz-gegenteiliger-weisung-jobcenter-sanktionierten\/\" target=\"_blank\" rel=\"noopener noreferrer\"><em>\u00bbJobcenter sanktionierten zu Beginn der Pandemie-Ma\u00dfnahmen weiter.\u00ab<\/em><\/a> Ganz sch\u00f6n solidarisch von unseren Beh\u00f6rden! Das Infektionsschutzgesetz ist l\u00e4ngst zum neuen Erm\u00e4chtigungsgesetz mutiert, dass alle anderen Grundrechte aushebelt. Dieser ganze Wahnsinn muss sofort aufh\u00f6ren! Wir sehen uns am <a href=\"https:\/\/www.youtube.com\/watch?v=XI1KZwb4e3M\" target=\"_blank\" rel=\"noopener noreferrer\">29. August<\/a>!<\/p>\n<p style=\"text-align: justify;\">Eine wichtige Frage h\u00e4tte ich noch zum Schluss: warum hat der IWF <a href=\"https:\/\/www.anti-spiegel.ru\/2020\/meldung-aus-italien-hat-der-iwf-lukaschenko-900-mio-im-gegenzug-fuer-lockdown-geboten\/?doing_wp_cron=1597775260.3857591152191162109375\" target=\"_blank\" rel=\"noopener noreferrer\">Finanzhilfen f\u00fcr Wei\u00dfrussland an die Bedingung eines Lockdown<\/a> gekn\u00fcpft?<\/p>\n<p style=\"text-align: justify;\">Weiterhin gilt: wer umfassende und internationale Studien, Zahlen, Grafiken und Expertenstimmen lesen und h\u00f6ren will, der klickt sich <a href=\"https:\/\/swprs.org\/covid-19-hinweis-ii\/\" target=\"_blank\" rel=\"noopener noreferrer\">hier<\/a> durch.<\/p>\n<hr>\n<p style=\"text-align: justify;\"><a href=\"http:\/\/Klagepaten.eu\" target=\"_blank\" rel=\"noopener noreferrer\">Klagepaten<\/a><br>\n<a href=\"https:\/\/querdenken-711.de\/\" target=\"_blank\" rel=\"noopener noreferrer\">Querdenken<\/a><br>\n<a href=\"https:\/\/elternstehenauf.de\/\" target=\"_blank\" rel=\"noopener noreferrer\">Eltern stehen auf<\/a><br>\n<a href=\"https:\/\/www.zeitgeistlos.de\/zgblog\/?s=corona+time&amp;submit=Suchen\" target=\"_blank\" rel=\"noopener noreferrer\">Corona Time (1\u221213)<\/a><br>\n<a href=\"https:\/\/swprs.org\/covid-19-hinweis-ii\/\" target=\"_blank\" rel=\"noopener noreferrer\">Fakten zu Covid-19<\/a><br>\n<a href=\"https:\/\/www.youtube.com\/watch?v=0Rml0oXAmTc\" target=\"_blank\" rel=\"noopener noreferrer\">Profiteure der Angst<\/a><br>\n<a href=\"https:\/\/www.youtube.com\/channel\/UC94WBmb8xvVUcV_b9Px0P3A?view_as=subscriber\" target=\"_blank\" rel=\"noopener noreferrer\">Dr. Bodo Schiffmann<\/a><br>\n<a href=\"https:\/\/www.afa.zone\/\" target=\"_blank\" rel=\"noopener noreferrer\">Anw\u00e4lte f\u00fcr Aufkl\u00e4rung<\/a><br>\n<a href=\"https:\/\/www.youtube.com\/watch?v=7pp_JARGJXM\" target=\"_blank\" rel=\"noopener noreferrer\">\u00bbDas Versagen der Intellektuellen\u00ab<\/a><br>\n<a href=\"http:\/\/dschneble.tssd.de\/blog\/?p=8565\" target=\"_blank\" rel=\"noopener noreferrer\">Coronoia: Quarant\u00e4ne-Objekt Mensch?<\/a><br>\n<a href=\"https:\/\/acu2020.org\/\" target=\"_blank\" rel=\"noopener noreferrer\">Au\u00dferparlamentarischer Corona Untersuchungsausschuss<\/a><br>\n<a href=\"https:\/\/www.mwgfd.de\/\" target=\"_blank\" rel=\"noopener noreferrer\">Mediziner und Wissenschaftler f\u00fcr Gesundheit, Freiheit und Demokratie<\/a><br>\n<a href=\"https:\/\/www.anti-spiegel.ru\/2020\/antikoerper-studien-corona-sterberisiko-unter-05-politik-und-medien-bleiben-trotzdem-im-panikmodus\/\" target=\"_blank\" rel=\"noopener noreferrer\">Antik\u00f6rper-Studien: Corona-Sterberisiko unter 0,5% \u2013 Politik und Medien bleiben trotzdem im Panikmodus<\/a><\/p>\n","protected":false},"excerpt":{"rendered":"<p>Das ZG-Corona-Titelbild passt mittlerweile wie Arsch auf Eimer. Aus einem alten Br\u00f6tchen auf der Stra\u00dfe macht man via L\u00fccken-(und ja, auch L\u00fcgen-)Medien-Dauerfeuer, einen absaufenden \u00d6ltanker der unsere Meere verseucht. Der Irrsinn ist kaum noch zu ertragen. In den bisher 13 \u2026 <a href=\"https:\/\/www.zeitgeistlos.de\/zgblog\/2020\/corona-time-14\/\">Weiterlesen <span class=\"meta-nav\">\u2192<\/span><\/a><\/p>\n","protected":false},"author":4,"featured_media":16056,"comment_status":"open","ping_status":"open","sticky":false,"template":"","format":"standard","meta":{"wp_typography_post_enhancements_disabled":false,"footnotes":""},"categories":[5,4],"tags":[2032,2045,227,1122,1795,1317,521,87,355,34,356,681,385],"class_list":["post-29612","post","type-post","status-publish","format-standard","has-post-thumbnail","hentry","category-medien","category-politik","tag-corona","tag-corona-time","tag-demokratie","tag-diffamierung","tag-impfungen","tag-kontrolle","tag-kritik","tag-macht","tag-pandemie","tag-propaganda","tag-virus","tag-uberwachung","tag-zensur"],"_links":{"self":[{"href":"https:\/\/www.zeitgeistlos.de\/zgblog\/wp-json\/wp\/v2\/posts\/29612","targetHints":{"allow":["GET"]}}],"collection":[{"href":"https:\/\/www.zeitgeistlos.de\/zgblog\/wp-json\/wp\/v2\/posts"}],"about":[{"href":"https:\/\/www.zeitgeistlos.de\/zgblog\/wp-json\/wp\/v2\/types\/post"}],"author":[{"embeddable":true,"href":"https:\/\/www.zeitgeistlos.de\/zgblog\/wp-json\/wp\/v2\/users\/4"}],"replies":[{"embeddable":true,"href":"https:\/\/www.zeitgeistlos.de\/zgblog\/wp-json\/wp\/v2\/comments?post=29612"}],"version-history":[{"count":65,"href":"https:\/\/www.zeitgeistlos.de\/zgblog\/wp-json\/wp\/v2\/posts\/29612\/revisions"}],"predecessor-version":[{"id":29743,"href":"https:\/\/www.zeitgeistlos.de\/zgblog\/wp-json\/wp\/v2\/posts\/29612\/revisions\/29743"}],"wp:featuredmedia":[{"embeddable":true,"href":"https:\/\/www.zeitgeistlos.de\/zgblog\/wp-json\/wp\/v2\/media\/16056"}],"wp:attachment":[{"href":"https:\/\/www.zeitgeistlos.de\/zgblog\/wp-json\/wp\/v2\/media?parent=29612"}],"wp:term":[{"taxonomy":"category","embeddable":true,"href":"https:\/\/www.zeitgeistlos.de\/zgblog\/wp-json\/wp\/v2\/categories?post=29612"},{"taxonomy":"post_tag","embeddable":true,"href":"https:\/\/www.zeitgeistlos.de\/zgblog\/wp-json\/wp\/v2\/tags?post=29612"}],"curies":[{"name":"wp","href":"https:\/\/api.w.org\/{rel}","templated":true}]}}