{"id":27844,"date":"2020-02-28T06:49:19","date_gmt":"2020-02-28T05:49:19","guid":{"rendered":"http:\/\/www.zeitgeistlos.de\/zgblog\/?p=27844"},"modified":"2020-02-16T11:38:51","modified_gmt":"2020-02-16T10:38:51","slug":"der-taegliche-lohnarbeitswahnsinn-10","status":"publish","type":"post","link":"https:\/\/www.zeitgeistlos.de\/zgblog\/2020\/der-taegliche-lohnarbeitswahnsinn-10\/","title":{"rendered":"Der t\u00e4gliche Lohnarbeitswahnsinn (10)"},"content":{"rendered":"<p><strong><img decoding=\"async\" class=\"aligncenter size-full wp-image-24129\" src=\"https:\/\/www.zeitgeistlos.de\/zgblog\/wp-content\/uploads\/lohnarbeit_titel1.jpg\" alt width=\"1000\" height=\"571\" srcset=\"https:\/\/www.zeitgeistlos.de\/zgblog\/wp-content\/uploads\/lohnarbeit_titel1.jpg 1000w, https:\/\/www.zeitgeistlos.de\/zgblog\/wp-content\/uploads\/lohnarbeit_titel1-150x86.jpg 150w, https:\/\/www.zeitgeistlos.de\/zgblog\/wp-content\/uploads\/lohnarbeit_titel1-450x257.jpg 450w, https:\/\/www.zeitgeistlos.de\/zgblog\/wp-content\/uploads\/lohnarbeit_titel1-768x439.jpg 768w, https:\/\/www.zeitgeistlos.de\/zgblog\/wp-content\/uploads\/lohnarbeit_titel1-500x286.jpg 500w\" sizes=\"(max-width: 1000px) 100vw, 1000px\">[Im B\u00fcro]<\/strong><\/p>\n<p style=\"text-align: justify;\"><strong>Frau Hein:<\/strong> (arbeitet 20 Std\/Woche an vier Tagen, mit Augenaufschlag, gute Beziehung zum Chef) <em>\u00bbIch muss heute leider fr\u00fcher gehen, meine Tante hat Geburtstag. K\u00f6nntest Du meine Akten f\u00fcr heute \u00fcbernehmen?\u00ab<\/em><\/p>\n<p style=\"text-align: justify;\"><strong>Herr Schmitt:<\/strong> (arbeitet 39 Std\/Woche an f\u00fcnf Tagen)<em> \u00bbJa, okay, kann ich machen!\u00ab<\/em><\/p>\n<p style=\"text-align: justify;\"><strong>Frau Hein:<\/strong> <em>\u00bbVielen Dank!\u00ab<\/em> (l\u00e4chelt) <em>\u00bbAch ja, bevor ich es vergesse...K\u00f6nntest Du ab n\u00e4chster Woche meine Au\u00dfendienste \u00fcbernehmen? Irgendwie schaffe ich das alles nicht mehr. Das w\u00e4re echt lieb von Dir!\u00ab<\/em><!--more--><\/p>\n<p style=\"text-align: justify;\"><strong>Herr Schmitt:<\/strong> <em>\u00bbPuuh...vielleicht fragst Du erstmal Herr Schabanowski, ob...\u00ab<\/em><\/p>\n<p style=\"text-align: justify;\"><strong>Frau Hein:<\/strong> (unterbricht ihn) <em>\u00bbHabe ich schon gemacht! Das geht klar!\u00ab<\/em><\/p>\n<p>___________________________________________<\/p>\n<p><strong>[Beim arbeitsmedizinischen Dienst]<\/strong><\/p>\n<p style=\"text-align: justify;\"><strong>\u00c4rztin:<\/strong> <em>\u00bbSo, Herr M\u00fcller, dann wollen wir uns mal Ihren Impfpass genauer anschauen...hmmm, also, ich denke eine Masernimpfung w\u00e4re bei Ihnen angebracht!\u00ab<\/em><\/p>\n<p style=\"text-align: justify;\"><strong>Herr M\u00fcller:<\/strong> <em>\u00bbAber ich wurde als Kind insgesamt drei mal gegen Masern geimpft! Sehen Sie selbst!\u00ab<\/em><\/p>\n<p style=\"text-align: justify;\"><strong>\u00c4rztin:<\/strong> <em>\u00bbAh ja, stimmt. Das hatte ich \u00fcbersehen! Aber mir f\u00e4llt gerade auf, dass ihre j\u00e4hrliche Grippeimpfung eine Auffrischung n\u00f6tig h\u00e4tte.!\u00ab<\/em><\/p>\n<p style=\"text-align: justify;\"><strong>Herr M\u00fcller:<\/strong> <em>\u00bbDanke, aber ich wasche und desinfiziere mir regelm\u00e4\u00dfig die H\u00e4nde, esse viel Obst und Gem\u00fcse, treibe regelm\u00e4\u00dfig Sport, rauche nicht, trinke keinen Alkohol und vertraue meinem Immunsystem!\u00ab<\/em><\/p>\n<p style=\"text-align: justify;\"><strong>\u00c4rztin:<\/strong> <em>\u00bbGut. Okay. Schauen wir mal, wo Sie noch eine Impfung nachholen k\u00f6nnen...\u00ab<\/em> (studiert weiter den Impfpass)<\/p>\n<p style=\"text-align: justify;\"><strong>Herr M\u00fcller:<\/strong> <em>\u00bbH\u00e4tten Sie vielleicht auch noch andere Fragen zu meinem Gesundheitszustand?\u00ab<\/em><\/p>\n<p>___________________________________________<\/p>\n<p><strong>[In der Teamsitzung]<\/strong><\/p>\n<p style=\"text-align: justify;\"><strong>Leitung:<\/strong> <em>\u00bbLiebe Kollegen, heute m\u00fcssen wir eine ganze Reihe von wichtigen Belehrungen durchgehen. Am Ende haben wir dann Zeit f\u00fcr Ihre Anliegen.\u00ab<\/em><\/p>\n<p style=\"text-align: justify;\"><strong>Herr M\u00fcller:<\/strong> <em>\u00bbMit wie viel Zeit k\u00f6nnen wir rechnen? 30 Minuten? Ich h\u00e4tte da zwei wichtige Punkte zu besprechen!\u00ab<\/em><\/p>\n<p style=\"text-align: justify;\"><strong>Frau Hein:<\/strong> (quatscht rein) <em>\u00bbJa, ich auch!\u00ab<\/em><\/p>\n<p style=\"text-align: justify;\"><strong>Leitung:<\/strong> <em>\u00bbIch denke, 30 Minuten sind realistisch! Fangen wir mit dem Umgang von elektrischen Ger\u00e4ten an, gehen dann zur Brandschutzordnung...\u00ab<\/em><\/p>\n<p style=\"text-align: justify;\"><strong>Leitung:<\/strong> (60 Minuten sp\u00e4ter) <em>\u00bb...also beim Arbeitsschutz ist jeder Einzelne...So! Okay, liebe Kollegen, nun haben wir leider nur noch 5 Minuten Zeit f\u00fcr Ihre Anliegen. Deshalb k\u00f6nnen wir jetzt nur noch eine Sache aufnehmen. Herr M\u00fcller, was gibt es?\u00ab<\/em><\/p>\n<hr>\n<p><a href=\"https:\/\/www.zeitgeistlos.de\/zgblog\/2016\/mein-chef-braucht-mich\/\" target=\"_blank\" rel=\"noopener\"><span class=\"dquo\">\u00bb<\/span>Aber mein Chef braucht mich!\u00ab<\/a><br>\n<a href=\"https:\/\/www.zeitgeistlos.de\/zgblog\/?s=lohnarbeitswahnsinn&amp;submit=Suchen\" target=\"_blank\" rel=\"noopener\">\u00bbDer t\u00e4gliche Lohnarbeitswahnnsinn\u00ab<\/a><\/p>\n","protected":false},"excerpt":{"rendered":"<p>[Im B\u00fcro] Frau Hein: (arbeitet 20 Std\/Woche an vier Tagen, mit Augenaufschlag, gute Beziehung zum Chef) \u00bbIch muss heute leider fr\u00fcher gehen, meine Tante hat Geburtstag. K\u00f6nntest Du meine Akten f\u00fcr heute \u00fcbernehmen?\u00ab Herr Schmitt: (arbeitet 39 Std\/Woche an f\u00fcnf \u2026 <a href=\"https:\/\/www.zeitgeistlos.de\/zgblog\/2020\/der-taegliche-lohnarbeitswahnsinn-10\/\">Weiterlesen <span class=\"meta-nav\">\u2192<\/span><\/a><\/p>\n","protected":false},"author":4,"featured_media":16056,"comment_status":"open","ping_status":"open","sticky":false,"template":"","format":"standard","meta":{"wp_typography_post_enhancements_disabled":false,"footnotes":""},"categories":[291],"tags":[1646,1618,162,358,1578,1948,1604,577,290,122],"class_list":["post-27844","post","type-post","status-publish","format-standard","has-post-thumbnail","hentry","category-arbeit","tag-arbeit","tag-arbeitsbedingungen","tag-arbeitsfetischismus","tag-arbeitslosigkeit","tag-arbeitsmarkt","tag-arbeitsplatz","tag-arbeitszeit","tag-feudalismus","tag-lohnarbeit","tag-neoliberalismus"],"_links":{"self":[{"href":"https:\/\/www.zeitgeistlos.de\/zgblog\/wp-json\/wp\/v2\/posts\/27844","targetHints":{"allow":["GET"]}}],"collection":[{"href":"https:\/\/www.zeitgeistlos.de\/zgblog\/wp-json\/wp\/v2\/posts"}],"about":[{"href":"https:\/\/www.zeitgeistlos.de\/zgblog\/wp-json\/wp\/v2\/types\/post"}],"author":[{"embeddable":true,"href":"https:\/\/www.zeitgeistlos.de\/zgblog\/wp-json\/wp\/v2\/users\/4"}],"replies":[{"embeddable":true,"href":"https:\/\/www.zeitgeistlos.de\/zgblog\/wp-json\/wp\/v2\/comments?post=27844"}],"version-history":[{"count":12,"href":"https:\/\/www.zeitgeistlos.de\/zgblog\/wp-json\/wp\/v2\/posts\/27844\/revisions"}],"predecessor-version":[{"id":27856,"href":"https:\/\/www.zeitgeistlos.de\/zgblog\/wp-json\/wp\/v2\/posts\/27844\/revisions\/27856"}],"wp:featuredmedia":[{"embeddable":true,"href":"https:\/\/www.zeitgeistlos.de\/zgblog\/wp-json\/wp\/v2\/media\/16056"}],"wp:attachment":[{"href":"https:\/\/www.zeitgeistlos.de\/zgblog\/wp-json\/wp\/v2\/media?parent=27844"}],"wp:term":[{"taxonomy":"category","embeddable":true,"href":"https:\/\/www.zeitgeistlos.de\/zgblog\/wp-json\/wp\/v2\/categories?post=27844"},{"taxonomy":"post_tag","embeddable":true,"href":"https:\/\/www.zeitgeistlos.de\/zgblog\/wp-json\/wp\/v2\/tags?post=27844"}],"curies":[{"name":"wp","href":"https:\/\/api.w.org\/{rel}","templated":true}]}}