{"id":27610,"date":"2020-01-17T07:33:28","date_gmt":"2020-01-17T06:33:28","guid":{"rendered":"http:\/\/www.zeitgeistlos.de\/zgblog\/?p=27610"},"modified":"2020-01-11T23:51:08","modified_gmt":"2020-01-11T22:51:08","slug":"lehrer-bashing","status":"publish","type":"post","link":"https:\/\/www.zeitgeistlos.de\/zgblog\/2020\/lehrer-bashing\/","title":{"rendered":"Lehrer-Bashing"},"content":{"rendered":"<p style=\"text-align: justify;\"><img decoding=\"async\" class=\"aligncenter size-full wp-image-27619\" src=\"https:\/\/www.zeitgeistlos.de\/zgblog\/wp-content\/uploads\/lehr_bash.jpg\" alt width=\"1000\" height=\"563\" srcset=\"https:\/\/www.zeitgeistlos.de\/zgblog\/wp-content\/uploads\/lehr_bash.jpg 1000w, https:\/\/www.zeitgeistlos.de\/zgblog\/wp-content\/uploads\/lehr_bash-150x84.jpg 150w, https:\/\/www.zeitgeistlos.de\/zgblog\/wp-content\/uploads\/lehr_bash-450x253.jpg 450w, https:\/\/www.zeitgeistlos.de\/zgblog\/wp-content\/uploads\/lehr_bash-768x432.jpg 768w, https:\/\/www.zeitgeistlos.de\/zgblog\/wp-content\/uploads\/lehr_bash-500x282.jpg 500w\" sizes=\"(max-width: 1000px) 100vw, 1000px\">Es ist mittlerweile zum Volkssport geworden und dauert keine 10 Minuten mehr, wenn \u00fcber Schule geredet wird: Lehrer-Bashing. Es klammert (wie so oft) jedwede strukturelle Problematik komplett aus: <a href=\"https:\/\/www.gew.de\/aktuelles\/detailseite\/neuigkeiten\/lehrer-bashing-im-internet\/\" target=\"_blank\" rel=\"noopener\"><em>\u00bbschuld sind die Lehrer!\u00ab<\/em><\/a> Darin sind sich alle einig. Sie sind die Pr\u00fcgelknaben der Nation. Gleichzeitig wundern sich alle, warum es bundesweit so einen Lehrermangel gibt? Die Bezahlung ist doch vergleichsweise solide? Na gut, Kinder k\u00f6nnen ein wenig Kraft kosten, aber das bekommt man doch irgendwie hin, oder?<\/p>\n<p style=\"text-align: justify;\">Das Problem sind jedoch nicht die Kinder, sondern die Eltern! Ich kenne und lebe \u2011als P\u00e4dagoge der t\u00e4glich in einer Grundschulklasse arbeitet und gleichzeitig als Vater auf Elternabenden auftritt- beide Perspektiven. Am Ende sind es f\u00fcr mich meist die Eltern, die mit Hysterie, Propellerkreisen, \u00fcberzogener Anspruchshaltung, Ger\u00fcchten, Vorwurfssprache, Selbstoptimierungs\u2011, Wettbewerbs- und Konkurrenzdenken sowie mangelnder Kooperationsbereitschaft, das System Schule zu einer anstrengenden Veranstaltung machen. Waren fr\u00fcher die Kinder f\u00fcr ihre Leistungen selbst verantwortlich, st\u00fcrmen heute die Eltern die Lehrerzimmer: <em>\u00bbWarum hat <strong>mein Kind<\/strong> eine f\u00fcnf bekommen?\u00ab<\/em><!--more--><\/p>\n<p style=\"text-align: justify;\"><strong>Fremdreflexion<\/strong><br>\nIch habe in den letzten Jahren mehr als 30 F\u00e4lle erlebt, die absurd, albern, l\u00e4cherlich, aber vor allem immer zielgerichtet von Eltern gegen die Lehrer geht. Da wollen Muttis auf Elternabenden, der Lehrerin sagen, wie sie ihren Unterricht doch besser gestalten k\u00f6nnen, da werden Lehrer t\u00e4glich mit E\u2011Mails wegen infantilen Banalit\u00e4ten zugebombt, da wird sich an Absprachen nicht gehalten, Lehrer und P\u00e4dagogen frech ins Gesicht gelogen (und generell f\u00fcr dumm gehalten!) und da wird die Lehrerin aufgefordert, f\u00fcr eine Sch\u00f6nschrift ihres Sohnes zu sorgen. Allein meine Anekdoten und die meiner Kolleginnen sind hier endlos lang. Findet jedoch die Wahl zum Elternvertreter statt oder werden helfende H\u00e4nde f\u00fcr das Schulfest gesucht, wird es meist gespenstisch still. Es wird sich peinlich weggeduckt, bis sich jemand erbarmen muss, weil die Lehrerinnen unmissverst\u00e4ndlich klarmachen, dass es ohne nicht geht. Verantwortung wird hier h\u00e4ufig gerne delegiert, aber ungern \u00fcbernommen.<\/p>\n<p style=\"text-align: justify;\"><span style=\"color: #993300;\"><em><span class=\"dquo\">\u00bb<\/span>In den USA quittieren jedes Jahr ca. 500.000 Lehrkr\u00e4fte ihren Dienst. 40 bis 50 Prozent derjenigen, die schon in den ersten f\u00fcnf Jahren ausscheiden, geben den Umgang mit Eltern als Hauptgrund an.\u00ab<\/em><\/span> (Harvate Graduate School Survey, 2005.)<\/p>\n<p style=\"text-align: justify;\">Da gibt es die gef\u00fcrchteten Helikopter-Eltern, die Dr\u00fcckeberger, Egomanen, Prinzen-Eltern, die Bildungspanischen, Missionare und \u00bbSubmarines\u00ab, Eltern die \u00fcberall abtauchen. Die Erziehungs- und Bildungspartnerschaften zwischen Kindern, Lehrerinnen und Eltern sind zwar immer von den jeweiligen Charakteren, den Kommunikationsf\u00e4higkeiten, der gegenseitigen Wertsch\u00e4tzung sowie von ihren Befindlichkeiten gepr\u00e4gt, aber es gibt auch allgemeine Tendenzen, die immer st\u00e4rker zunehmen. Beispielsweise das Auslagern (\u00bbOutsourcing\u00ab) von emotionaler, kognitiver und motorischer Erziehung und Bildung, an Kindergarten, Schule, Therapeuten, \u00c4rzten, Hausaufgabenhilfen, Nachmittagsbetreuung\/Hort und so weiter.<\/p>\n<p style=\"text-align: justify;\"><strong>Gemeinsam Einsam<\/strong><br>\nEs w\u00e4re ja zu begr\u00fc\u00dfen, wenn sich Eltern gemeinsam gegen das Ausgrenzungs-System <em>Schule<\/em> mit seinem v\u00f6llig \u00fcberzogenen und realit\u00e4tsfremden Rahmenlehrplan, seiner Leistungsorientierung sowie seinem Wettbewerbs- und Konkurrenzdenken, solidarisieren w\u00fcrden. Wenn sie sich mit Elternvertretern, Lehrern, P\u00e4dagogen und Gewerkschaftern verb\u00fcnden, um gegen die Unterfinanzierung zu protestieren und zu demonstrieren. Wenn sie \u00f6ffentlichkeitswirksame Aktionen gegen den Sozial- und Bildungsabbau planen, organisieren und mit durchf\u00fchren w\u00fcrden. Das gibt es auch. Aber eben leider nur im Promillebereich. Stattdessen hocken sie in aller Regel in ihrer Komfortzone und gehen der neoliberalen Eigenverantwortungs-Rhetorik voll auf den Leim: <em>\u00bbDu bist schuld!\u00ab<\/em><\/p>\n<hr>\n<p><a href=\"https:\/\/www.zeitgeistlos.de\/zgblog\/2019\/unter-muttis\/\" target=\"_blank\" rel=\"noopener\">Unter Muttis<\/a><br>\n<a href=\"https:\/\/www.zeitgeistlos.de\/zgblog\/?s=der+p%C3%A4dagogische+happen&amp;submit=Suchen\" target=\"_blank\" rel=\"noopener\">Der p\u00e4dagogische Happen<\/a><br>\n<a href=\"https:\/\/www.zeitgeistlos.de\/zgblog\/2016\/kinder-in-deutschland-teil-40-erzieher-lehrer-eltern\/\" target=\"_blank\" rel=\"noopener\">Kinder in Deutschland; Teil 40: Erzieher. Lehrer. Eltern.<\/a><\/p>\n","protected":false},"excerpt":{"rendered":"<p>Es ist mittlerweile zum Volkssport geworden und dauert keine 10 Minuten mehr, wenn \u00fcber Schule geredet wird: Lehrer-Bashing. Es klammert (wie so oft) jedwede strukturelle Problematik komplett aus: \u00bbschuld sind die Lehrer!\u00ab Darin sind sich alle einig. Sie sind die \u2026 <a href=\"https:\/\/www.zeitgeistlos.de\/zgblog\/2020\/lehrer-bashing\/\">Weiterlesen <span class=\"meta-nav\">\u2192<\/span><\/a><\/p>\n","protected":false},"author":4,"featured_media":16056,"comment_status":"open","ping_status":"open","sticky":false,"template":"","format":"standard","meta":{"wp_typography_post_enhancements_disabled":false,"footnotes":""},"categories":[834],"tags":[1763,1253,1648,1690,2018,1310,760],"class_list":["post-27610","post","type-post","status-publish","format-standard","has-post-thumbnail","hentry","category-kinder-und-jugend","tag-der-paedagogische-happen","tag-erzieher","tag-kinder-und-jugend","tag-lehrer","tag-paedagogen","tag-paedagogik","tag-schule"],"_links":{"self":[{"href":"https:\/\/www.zeitgeistlos.de\/zgblog\/wp-json\/wp\/v2\/posts\/27610","targetHints":{"allow":["GET"]}}],"collection":[{"href":"https:\/\/www.zeitgeistlos.de\/zgblog\/wp-json\/wp\/v2\/posts"}],"about":[{"href":"https:\/\/www.zeitgeistlos.de\/zgblog\/wp-json\/wp\/v2\/types\/post"}],"author":[{"embeddable":true,"href":"https:\/\/www.zeitgeistlos.de\/zgblog\/wp-json\/wp\/v2\/users\/4"}],"replies":[{"embeddable":true,"href":"https:\/\/www.zeitgeistlos.de\/zgblog\/wp-json\/wp\/v2\/comments?post=27610"}],"version-history":[{"count":23,"href":"https:\/\/www.zeitgeistlos.de\/zgblog\/wp-json\/wp\/v2\/posts\/27610\/revisions"}],"predecessor-version":[{"id":27713,"href":"https:\/\/www.zeitgeistlos.de\/zgblog\/wp-json\/wp\/v2\/posts\/27610\/revisions\/27713"}],"wp:featuredmedia":[{"embeddable":true,"href":"https:\/\/www.zeitgeistlos.de\/zgblog\/wp-json\/wp\/v2\/media\/16056"}],"wp:attachment":[{"href":"https:\/\/www.zeitgeistlos.de\/zgblog\/wp-json\/wp\/v2\/media?parent=27610"}],"wp:term":[{"taxonomy":"category","embeddable":true,"href":"https:\/\/www.zeitgeistlos.de\/zgblog\/wp-json\/wp\/v2\/categories?post=27610"},{"taxonomy":"post_tag","embeddable":true,"href":"https:\/\/www.zeitgeistlos.de\/zgblog\/wp-json\/wp\/v2\/tags?post=27610"}],"curies":[{"name":"wp","href":"https:\/\/api.w.org\/{rel}","templated":true}]}}