{"id":27223,"date":"2019-10-16T07:30:02","date_gmt":"2019-10-16T05:30:02","guid":{"rendered":"http:\/\/www.zeitgeistlos.de\/zgblog\/?p=27223"},"modified":"2019-10-03T16:23:00","modified_gmt":"2019-10-03T14:23:00","slug":"der-tod-der-wahrnehmung","status":"publish","type":"post","link":"https:\/\/www.zeitgeistlos.de\/zgblog\/2019\/der-tod-der-wahrnehmung\/","title":{"rendered":"Der Tod der Wahrnehmung"},"content":{"rendered":"<div id=\"attachment_15776\" style=\"width: 617px\" class=\"wp-caption aligncenter\"><img decoding=\"async\" aria-describedby=\"caption-attachment-15776\" class=\"wp-image-15776 size-full\" src=\"https:\/\/www.zeitgeistlos.de\/zgblog\/wp-content\/uploads\/final.jpg\" alt width=\"607\" height=\"554\" srcset=\"https:\/\/www.zeitgeistlos.de\/zgblog\/wp-content\/uploads\/final.jpg 607w, https:\/\/www.zeitgeistlos.de\/zgblog\/wp-content\/uploads\/final-150x136.jpg 150w, https:\/\/www.zeitgeistlos.de\/zgblog\/wp-content\/uploads\/final-438x400.jpg 438w, https:\/\/www.zeitgeistlos.de\/zgblog\/wp-content\/uploads\/final-328x300.jpg 328w\" sizes=\"(max-width: 607px) 100vw, 607px\"><p id=\"caption-attachment-15776\" class=\"wp-caption-text\">Das ist nicht \u00bb1984\u00ab, sondern \u00bb2019\u00ab.<\/p><\/div>\n<p style=\"text-align: justify;\">Als Wahrnehmung bezeichnet man <em>\u00bbjenen Aspekt des psychischen Geschehens und Erlebens, der sich auf die Kopplung des Organismus an funktional relevante Aspekte der physikalischen Umwelt bezieht. Hierzu geh\u00f6ren nicht nur die haptische, visuelle, auditive, olfaktorische und gustatorische Wahrnehmung, sondern auch die Wahrnehmung des Leibes und seiner Teile\u00ab<\/em> (Rainer Mausfeld, <a href=\"https:\/\/www.spektrum.de\/lexikon\/psychologie\/wahrnehmung\/16602\" target=\"_blank\" rel=\"noopener\">spektrum.de<\/a>). Zu Wahrnehmungsst\u00f6rungen z\u00e4hlen nicht nur Illusionen und Halluzinationen, sondern auch der Verlust \u00fcber die Kontrolle der eigenen Wahrnehmung sowie deren Ausrichtung. Gef\u00fchle, Bewegungen, Farben, Gesichter oder Ger\u00e4usche k\u00f6nnen kaum oder nur noch teilweise erkannt und identifiziert werden.<\/p>\n<p style=\"text-align: justify;\">Filterblasen. Echokammern. Tunnelblick. Betriebsblindheit. Ich-Bunker-Weltverleugnung. Scheinbar leidet heute jeder Zweite unter einer chronischen Wahrnehmungsst\u00f6rung. Allerlei Verbotsschilder, Regeln des Zusammenlebens sowie soziale Konventionen werden komplett ignoriert, Meinungen, Analysen und Kommentare, die nicht in das eigene Weltbild passen, werden gezielt weggeschoben und \u00fcberall Smombies, die von ihrer realen Umgebung nur noch das Hintergrundrauschen wahrnehmen. Es existiert eine gro\u00dfe Unf\u00e4higkeit, Sachverhalte, Dinge und Menschen in ihrer Ganzheitlichkeit zu erfassen. Kontexte, Ursachen und Inhalte m\u00fcssen in 200 W\u00f6rtern oder mit Bildern erkl\u00e4rt werden, weil sonst die Konzentration und Aufnahmef\u00e4higkeit rapide absinkt. Die Dystopie liegt nicht in der Zukunft, sondern in der Gegenwart.<\/p>\n<hr>\n<p><a href=\"https:\/\/www.zeitgeistlos.de\/zgblog\/2018\/medial-verstrahlt\/\" target=\"_blank\" rel=\"noopener\">Medial verstrahlt<\/a><br>\n<a href=\"https:\/\/www.zeitgeistlos.de\/zgblog\/2018\/die-ablehnung-der-wirklichkeit\/\" target=\"_blank\" rel=\"noopener\">Die Ablehnung der Wirklichkeit<\/a><\/p>\n","protected":false},"excerpt":{"rendered":"<p>Als Wahrnehmung bezeichnet man \u00bbjenen Aspekt des psychischen Geschehens und Erlebens, der sich auf die Kopplung des Organismus an funktional relevante Aspekte der physikalischen Umwelt bezieht. Hierzu geh\u00f6ren nicht nur die haptische, visuelle, auditive, olfaktorische und gustatorische Wahrnehmung, sondern auch \u2026 <a href=\"https:\/\/www.zeitgeistlos.de\/zgblog\/2019\/der-tod-der-wahrnehmung\/\">Weiterlesen <span class=\"meta-nav\">\u2192<\/span><\/a><\/p>\n","protected":false},"author":4,"featured_media":15935,"comment_status":"open","ping_status":"open","sticky":false,"template":"","format":"standard","meta":{"wp_typography_post_enhancements_disabled":false,"footnotes":""},"categories":[190],"tags":[1116,127,1113,397,1286,377,977],"class_list":["post-27223","post","type-post","status-publish","format-standard","has-post-thumbnail","hentry","category-gedanken","tag-dystopie","tag-egoismus","tag-egozentrik","tag-krankheit","tag-smartphone","tag-storung","tag-wahrnehmung"],"_links":{"self":[{"href":"https:\/\/www.zeitgeistlos.de\/zgblog\/wp-json\/wp\/v2\/posts\/27223","targetHints":{"allow":["GET"]}}],"collection":[{"href":"https:\/\/www.zeitgeistlos.de\/zgblog\/wp-json\/wp\/v2\/posts"}],"about":[{"href":"https:\/\/www.zeitgeistlos.de\/zgblog\/wp-json\/wp\/v2\/types\/post"}],"author":[{"embeddable":true,"href":"https:\/\/www.zeitgeistlos.de\/zgblog\/wp-json\/wp\/v2\/users\/4"}],"replies":[{"embeddable":true,"href":"https:\/\/www.zeitgeistlos.de\/zgblog\/wp-json\/wp\/v2\/comments?post=27223"}],"version-history":[{"count":14,"href":"https:\/\/www.zeitgeistlos.de\/zgblog\/wp-json\/wp\/v2\/posts\/27223\/revisions"}],"predecessor-version":[{"id":27243,"href":"https:\/\/www.zeitgeistlos.de\/zgblog\/wp-json\/wp\/v2\/posts\/27223\/revisions\/27243"}],"wp:featuredmedia":[{"embeddable":true,"href":"https:\/\/www.zeitgeistlos.de\/zgblog\/wp-json\/wp\/v2\/media\/15935"}],"wp:attachment":[{"href":"https:\/\/www.zeitgeistlos.de\/zgblog\/wp-json\/wp\/v2\/media?parent=27223"}],"wp:term":[{"taxonomy":"category","embeddable":true,"href":"https:\/\/www.zeitgeistlos.de\/zgblog\/wp-json\/wp\/v2\/categories?post=27223"},{"taxonomy":"post_tag","embeddable":true,"href":"https:\/\/www.zeitgeistlos.de\/zgblog\/wp-json\/wp\/v2\/tags?post=27223"}],"curies":[{"name":"wp","href":"https:\/\/api.w.org\/{rel}","templated":true}]}}