{"id":25714,"date":"2018-11-30T07:21:51","date_gmt":"2018-11-30T06:21:51","guid":{"rendered":"http:\/\/www.zeitgeistlos.de\/zgblog\/?p=25714"},"modified":"2018-11-23T19:46:49","modified_gmt":"2018-11-23T18:46:49","slug":"foerdern-foerdern-foerdern","status":"publish","type":"post","link":"https:\/\/www.zeitgeistlos.de\/zgblog\/2018\/foerdern-foerdern-foerdern\/","title":{"rendered":"F\u00f6rdern. F\u00f6rdern. F\u00f6rdern."},"content":{"rendered":"<p><img decoding=\"async\" class=\"aligncenter size-full wp-image-25717\" src=\"https:\/\/www.zeitgeistlos.de\/zgblog\/wp-content\/uploads\/F\u00f6rdern_titel.jpg\" alt width=\"1000\" height=\"563\" srcset=\"https:\/\/www.zeitgeistlos.de\/zgblog\/wp-content\/uploads\/F\u00f6rdern_titel.jpg 1000w, https:\/\/www.zeitgeistlos.de\/zgblog\/wp-content\/uploads\/F\u00f6rdern_titel-150x84.jpg 150w, https:\/\/www.zeitgeistlos.de\/zgblog\/wp-content\/uploads\/F\u00f6rdern_titel-450x253.jpg 450w, https:\/\/www.zeitgeistlos.de\/zgblog\/wp-content\/uploads\/F\u00f6rdern_titel-768x432.jpg 768w, https:\/\/www.zeitgeistlos.de\/zgblog\/wp-content\/uploads\/F\u00f6rdern_titel-500x282.jpg 500w\" sizes=\"(max-width: 1000px) 100vw, 1000px\"><\/p>\n<p style=\"text-align: justify;\">Die Leistungs- und Wettbewerbsgesellschaft produziert nicht nur systematisch ein ausgegrenztes Prekariat, sie verdient auch an und mit der Angst. Insbesondere Eltern sind stellenweise ganz gezielt massiv verunsichert worden. Jahrzehntelang haben vermeintliche Erziehungsexperten durch allerlei mediale Kan\u00e4le (TV, Buch, Web, Radio, Zeitung etc.) die elterliche Intuition nachhaltig besch\u00e4digt. Man m\u00fcsse und solle seine Kinder so und so erziehen, man solle das sagen, das unternehmen, sich so verhalten und so weiter. Dann wird wieder genau das Gegenteil erz\u00e4hlt und propagagiert. Hinzu kommt ein Dschungel an p\u00e4dagogischen Konzepten, Haltungen und Werten, die sich nicht nur gegenseitig widersprechen, sondern alle von sich behaupten, dass sie die \u00bbeinzig wahre Erziehungsmethode\u00ab betreiben w\u00fcrden.<\/p>\n<p style=\"text-align: justify;\">Das Ergebnis sind pr\u00e4natale Fr\u00fchf\u00f6rderung (<em>\u00bbJe fr\u00fcher desto besser!\u00ab<\/em>), Kindergarten-Chinesisch sowie die Auffassung, dass alles Tun p\u00e4dagogisch wertvoll, also F\u00f6rderung sein muss. Es ist der Zeitgeist der uns sagt, dass Kinder und Jugendliche arbeitsf\u00e4hig genormt werden m\u00fcssen. Ihre \u00f6konomische Verwertbarkeit und Funktionst\u00fcchtigkeit sollen hergestellt werden. Oder anders: \u00bbUnsere Kinder sind unsere Zukunft\u00ab. Eine Ware. Ein Rohstoff. Ein Objekt. Das soll eben bestm\u00f6glich optimiert werden.<\/p>\n<p style=\"text-align: justify;\">Was h\u00e4ufig fehlt, ist eine subjektbezogene, ehrliche und authentische Seins-Haltung zu Kindern und Jugendlichen. Sie in ihrem Wesen so annehmen k\u00f6nnen, wie sie sein wollen und nicht, wie Unternehmen, Politiker oder Eltern sie nach ihren eigenen Vorstellungen formen wollen. Es ist insofern absolut nicht verwunderlich, dass psychische Kinderkrankheiten zugenommen haben: man behandelt sie allerorten wie Knetmasse.<\/p>\n<hr>\n<p style=\"text-align: justify;\"><a href=\"https:\/\/www.zeitgeistlos.de\/zgblog\/2013\/kinder-in-deutschland-teil-26-elternaengste\/\" target=\"_blank\" rel=\"noopener\"><span class=\"dquo\">\u00bb<\/span>Eltern\u00e4ngste\u00ab<\/a><br>\n<a href=\"https:\/\/www.zeitgeistlos.de\/zgblog\/2018\/familienkonflikte\/\" target=\"_blank\" rel=\"noopener\">\u00bbFamilienkonflikte\u00ab<\/a><br>\n<a href=\"https:\/\/www.zeitgeistlos.de\/zgblog\/?s=p%C3%A4dagogische+happen&amp;submit=Suchen\" target=\"_blank\" rel=\"noopener\">\u00bbDer p\u00e4dagogische Happen\u00ab<\/a><\/p>\n","protected":false},"excerpt":{"rendered":"<p>Die Leistungs- und Wettbewerbsgesellschaft produziert nicht nur systematisch ein ausgegrenztes Prekariat, sie verdient auch an und mit der Angst. Insbesondere Eltern sind stellenweise ganz gezielt massiv verunsichert worden. Jahrzehntelang haben vermeintliche Erziehungsexperten durch allerlei mediale Kan\u00e4le (TV, Buch, Web, Radio, \u2026 <a href=\"https:\/\/www.zeitgeistlos.de\/zgblog\/2018\/foerdern-foerdern-foerdern\/\">Weiterlesen <span class=\"meta-nav\">\u2192<\/span><\/a><\/p>\n","protected":false},"author":4,"featured_media":25718,"comment_status":"open","ping_status":"open","sticky":false,"template":"","format":"standard","meta":{"wp_typography_post_enhancements_disabled":false,"footnotes":""},"categories":[834],"tags":[1763,724,269,1648,736,1310],"class_list":["post-25714","post","type-post","status-publish","format-standard","has-post-thumbnail","hentry","category-kinder-und-jugend","tag-der-paedagogische-happen","tag-erziehung","tag-kinder","tag-kinder-und-jugend","tag-kindheitserfahrungen","tag-paedagogik"],"_links":{"self":[{"href":"https:\/\/www.zeitgeistlos.de\/zgblog\/wp-json\/wp\/v2\/posts\/25714","targetHints":{"allow":["GET"]}}],"collection":[{"href":"https:\/\/www.zeitgeistlos.de\/zgblog\/wp-json\/wp\/v2\/posts"}],"about":[{"href":"https:\/\/www.zeitgeistlos.de\/zgblog\/wp-json\/wp\/v2\/types\/post"}],"author":[{"embeddable":true,"href":"https:\/\/www.zeitgeistlos.de\/zgblog\/wp-json\/wp\/v2\/users\/4"}],"replies":[{"embeddable":true,"href":"https:\/\/www.zeitgeistlos.de\/zgblog\/wp-json\/wp\/v2\/comments?post=25714"}],"version-history":[{"count":5,"href":"https:\/\/www.zeitgeistlos.de\/zgblog\/wp-json\/wp\/v2\/posts\/25714\/revisions"}],"predecessor-version":[{"id":25721,"href":"https:\/\/www.zeitgeistlos.de\/zgblog\/wp-json\/wp\/v2\/posts\/25714\/revisions\/25721"}],"wp:featuredmedia":[{"embeddable":true,"href":"https:\/\/www.zeitgeistlos.de\/zgblog\/wp-json\/wp\/v2\/media\/25718"}],"wp:attachment":[{"href":"https:\/\/www.zeitgeistlos.de\/zgblog\/wp-json\/wp\/v2\/media?parent=25714"}],"wp:term":[{"taxonomy":"category","embeddable":true,"href":"https:\/\/www.zeitgeistlos.de\/zgblog\/wp-json\/wp\/v2\/categories?post=25714"},{"taxonomy":"post_tag","embeddable":true,"href":"https:\/\/www.zeitgeistlos.de\/zgblog\/wp-json\/wp\/v2\/tags?post=25714"}],"curies":[{"name":"wp","href":"https:\/\/api.w.org\/{rel}","templated":true}]}}