{"id":2564,"date":"2009-07-26T18:42:07","date_gmt":"2009-07-26T16:42:07","guid":{"rendered":"http:\/\/www.zeitgeistlos.de\/zgblog\/?p=2564"},"modified":"2012-10-18T12:44:20","modified_gmt":"2012-10-18T10:44:20","slug":"versteckte-sozialabbau-propaganda","status":"publish","type":"post","link":"https:\/\/www.zeitgeistlos.de\/zgblog\/2009\/versteckte-sozialabbau-propaganda\/","title":{"rendered":"Versteckte Sozialabbau-Propaganda"},"content":{"rendered":"<p><em><span style=\"color: #993300;\"><span class=\"dquo\">\u00bb<\/span>Auch die Reichsten der Reichen bleiben nicht verschont. Ihre Verlsute gehen in die Milliarden.\u00ab<\/span><\/em><\/p>\n<p><span style=\"color: #000000;\">- Meldung aus <a href=\"http:\/\/www.bild.de\/BILD\/politik\/wirtschaft\/2009\/07\/26\/reiche-verlierer-der-krise\/schaeffler-schickedanz-gates-otto-wer-hat-wieviel-verloren.html\" target=\"_blank\">Bild.de<\/a>&nbsp;(ja, es heisst \u00bbVerluste\u00ab und nicht \u00bbVerlsute\u00ab \u2014 die Bild mag aber Rechtschreibfehler)<\/span><\/p>\n<p style=\"text-align: justify;\"><strong>Anmerkung:<\/strong> Die Berichte \u00fcber zunehmende \u00bbverarmte\u00ab Million\u00e4re und Milliard\u00e4re soll uns B\u00fcrger darauf hinweisen, dass ja alle von der Krise betroffen sind, also nicht verschont werden. Die schon in den Giftk\u00fcchen und Schubladen vorbereiteten sozialen Grausamkeiten, die nach der Bundestagswahl auf uns niederprasseln werden, m\u00fcssen schlie\u00dflich legitimiert werden. Zus\u00e4tzlich zur \u00bbWirtschaftskrise\u00ab als Generalargument, wird nun auch an das kollektive Verarmungsargument bzw. an die \u00bbG\u00fcrtel-enger-schnallen\u00ab-Devise erinnert. Dass den Banken Milliarden in den Allerwertesten geschoben wurde, soll schnell vergessen werden.<\/p>\n","protected":false},"excerpt":{"rendered":"<p><span class=\"dquo\">\u00bb<\/span>Auch die Reichsten der Reichen bleiben nicht verschont. Ihre Verlsute gehen in die Milliarden.\u00ab \u2014 Meldung aus Bild.de&nbsp;(ja, es heisst \u00bbVerluste\u00ab und nicht \u00bbVerlsute\u00ab \u2014 die Bild mag aber Rechtschreibfehler) Anmerkung: Die Berichte \u00fcber zunehmende \u00bbverarmte\u00ab Million\u00e4re und Milliard\u00e4re soll \u2026 <a href=\"https:\/\/www.zeitgeistlos.de\/zgblog\/2009\/versteckte-sozialabbau-propaganda\/\">Weiterlesen <span class=\"meta-nav\">\u2192<\/span><\/a><\/p>\n","protected":false},"author":4,"featured_media":0,"comment_status":"open","ping_status":"open","sticky":false,"template":"","format":"standard","meta":{"wp_typography_post_enhancements_disabled":false,"footnotes":""},"categories":[23],"tags":[83,175,281,318],"class_list":["post-2564","post","type-post","status-publish","format-standard","hentry","category-zitate","tag-banken","tag-bild","tag-bundestagswahlen","tag-wirtschaftskrise"],"_links":{"self":[{"href":"https:\/\/www.zeitgeistlos.de\/zgblog\/wp-json\/wp\/v2\/posts\/2564","targetHints":{"allow":["GET"]}}],"collection":[{"href":"https:\/\/www.zeitgeistlos.de\/zgblog\/wp-json\/wp\/v2\/posts"}],"about":[{"href":"https:\/\/www.zeitgeistlos.de\/zgblog\/wp-json\/wp\/v2\/types\/post"}],"author":[{"embeddable":true,"href":"https:\/\/www.zeitgeistlos.de\/zgblog\/wp-json\/wp\/v2\/users\/4"}],"replies":[{"embeddable":true,"href":"https:\/\/www.zeitgeistlos.de\/zgblog\/wp-json\/wp\/v2\/comments?post=2564"}],"version-history":[{"count":5,"href":"https:\/\/www.zeitgeistlos.de\/zgblog\/wp-json\/wp\/v2\/posts\/2564\/revisions"}],"predecessor-version":[{"id":13485,"href":"https:\/\/www.zeitgeistlos.de\/zgblog\/wp-json\/wp\/v2\/posts\/2564\/revisions\/13485"}],"wp:attachment":[{"href":"https:\/\/www.zeitgeistlos.de\/zgblog\/wp-json\/wp\/v2\/media?parent=2564"}],"wp:term":[{"taxonomy":"category","embeddable":true,"href":"https:\/\/www.zeitgeistlos.de\/zgblog\/wp-json\/wp\/v2\/categories?post=2564"},{"taxonomy":"post_tag","embeddable":true,"href":"https:\/\/www.zeitgeistlos.de\/zgblog\/wp-json\/wp\/v2\/tags?post=2564"}],"curies":[{"name":"wp","href":"https:\/\/api.w.org\/{rel}","templated":true}]}}