{"id":24815,"date":"2018-06-08T07:02:15","date_gmt":"2018-06-08T05:02:15","guid":{"rendered":"http:\/\/www.zeitgeistlos.de\/zgblog\/?p=24815"},"modified":"2018-06-03T18:27:36","modified_gmt":"2018-06-03T16:27:36","slug":"kinder-in-deutschland-teil-44-problemkinder","status":"publish","type":"post","link":"https:\/\/www.zeitgeistlos.de\/zgblog\/2018\/kinder-in-deutschland-teil-44-problemkinder\/","title":{"rendered":"Kinder in Deutschland; Teil 44: \u00bbProblemkinder\u00ab"},"content":{"rendered":"<p><img decoding=\"async\" class=\"aligncenter size-full wp-image-24832\" src=\"https:\/\/www.zeitgeistlos.de\/zgblog\/wp-content\/uploads\/problemkinder_titel.jpg\" alt width=\"1020\" height=\"583\" srcset=\"https:\/\/www.zeitgeistlos.de\/zgblog\/wp-content\/uploads\/problemkinder_titel.jpg 1020w, https:\/\/www.zeitgeistlos.de\/zgblog\/wp-content\/uploads\/problemkinder_titel-150x86.jpg 150w, https:\/\/www.zeitgeistlos.de\/zgblog\/wp-content\/uploads\/problemkinder_titel-450x257.jpg 450w, https:\/\/www.zeitgeistlos.de\/zgblog\/wp-content\/uploads\/problemkinder_titel-768x439.jpg 768w, https:\/\/www.zeitgeistlos.de\/zgblog\/wp-content\/uploads\/problemkinder_titel-500x286.jpg 500w\" sizes=\"(max-width: 1020px) 100vw, 1020px\"><\/p>\n<p style=\"text-align: justify;\">Das Web ist voll mit Artikeln und (Blog-)Beitr\u00e4gen von Lehrern, Eltern und Redakteuren, welche die Ursachen von Verhaltensauff\u00e4lligkeiten von Kindern gerne verdr\u00e4ngen, verleugnen und verschweigen. Ganz im <a href=\"http:\/\/www.zeitgeistlos.de\/eigenverantwortung\/eigenverantwortung.html\" target=\"_blank\" rel=\"noopener\">Zeitgeist der Eigenverantwortung<\/a>, sollen schon 6 bis 18 J\u00e4hrige vollkommen selbst daf\u00fcr verantwortlich sein, wenn sie regelm\u00e4\u00dfig Grenzen \u00fcberschreiten, keine H\u00f6flichkeit mehr kennen, respektlos und\/oder komplett unselbstst\u00e4ndig sind, Sprach-Schwierigkeiten haben, sozial-emotionale Defizite besitzen, ein gest\u00f6rtes N\u00e4he-Distanz-Verhalten aufweisen, Wahrnehmungsprobleme zeigen und so weiter. Der Grundtenor lautet meist: \u00bbEs sind nicht immer wir Eltern schuld!\u00ab<em> \u00bbDoch\u00ab<\/em>, sage ich! In 80 Prozent aller Problem-F\u00e4lle wird nicht erzogen, sondern verzogen. :jaja:&nbsp;<!--more--><\/p>\n<blockquote><p><span class=\"dquo\">\u00bb<\/span>Wenn dann abgekl\u00e4rt wurde, dass nicht die Eltern \u201eschuld\u201c sind, <strong>welch Sinnfrage<\/strong>, sondern das Kind eine Aufmerksamkeitsdefizit-St\u00f6rung hat, kommt erst einmal die gro\u00dfe Erleichterung und h\u00e4ufig der Wunsch es ohne Medikamente wie Ritalin zu versuchen\u00ab<\/p>\n<p>Blog, <a href=\"https:\/\/kristina.jetzt\/2018\/05\/08\/hast-du-ein-problemkind-in-schule-oder-kindergarten\/\" target=\"_blank\" rel=\"noopener\">kristina.jetzt<\/a><\/p>\n<p><span class=\"dquo\">\u00bb<\/span>Lukas passt in dieses Muster. Er habe in der Schule <strong>zu viele Probleme gemacht<\/strong>, sagt er selbst. Scheiben eingeschlagen, Lehrer gehauen, Mitsch\u00fcler bedroht. Er sei gemobbt und provoziert worden.\u00ab<\/p>\n<p><a href=\"http:\/\/www.spiegel.de\/lebenundlernen\/schule\/hamburg-eine-schule-fuer-schulverweigerer-a-1159072.html\" target=\"_blank\" rel=\"noopener\">spiegel.de<\/a> vom 30. Juli 2017<\/p>\n<p><span class=\"dquo\">\u00bb<\/span>Problemkinder: Es sind nicht immer nur <strong>die b\u00f6sen Eltern<\/strong>.\u00ab<\/p>\n<p><a href=\"https:\/\/www.rhein-zeitung.de\/region_artikel,-problemkinder-es-sind-nicht-immer-nur-die-boesen-eltern-_arid,1678456.html\" target=\"_blank\" rel=\"noopener\">rhein-zeitung.de<\/a> vom 19. Juli 2017<\/p><\/blockquote>\n<p style=\"text-align: justify;\"><strong>Schwierige Kinder?<br>\n<\/strong>Was ist eigentlich ein \u00bbProblemkind\u00ab? Als \u00bbProblemkinder\u00ab werden umgangssprachlich alle Kinder bezeichnet, die in irgendeiner Form verhaltensauff\u00e4llig sind. Kinder, die nicht der Norm entsprechen. Die im Kita- oder Schulalltag nicht so funktionieren, wie die Erwachsenen es von ihnen erwarten. P\u00e4dagogen sprechen hier meist vom Integrationsstatus (I\u2011Status), vom erh\u00f6hten F\u00f6rderbedarf oder (politisch korrekt und euphemistisch ausgedr\u00fcckt) von \u00bbverhaltensoriginellen Kindern\u00ab. Je nach Perspektive, Analyse und Wertesystem, werden solche Kinder entweder als besonders begabte Individuen, als dysfunktionale St\u00f6renfriede oder als herangez\u00fcchtete Tyrannen betrachtet.<\/p>\n<p style=\"text-align: justify;\">Fest steht, dass weder Lehrer, noch P\u00e4dagogen eine Diagnose aufstellen oder den Kindern einen F\u00f6rder-Bedarf-Stempel (I\u2011Status) verpassen, wie es Eltern h\u00e4ufiger vorwurfsvoll formulieren. Lehrer und P\u00e4dagogen beobachten intensiv, beraten sich im Team und dokumentieren ausf\u00fchrlich, bevor sie den Eltern den Rat geben, das sozialp\u00e4diatrische Zentrum (SPZ) aufzusuchen, um Auff\u00e4lligkeiten beim Kind untersuchen zu lassen und einen erh\u00f6hten F\u00f6rderbedarf zu beantragen. Dazu geh\u00f6rt nicht nur ein intensiveres Arbeiten mit dem Kind in Kita, Hort oder Schule, sondern wom\u00f6glich auch Logop\u00e4die, Ergotherapie oder Nachhilfe-Unterricht.<\/p>\n<p style=\"text-align: justify;\"><strong>Schwierige Eltern!<br>\n<\/strong>In der t\u00e4glichen Arbeit mit rund 400 Kindern in einem Schulhort, erlebe ich fast t\u00e4glich Situationen, Gespr\u00e4che und Vorf\u00e4lle, die auf fragw\u00fcrdige Erziehungsmethoden schlie\u00dfen lassen. Ich k\u00f6nnte ganze B\u00fccher damit f\u00fcllen, wie respektlos sich Eltern teilweise von ihren Kindern behandeln lassen, wie wenig Bedeutung sie der Werteerziehung beimessen, welche \u00fcbertriebenen Erwartungen sie an Kindergarten, Schule und Hort stellen, wie sie ihre Kinder \u00fcberbeh\u00fcten oder vernachl\u00e4ssigen und wie sie gleichzeitig von zahlreichen (oft v\u00f6llig \u00fcbertriebenen) <a href=\"https:\/\/www.zeitgeistlos.de\/zgblog\/2013\/kinder-in-deutschland-teil-26-elternaengste\/\" target=\"_blank\" rel=\"noopener\">\u00c4ngsten<\/a> beherrscht werden. Dazu geh\u00f6ren beispielsweise:<\/p>\n<ul>\n<li>Ihr Kind k\u00f6nnte auf dem Weg zur Schule weggeschnappt werden.<\/li>\n<li>Ihr Kind k\u00f6nnte \u00fcberfahren werden.<\/li>\n<li>Ihr Kind k\u00f6nnte nicht als hochbegabt anerkannt werden. Schlechte Leistungen des Kindes seien nur schlechte Bewertungen des Lehrers.<\/li>\n<li>Ihr Kind k\u00f6nnte gemobbt und ausgegrenzt werden.<\/li>\n<li>Ihr Kind k\u00f6nnte au\u00dferhalb der Schule kein Interesse an einem Musikinstrument, einer neuen Sprachen oder einer <a href=\"https:\/\/www.zeitgeistlos.de\/zgblog\/2015\/kinder-in-deutschland-teil-38-vereinsmeierei\/\" target=\"_blank\" rel=\"noopener\">Vereinssport-Aktivit\u00e4t<\/a> aufbringen.<\/li>\n<\/ul>\n<p style=\"text-align: justify;\">Oft muss ich die Kinder an die Regeln im Hort und an den respektvollen Umgang miteinander erinnern, w\u00e4hrend ihre Eltern daneben sitzen und schweigen. Oft muss ich beobachten, wie Kinder ihre Eltern steuern. Es gibt Eltern, die sprichw\u00f6rtlich alles f\u00fcr ihre Kleinen machen und gleichzeitig jede Art und Form von Problem und Konflikt systematisch ignorieren und verleugnen. Und obwohl wir P\u00e4dagogen in der Beobachtung von Kindern sachlich und wertfrei bleiben (wollen und m\u00fcssen), so bewegt man sich in der Kommunikation mit Eltern selten auf der Sachebene. Viele Eltern f\u00fchlen sich sehr schnell pers\u00f6nlich angegriffen, schmollen oder schalten auf Durchzug.<\/p>\n<p style=\"text-align: justify;\">Auch wenn ich betonen muss, dass die Zusammenarbeit mit den meisten Eltern hervorragend klappt. Denn auch nur so kann man den Kindern die bestm\u00f6gliche F\u00f6rderung und Hilfe zukommen lasssen.<\/p>\n<p>________________________________________________________________<\/p>\n<p style=\"text-align: justify;\">Eine Zusammenfassung der ersten zehn Teile der Kinderserie ist auf <a href=\"http:\/\/www.zeitgeistlos.de\/kinder\/kinder_in_deutschland.html\" target=\"_blank\" rel=\"noopener\">www.zeitgeistlos.de<\/a> zu finden. Alle bisherigen 43 Folgen k\u00f6nnen im ZG-Blog in der <a href=\"https:\/\/www.zeitgeistlos.de\/zgblog\/?s=kinder+in+deutschland&amp;submit=Suchen\" target=\"_blank\" rel=\"noopener\">Rubrik Kindheit<\/a> gefunden werden. Eine Auswahl bisheriger Teile:<\/p>\n<p><a href=\"https:\/\/www.zeitgeistlos.de\/zgblog\/2015\/kinder-in-deutschland-teil-37-die-uebermutti\/\" target=\"_blank\" rel=\"noopener\">Teil 37: Die \u00dcbermutti<\/a><br>\n<a href=\"https:\/\/www.zeitgeistlos.de\/zgblog\/2014\/kinder-in-deutschland-teil-33-grosseltern\/\" target=\"_blank\" rel=\"noopener\">Teil 33: Gro\u00dfeltern<\/a><br>\n<a href=\"https:\/\/www.zeitgeistlos.de\/zgblog\/2013\/kinder-in-deutschland-teil-26-elternaengste\/\" target=\"_blank\" rel=\"noopener\">Teil 26: Eltern\u00e4ngste<\/a><br>\n<a href=\"https:\/\/www.zeitgeistlos.de\/zgblog\/2012\/kinder-in-deutschland-teil-20-konsequenzen\/\" target=\"_blank\" rel=\"noopener\">Teil 20: Konsequenzen<\/a><\/p>\n","protected":false},"excerpt":{"rendered":"<p>Das Web ist voll mit Artikeln und (Blog-)Beitr\u00e4gen von Lehrern, Eltern und Redakteuren, welche die Ursachen von Verhaltensauff\u00e4lligkeiten von Kindern gerne verdr\u00e4ngen, verleugnen und verschweigen. Ganz im Zeitgeist der Eigenverantwortung, sollen schon 6 bis 18 J\u00e4hrige vollkommen selbst daf\u00fcr verantwortlich \u2026 <a href=\"https:\/\/www.zeitgeistlos.de\/zgblog\/2018\/kinder-in-deutschland-teil-44-problemkinder\/\">Weiterlesen <span class=\"meta-nav\">\u2192<\/span><\/a><\/p>\n","protected":false},"author":4,"featured_media":24833,"comment_status":"open","ping_status":"open","sticky":false,"template":"","format":"standard","meta":{"wp_typography_post_enhancements_disabled":false,"footnotes":""},"categories":[834],"tags":[1171,724,592,269,1648,1690,1310,760,1420],"class_list":["post-24815","post","type-post","status-publish","format-standard","has-post-thumbnail","hentry","category-kinder-und-jugend","tag-eltern","tag-erziehung","tag-integration","tag-kinder","tag-kinder-und-jugend","tag-lehrer","tag-paedagogik","tag-schule","tag-verhalten"],"_links":{"self":[{"href":"https:\/\/www.zeitgeistlos.de\/zgblog\/wp-json\/wp\/v2\/posts\/24815","targetHints":{"allow":["GET"]}}],"collection":[{"href":"https:\/\/www.zeitgeistlos.de\/zgblog\/wp-json\/wp\/v2\/posts"}],"about":[{"href":"https:\/\/www.zeitgeistlos.de\/zgblog\/wp-json\/wp\/v2\/types\/post"}],"author":[{"embeddable":true,"href":"https:\/\/www.zeitgeistlos.de\/zgblog\/wp-json\/wp\/v2\/users\/4"}],"replies":[{"embeddable":true,"href":"https:\/\/www.zeitgeistlos.de\/zgblog\/wp-json\/wp\/v2\/comments?post=24815"}],"version-history":[{"count":27,"href":"https:\/\/www.zeitgeistlos.de\/zgblog\/wp-json\/wp\/v2\/posts\/24815\/revisions"}],"predecessor-version":[{"id":24844,"href":"https:\/\/www.zeitgeistlos.de\/zgblog\/wp-json\/wp\/v2\/posts\/24815\/revisions\/24844"}],"wp:featuredmedia":[{"embeddable":true,"href":"https:\/\/www.zeitgeistlos.de\/zgblog\/wp-json\/wp\/v2\/media\/24833"}],"wp:attachment":[{"href":"https:\/\/www.zeitgeistlos.de\/zgblog\/wp-json\/wp\/v2\/media?parent=24815"}],"wp:term":[{"taxonomy":"category","embeddable":true,"href":"https:\/\/www.zeitgeistlos.de\/zgblog\/wp-json\/wp\/v2\/categories?post=24815"},{"taxonomy":"post_tag","embeddable":true,"href":"https:\/\/www.zeitgeistlos.de\/zgblog\/wp-json\/wp\/v2\/tags?post=24815"}],"curies":[{"name":"wp","href":"https:\/\/api.w.org\/{rel}","templated":true}]}}