{"id":22688,"date":"2017-09-11T07:53:13","date_gmt":"2017-09-11T05:53:13","guid":{"rendered":"http:\/\/www.zeitgeistlos.de\/zgblog\/?p=22688"},"modified":"2017-09-09T22:25:12","modified_gmt":"2017-09-09T20:25:12","slug":"armut","status":"publish","type":"post","link":"https:\/\/www.zeitgeistlos.de\/zgblog\/2017\/armut\/","title":{"rendered":"Armut"},"content":{"rendered":"<div id=\"attachment_22692\" style=\"width: 759px\" class=\"wp-caption aligncenter\"><a href=\"https:\/\/www.boeckler.de\/fotostrecke_boeckler_impuls-r.htm?id=109072&amp;chunk=1\" target=\"_blank\"><img decoding=\"async\" aria-describedby=\"caption-attachment-22692\" class=\"wp-image-22692 size-full\" src=\"https:\/\/www.zeitgeistlos.de\/zgblog\/wp-content\/uploads\/kinderarmut_boeckler.jpg\" alt=\"Boeckler Impuls 10\/2017 der Hans-Boeckler Stiftung des DGB\" width=\"749\" height=\"513\" srcset=\"https:\/\/www.zeitgeistlos.de\/zgblog\/wp-content\/uploads\/kinderarmut_boeckler.jpg 749w, https:\/\/www.zeitgeistlos.de\/zgblog\/wp-content\/uploads\/kinderarmut_boeckler-150x103.jpg 150w, https:\/\/www.zeitgeistlos.de\/zgblog\/wp-content\/uploads\/kinderarmut_boeckler-450x308.jpg 450w, https:\/\/www.zeitgeistlos.de\/zgblog\/wp-content\/uploads\/kinderarmut_boeckler-438x300.jpg 438w\" sizes=\"(max-width: 749px) 100vw, 749px\"><\/a><p id=\"caption-attachment-22692\" class=\"wp-caption-text\">Boeckler Impuls 10\/2017 der Hans-Boeckler Stiftung des DGB<\/p><\/div>\n<p><a href=\"https:\/\/de.wikipedia.org\/wiki\/Armutsgew%C3%B6hnungszuschlag\" target=\"_blank\">Armutsgew\u00f6hnungszuschlag<\/a><br>\nArme Erwerbst\u00e4tige<br>\nVon Armut betroffen<br>\nArmutszuwanderer<br>\nArmutsgef\u00e4hrdet<br>\nArmutsdefinition<br>\nAbsolute Armut<br>\n<a href=\"https:\/\/www.zeitgeistlos.de\/zgblog\/2017\/neusprech-kaufkraftarmut\/\" target=\"_blank\">Kaufkraftarmut<\/a><br>\nRelative Armut<br>\nArmutsbericht<br>\nArmutsstatistik<br>\nArmutspolitik<br>\nKinderarmut<br>\nAltersarmut<br>\nArmutsrisiko<br>\nArmutslagen<\/p>\n<p>Armutsbek\u00e4mpfung?<br>\nDie Armen bek\u00e4mpfen.<\/p>\n","protected":false},"excerpt":{"rendered":"<p>Armutsgew\u00f6hnungszuschlag Arme Erwerbst\u00e4tige Von Armut betroffen Armutszuwanderer Armutsgef\u00e4hrdet Armutsdefinition Absolute Armut Kaufkraftarmut Relative Armut Armutsbericht Armutsstatistik Armutspolitik Kinderarmut Altersarmut Armutsrisiko Armutslagen Armutsbek\u00e4mpfung? Die Armen bek\u00e4mpfen.<\/p>\n","protected":false},"author":4,"featured_media":16056,"comment_status":"open","ping_status":"open","sticky":false,"template":"","format":"standard","meta":{"wp_typography_post_enhancements_disabled":false,"footnotes":""},"categories":[4],"tags":[920,199,58,200,122,315,152],"class_list":["post-22688","post","type-post","status-publish","format-standard","has-post-thumbnail","hentry","category-politik","tag-altersarmut","tag-armut","tag-kapitalismus","tag-kinderarmut","tag-neoliberalismus","tag-reichtum","tag-sprache"],"_links":{"self":[{"href":"https:\/\/www.zeitgeistlos.de\/zgblog\/wp-json\/wp\/v2\/posts\/22688","targetHints":{"allow":["GET"]}}],"collection":[{"href":"https:\/\/www.zeitgeistlos.de\/zgblog\/wp-json\/wp\/v2\/posts"}],"about":[{"href":"https:\/\/www.zeitgeistlos.de\/zgblog\/wp-json\/wp\/v2\/types\/post"}],"author":[{"embeddable":true,"href":"https:\/\/www.zeitgeistlos.de\/zgblog\/wp-json\/wp\/v2\/users\/4"}],"replies":[{"embeddable":true,"href":"https:\/\/www.zeitgeistlos.de\/zgblog\/wp-json\/wp\/v2\/comments?post=22688"}],"version-history":[{"count":5,"href":"https:\/\/www.zeitgeistlos.de\/zgblog\/wp-json\/wp\/v2\/posts\/22688\/revisions"}],"predecessor-version":[{"id":23064,"href":"https:\/\/www.zeitgeistlos.de\/zgblog\/wp-json\/wp\/v2\/posts\/22688\/revisions\/23064"}],"wp:featuredmedia":[{"embeddable":true,"href":"https:\/\/www.zeitgeistlos.de\/zgblog\/wp-json\/wp\/v2\/media\/16056"}],"wp:attachment":[{"href":"https:\/\/www.zeitgeistlos.de\/zgblog\/wp-json\/wp\/v2\/media?parent=22688"}],"wp:term":[{"taxonomy":"category","embeddable":true,"href":"https:\/\/www.zeitgeistlos.de\/zgblog\/wp-json\/wp\/v2\/categories?post=22688"},{"taxonomy":"post_tag","embeddable":true,"href":"https:\/\/www.zeitgeistlos.de\/zgblog\/wp-json\/wp\/v2\/tags?post=22688"}],"curies":[{"name":"wp","href":"https:\/\/api.w.org\/{rel}","templated":true}]}}