{"id":21711,"date":"2017-02-03T07:19:30","date_gmt":"2017-02-03T06:19:30","guid":{"rendered":"http:\/\/www.zeitgeistlos.de\/zgblog\/?p=21711"},"modified":"2017-01-30T12:20:08","modified_gmt":"2017-01-30T11:20:08","slug":"presseblick-59","status":"publish","type":"post","link":"https:\/\/www.zeitgeistlos.de\/zgblog\/2017\/presseblick-59\/","title":{"rendered":"Presseblick (59)"},"content":{"rendered":"<p style=\"text-align: justify;\">Der \u00bbKiezneurotiker\u00ab ist weg. Einfach so. Ohne Ank\u00fcndigung, Brandrede oder Verabschiedung. Vorausgegangen war ein <a href=\"http:\/\/kiezschreiber.blogspot.de\/2017\/01\/der-kiezneurotiker-wird-gezuchtigt.html?showComment=1483759735180\" target=\"_blank\">Streit mit dem Kiezschreiber<\/a>. Ob der aber was damit zu tun hatte, wei\u00df ich nicht.<\/p>\n<p style=\"text-align: justify;\"><img decoding=\"async\" class=\"aligncenter size-full wp-image-21917\" src=\"https:\/\/www.zeitgeistlos.de\/zgblog\/wp-content\/uploads\/kiez.jpg\" alt=\"kiez\" width=\"718\" height=\"159\" srcset=\"https:\/\/www.zeitgeistlos.de\/zgblog\/wp-content\/uploads\/kiez.jpg 718w, https:\/\/www.zeitgeistlos.de\/zgblog\/wp-content\/uploads\/kiez-150x33.jpg 150w, https:\/\/www.zeitgeistlos.de\/zgblog\/wp-content\/uploads\/kiez-450x100.jpg 450w, https:\/\/www.zeitgeistlos.de\/zgblog\/wp-content\/uploads\/kiez-500x111.jpg 500w\" sizes=\"(max-width: 718px) 100vw, 718px\"><\/p>\n<p style=\"text-align: justify;\">Sein Zynismus, die direkte und rotzfreche Art, sowie der ehrliche Blick eines Menschen, der sein t\u00e4gliches Lohnarbeits-Hamsterrad reflektiert hatte, werden mir fehlen. Auch die Rubrik \u00bbJunkfrass aus der H\u00f6lle\u00ab, bei der er widerliches Fast Food getestet hatte, war am\u00fcsant. Claudia Klinger stellt <a href=\"http:\/\/www.claudia-klinger.de\/digidiary\/2017\/01\/22\/5-thesen-warum-der-kiezneurotiker-sein-blog-geloescht-hat\/\" target=\"_blank\">f\u00fcnf Thesen<\/a> auf, warum er so pl\u00f6tzlich verschwunden ist. Traurig ist leider auch, dass kaum jemand in Kleinbloggersdorf davon Notiz nimmt. :(&nbsp;<!--more--><\/p>\n<p style=\"text-align: justify;\"><strong>Politik<br>\n<\/strong>Wer dem Immobilien-Gro\u00dfkapital ans Leder will<strong>, <\/strong>der wird fertig gemacht. J\u00fcngst geschehen mit dem Sozialwissenschaftler und parteilosen <a href=\"http:\/\/www.andrejholm.de\/2017\/01\/16\/erklaerung\/\" target=\"_blank\">Andrej Holm<\/a>. Kollege <a href=\"http:\/\/feynsinn.org\/?p=7202\" target=\"_blank\">Flatter von Feynsinn<\/a> hat dazu alles Wesentliche bereits geschrieben. Nur noch soviel: w\u00e4hrend die NPD wegen \u00bbUnwichtigkeit\u00ab nicht verboten wird (die KPD bleibt es aber!), die NSU-Morde bis heute nicht aufgekl\u00e4rt sind (aber schon f\u00fcnf Zeugen geselbstmordet wurden), gegen die NSA-Total-\u00dcberwachung nichts unternommen wird und der <a href=\"https:\/\/www.youtube.com\/watch?v=wdSWSj-klJE\" target=\"_blank\">Verfassungsschutz im Falle Amri<\/a> eine unr\u00fchmliche Rolle spielte, werden Menschen, die sich f\u00fcr bezahlbare Mieten und eine soziale Wohnungspoltiik einsetzen, als knallharte Kommunisten verfolgt. Willkommen in Kapitalistan!<\/p>\n<div id=\"attachment_21936\" style=\"width: 762px\" class=\"wp-caption aligncenter\"><a href=\"https:\/\/netzpolitik.org\/2017\/neues-archivgesetz-spd-und-union-beschliessen-ausnahme-fuer-geheimdienste\/\" target=\"_blank\"><img decoding=\"async\" aria-describedby=\"caption-attachment-21936\" class=\"wp-image-21936 size-full\" src=\"https:\/\/www.zeitgeistlos.de\/zgblog\/wp-content\/uploads\/netzpolitik.jpg\" alt=\"netzpolitik.org vom 20. Januar 2017\" width=\"752\" height=\"660\" srcset=\"https:\/\/www.zeitgeistlos.de\/zgblog\/wp-content\/uploads\/netzpolitik.jpg 752w, https:\/\/www.zeitgeistlos.de\/zgblog\/wp-content\/uploads\/netzpolitik-150x132.jpg 150w, https:\/\/www.zeitgeistlos.de\/zgblog\/wp-content\/uploads\/netzpolitik-450x395.jpg 450w, https:\/\/www.zeitgeistlos.de\/zgblog\/wp-content\/uploads\/netzpolitik-342x300.jpg 342w\" sizes=\"(max-width: 752px) 100vw, 752px\"><\/a><p id=\"caption-attachment-21936\" class=\"wp-caption-text\">netzpolitik.org vom 20. Januar 2017<\/p><\/div>\n<p style=\"text-align: justify;\">Ob dort schnell ein Gesetz beschlossen wurde, um der <a href=\"https:\/\/www.gabyweber.com\/index.php\/de\/prozesse-de\" target=\"_blank\">hartn\u00e4ckigen Journalistin Gaby Weber<\/a> keine neuen Erkenntnisse liefern zu m\u00fcssen? ;)<\/p>\n<p style=\"text-align: justify;\">Der politisch inszenierte, \u00f6ffentliche Umgang mit Menschheitsverbrechen und V\u00f6lkermord in und von Deutschland, ist eine ambivalente Sache. Zwar gibt es regelm\u00e4\u00dfig Gedenkfeiern und Erinnerungsreden sowie \u00f6ffentliche Mahnmale, dennoch gibt es immer wieder \u00bbSchlu\u00dfstrich-Mentalit\u00e4ten\u00ab. Scheinbar werden die Opfer auch in verschiedene Klassen eingeteilt. Denn weder f\u00fcr die <a href=\"http:\/\/www.taz.de\/!5329237\/\" target=\"_blank\">ermodeten Sinti und Roma<\/a> im NS-Faschismus, noch f\u00fcr den <a href=\"http:\/\/www.fr-online.de\/politik\/voelkermord-in-deutsch-suedwestafrika-herero-verklagen-deutschland,1472596,35062964.html\" target=\"_blank\">V\u00f6lkermord an den Herero und Nama<\/a> im Jahre 1904 (mehr als 100.000 wurden ermordet) will man angemessene Entsch\u00e4digungen zahlen. Wenn \u00fcberhaupt. Stattdessen durfte Ausschwitz, als Rechtfertigung f\u00fcr den Angriffskrieg gegen Jugoslawien im Jahre 1999, dienen.<\/p>\n<p style=\"text-align: justify;\">Und jetzt bitte alle mal festhalten. Der Verarschungs-Wahnsinn nimmt kein Ende:<\/p>\n<div id=\"attachment_21906\" style=\"width: 701px\" class=\"wp-caption aligncenter\"><img decoding=\"async\" aria-describedby=\"caption-attachment-21906\" class=\"size-full wp-image-21906\" src=\"https:\/\/www.zeitgeistlos.de\/zgblog\/wp-content\/uploads\/spd_schulz.jpg\" alt=\"zeit.de vom 24. Januar 2017\" width=\"691\" height=\"348\" srcset=\"https:\/\/www.zeitgeistlos.de\/zgblog\/wp-content\/uploads\/spd_schulz.jpg 691w, https:\/\/www.zeitgeistlos.de\/zgblog\/wp-content\/uploads\/spd_schulz-150x76.jpg 150w, https:\/\/www.zeitgeistlos.de\/zgblog\/wp-content\/uploads\/spd_schulz-450x227.jpg 450w, https:\/\/www.zeitgeistlos.de\/zgblog\/wp-content\/uploads\/spd_schulz-500x252.jpg 500w\" sizes=\"(max-width: 691px) 100vw, 691px\"><p id=\"caption-attachment-21906\" class=\"wp-caption-text\">zeit.de vom 24. Januar 2017<\/p><\/div>\n<p style=\"text-align: justify;\">Mir kommt jetzt schon mein Mittagessen hoch, wenn die Agenda 2010-Spezialdemokraten mir etwas von \u00bbsozialer Gerechtigkeit\u00ab erz\u00e4hlen wollen. Auch wenn ein Gro\u00dfteil der Bev\u00f6lkerung sehr geschichtsvergessen ist: Hartz4-Sanktionen-und-Schikanen-Willk\u00fcr ist f\u00fcr Millionen von Menschen bitterer Alltag. Das wird der SPD nicht so schnell verziehen werden. Da kann ein Martin Schulz labern, was er will. :sick:<\/p>\n<p style=\"text-align: justify;\"><strong>Neoliberalismus<\/strong><br>\nDeutschland geht es gut! Also allen Menschen, die in Deutschland leben! Im Land der Freiheit und Demokratie. So und nicht anders lautet das offizielle Dogma. Das hier, bei uns im Land der Reichen und Verm\u00f6genden, <a href=\"http:\/\/www.jungewelt.de\/2017\/01-21\/022.php\" target=\"_blank\">minderj\u00e4hrige Kinder bewusst in die Obdachlosigkeit geschickt<\/a> werden, kann doch nur das Gerede von vaterlandslosen Gesellen sein! Oder?<\/p>\n<p style=\"text-align: justify;\">Die <a href=\"https:\/\/www.theguardian.com\/global-development\/2017\/jan\/16\/worlds-eight-richest-people-have-same-wealth-as-poorest-50\" target=\"_blank\">acht reichsten Menschen besitzen soviel wie die \u00e4rmsten 50 Prozent<\/a> auf der Welt. An dieser Stelle muss ich wieder einmal betonen, wie realit\u00e4tsfremd und verharmlosend ich die Formulierung von <em>\u00bbdie Schere zwischen arm und reich w\u00e4chst immer weiter\u00ab<\/em> halte. Was bitte soll da noch gro\u00df \u00bb<em>wachsen\u00ab<\/em>? Wenn einer soviel besitzt wie die \u00e4rmsten 50 Prozent? Es w\u00e4re mutiger, wenn linke Wissenschaftler, Akademiker und Redakteure statt st\u00e4ndig vor der Zukunft zu warnen, schreiben w\u00fcrden, dass es <em>jetzt<\/em> so ungerecht ist. Heute. In diesem Augenblick. In der Gegenwart. Da <em>\u00bbw\u00e4chst\u00ab<\/em> nichts mehr, <em>\u00bbdriftet\u00ab<\/em> oder <em>\u00bbklafft\u00ab<\/em> auseinander\u00ab oder <em>\u00bbnimmt zu\u00ab<\/em>. Solche Formulierungen verharmlosen in krasser Weise den derzeitigen Ist-Zustand.<\/p>\n<p style=\"text-align: justify;\"><strong>Medien<\/strong><br>\nIn Artikel 5 unseres Grundgesetzes hei\u00dft es: <em>\u00bbEine Zensur findet nicht statt\u00ab<\/em>. Aber das Grundgesetz hat unsere Bundesregierung noch nie davon abgehalten, menschenrechtlich, bedenkliche Gesetze und Vorhaben umzusetzen. Das Wahrheitsministerium von George Orwell\u00b4s \u00bb1984\u00ab ist eine ganz realistische Gefahr:<\/p>\n<blockquote>\n<p style=\"text-align: justify;\">&nbsp;\u201eEs ist nicht ganz einfach, eine Institution zu schaffen, die sozusagen in Form einer Wahrheitskommission entscheidet, was ist wahr und was nicht. Dann muss ja auch noch entschieden werden, was ist relevant oder was ist nicht relevant. Da befinden wir uns am Anfang einer Diskussion.\u201d<\/p>\n<p style=\"text-align: justify;\">Justizminister Heiko Maas (SPD), <a href=\"http:\/\/www.zeit.de\/news\/2016-12\/13\/wahlen-unionspolitiker-fordern-strafregelungen-gegen-fake-news-13102009\" target=\"_blank\">zeit.de<\/a> vom 13. Dezember 2016<\/p>\n<p style=\"text-align: justify;\">\n<\/p><\/blockquote>\n<div id=\"attachment_21922\" style=\"width: 869px\" class=\"wp-caption aligncenter\"><a href=\"https:\/\/deutsch.rt.com\/meinung\/45773-facebook-correctiv-ziel-ist-zensur\/\" target=\"_blank\"><img decoding=\"async\" aria-describedby=\"caption-attachment-21922\" class=\"wp-image-21922 size-full\" src=\"https:\/\/www.zeitgeistlos.de\/zgblog\/wp-content\/uploads\/fake-news_RT.jpg\" alt=\"RT Deutsch vom 26. Januar 2017\" width=\"859\" height=\"638\" srcset=\"https:\/\/www.zeitgeistlos.de\/zgblog\/wp-content\/uploads\/fake-news_RT.jpg 859w, https:\/\/www.zeitgeistlos.de\/zgblog\/wp-content\/uploads\/fake-news_RT-150x111.jpg 150w, https:\/\/www.zeitgeistlos.de\/zgblog\/wp-content\/uploads\/fake-news_RT-450x334.jpg 450w, https:\/\/www.zeitgeistlos.de\/zgblog\/wp-content\/uploads\/fake-news_RT-768x570.jpg 768w, https:\/\/www.zeitgeistlos.de\/zgblog\/wp-content\/uploads\/fake-news_RT-404x300.jpg 404w\" sizes=\"(max-width: 859px) 100vw, 859px\"><\/a><p id=\"caption-attachment-21922\" class=\"wp-caption-text\">RT Deutsch vom 26. Januar 2017<\/p><\/div>\n<p style=\"text-align: justify;\">Um dies zu bewerkstelligen wird correctiv.org eingesetzt. Vordergr\u00fcndig eine journalistische Non-Profit-Organisation, die aber von Google, der Deutschen Bank, der Open Society Foundation von George Soros, RTL und auch mit Steuergeldern finanziert wird. Im sogenannten Ethikrat von correctiv sitzen unter anderem: &nbsp;Nikolaus Bender, fr\u00fcherer Chefredakteur des ZDF, Ulrich Reitz, Chefredakteur von Focus, Cordt Schnibben, Redakteur beim Spiegel, Oliver Schr\u00f6m, Leiter Investigative Recherche Stern, Jochen Wegner, Chefredakteur von Zeit-Online und Stefan Willeke, Chefreporter bei der Zeit. Und so weiter und so fort.<\/p>\n<p style=\"text-align: justify;\"><strong>Arbeitswelt<\/strong><br>\nFrau Draesner schreibt auf zeit.de \u00fcber die <a href=\"http:\/\/www.zeit.de\/freitext\/2017\/01\/17\/alter-wechseljahre-umdenken-draesner\/\" target=\"_blank\">Probleme des \u00c4lterwerdens<\/a>:<em> \u00bbWie wir mit Alter umgehen, bestimmen wir zu einem guten Teil selbst \u2013 aus unserer Kultur und insbesondere, wie es scheint, aus unserer \u00d6konomie heraus.\u00ab<\/em> Mehr traut sie sich nicht zu sagen. \u00c4ltere Menschen sind im Kapitalismus vor allem deswegen nicht \u00bbangesagt\u00ab, weil das absurde Dogma des unendlichen Wirtschaftswachstums \u2011auf einer endlichen Welt mit endlichen Ressourcen- jedes Produkt, jede Dienstleistung und jede Idee als frisch, neu, jung, leistungsstark und unverbraucht anpreisen und verkaufen will. Eigenschaften, die der Jugend mehr zugesprochen werden. So weit denkt aber eine Frau Draesner nicht. Da wird lieber geklagt: <em>\u00bbJunge M\u00e4nner gehen blicklos vorbei.\u00ab<\/em><\/p>\n","protected":false},"excerpt":{"rendered":"<p>Der \u00bbKiezneurotiker\u00ab ist weg. Einfach so. Ohne Ank\u00fcndigung, Brandrede oder Verabschiedung. Vorausgegangen war ein Streit mit dem Kiezschreiber. Ob der aber was damit zu tun hatte, wei\u00df ich nicht. Sein Zynismus, die direkte und rotzfreche Art, sowie der ehrliche Blick \u2026 <a href=\"https:\/\/www.zeitgeistlos.de\/zgblog\/2017\/presseblick-59\/\">Weiterlesen <span class=\"meta-nav\">\u2192<\/span><\/a><\/p>\n","protected":false},"author":4,"featured_media":16056,"comment_status":"open","ping_status":"open","sticky":false,"template":"","format":"standard","meta":{"wp_typography_post_enhancements_disabled":false,"footnotes":""},"categories":[5],"tags":[558,199,571,58,1634,122,467,1251,315,113,385],"class_list":["post-21711","post","type-post","status-publish","format-standard","has-post-thumbnail","hentry","category-medien","tag-agenda-2010","tag-armut","tag-hartz4","tag-kapitalismus","tag-medien","tag-neoliberalismus","tag-obdachlosigkeit","tag-presseblick","tag-reichtum","tag-spd","tag-zensur"],"_links":{"self":[{"href":"https:\/\/www.zeitgeistlos.de\/zgblog\/wp-json\/wp\/v2\/posts\/21711","targetHints":{"allow":["GET"]}}],"collection":[{"href":"https:\/\/www.zeitgeistlos.de\/zgblog\/wp-json\/wp\/v2\/posts"}],"about":[{"href":"https:\/\/www.zeitgeistlos.de\/zgblog\/wp-json\/wp\/v2\/types\/post"}],"author":[{"embeddable":true,"href":"https:\/\/www.zeitgeistlos.de\/zgblog\/wp-json\/wp\/v2\/users\/4"}],"replies":[{"embeddable":true,"href":"https:\/\/www.zeitgeistlos.de\/zgblog\/wp-json\/wp\/v2\/comments?post=21711"}],"version-history":[{"count":22,"href":"https:\/\/www.zeitgeistlos.de\/zgblog\/wp-json\/wp\/v2\/posts\/21711\/revisions"}],"predecessor-version":[{"id":21938,"href":"https:\/\/www.zeitgeistlos.de\/zgblog\/wp-json\/wp\/v2\/posts\/21711\/revisions\/21938"}],"wp:featuredmedia":[{"embeddable":true,"href":"https:\/\/www.zeitgeistlos.de\/zgblog\/wp-json\/wp\/v2\/media\/16056"}],"wp:attachment":[{"href":"https:\/\/www.zeitgeistlos.de\/zgblog\/wp-json\/wp\/v2\/media?parent=21711"}],"wp:term":[{"taxonomy":"category","embeddable":true,"href":"https:\/\/www.zeitgeistlos.de\/zgblog\/wp-json\/wp\/v2\/categories?post=21711"},{"taxonomy":"post_tag","embeddable":true,"href":"https:\/\/www.zeitgeistlos.de\/zgblog\/wp-json\/wp\/v2\/tags?post=21711"}],"curies":[{"name":"wp","href":"https:\/\/api.w.org\/{rel}","templated":true}]}}