{"id":20716,"date":"2016-07-25T07:07:54","date_gmt":"2016-07-25T05:07:54","guid":{"rendered":"http:\/\/www.zeitgeistlos.de\/zgblog\/?p=20716"},"modified":"2016-07-24T18:49:00","modified_gmt":"2016-07-24T16:49:00","slug":"das-ende-der-bequemlichkeit","status":"publish","type":"post","link":"https:\/\/www.zeitgeistlos.de\/zgblog\/2016\/das-ende-der-bequemlichkeit\/","title":{"rendered":"Das Ende der Bequemlichkeit"},"content":{"rendered":"<ul>\n<li style=\"text-align: justify;\">In W\u00fcrzburg geht ein Attent\u00e4ter in einer Regionalbahn mit einer Axt auf Menschen los.<\/li>\n<li style=\"text-align: justify;\">In M\u00fcnchen t\u00f6tet ein Amokl\u00e4ufer (<a href=\"https:\/\/www.zeitgeistlos.de\/zgblog\/2009\/symptom-einer-kranken-gesellschaftsordnung\/\" target=\"_blank\">hier<\/a> und <a href=\"http:\/\/www.zeitgeistlos.de\/killerspiele\/killerspiele.html\" target=\"_blank\">hier<\/a>) neun Menschen in einem Einkaufszentrum.<\/li>\n<li style=\"text-align: justify;\">Die T\u00fcrkei wird schrittweise zu einer Diktatur umgebaut. Erdogan geht ohne Gnade innerhalb seines Landes sowie im Irak und in Syrien gegen die Kurden vor.<\/li>\n<li style=\"text-align: justify;\">In Syrien und im Jemen werden t\u00e4glich Menschen brutal ermordet.<\/li>\n<li style=\"text-align: justify;\">Das US-Milit\u00e4r hat bisher mehr als 4.000 Menschen weltweit mit ihren Drohnenangriffen umgebracht und im Irak, in Afghanistan und in Libyen tausende Menschen get\u00f6tet.<\/li>\n<li style=\"text-align: justify;\">In Afrika sterben t\u00e4glich Menschen durch eine neokolonialistische Wirtschaftspolitik des Westens sowie durch die Agrarpolitik von Konzernen, wie beispielsweise Monsanto.<\/li>\n<li style=\"text-align: justify;\">In Frankreich ist weiterhin Ausnahmezustand und die B\u00fcrger revoltieren gegen die Beschneidung von Arbeitsrechten.<\/li>\n<li style=\"text-align: justify;\">Niemals in der Geschichte der Menschheit hat sich soviel Reichtum in nur so wenigen H\u00e4nden konzentriert, w\u00e4hrend die gro\u00dfe Mehrheit gar nichts besitzt.<\/li>\n<\/ul>\n<p style=\"text-align: justify;\">Zwischen all diesen Ereignissen werden keine Zusammenh\u00e4nge und\/oder Korrelationen hergestellt. Stattdessen wird jeder vermeintliche \u00bbAnschlag\u00ab oder \u00bbTerror-Angriff\u00ab als Einzel-Ereignis behandelt und gewertet. Auch ich kenne nicht alle Hintergr\u00fcnde. Aber zu glauben, man kann in der Ferne Kriege f\u00fchren, Waffen in Diktaturen liefern sowie menschenverachtende, neoliberale und verfassungswidrige Gesetze beschlie\u00dfen, die das gesellschaftliche, zwischenmenschliche Klima k\u00e4lter werden lassen \u2014 ohne dass all das irgendwelche Folgen haben wird, zeigt, wie weit die ignorant-biedermeierische Weltvergessenheit in Deutschland bereits fortgeschritten ist.<\/p>\n<p style=\"text-align: justify;\">Nat\u00fcrlich wird es fr\u00fcher oder sp\u00e4ter auch \u00bbTerror-Anschl\u00e4ge\u00ab in Deutschland geben, auch wenn das niemand wahrhaben will. Die Folge kann aber nicht sein, den Ausnahmezustand auszurufen, B\u00fcrgerrechte abzubauen, das <a href=\"http:\/\/www.spiegel.de\/politik\/deutschland\/sicherheitsdebatte-bayern-fordert-einsatz-der-bundeswehr-im-innern-a-1104446.html\" target=\"_blank\">Milit\u00e4r im Innern einzusetzen<\/a>, die \u00dcberwachung auszudehnen und den Rechtsstaat f\u00fcr \u00fcberfl\u00fcssig zu erkl\u00e4ren, sondern, sich endlich radikal aus der NATO zu verabschieden, eine alternative Wirtschaftspolitik anzustreben sowie s\u00e4mtliche US-Milit\u00e4rst\u00fctzpunkte in Deutschland abzurei\u00dfen! Wieso glaubt man ernsthaft, man k\u00f6nne das Leid der Menschheit durch eine neoliberale Wirtschaftspolitik, Kriege, Hartz4 etc. vergr\u00f6\u00dfern, aber gleichzeitig unbeschadet davon kommen? Ich pers\u00f6nlich habe vor einem radikalen Abbau der (Rest-)Demokratie in Deutschland deutlich mehr Angst, als vor einem Terror-Anschlag.<\/p>\n","protected":false},"excerpt":{"rendered":"<p>In W\u00fcrzburg geht ein Attent\u00e4ter in einer Regionalbahn mit einer Axt auf Menschen los. In M\u00fcnchen t\u00f6tet ein Amokl\u00e4ufer (hier und hier) neun Menschen in einem Einkaufszentrum. Die T\u00fcrkei wird schrittweise zu einer Diktatur umgebaut. Erdogan geht ohne Gnade innerhalb \u2026 <a href=\"https:\/\/www.zeitgeistlos.de\/zgblog\/2016\/das-ende-der-bequemlichkeit\/\">Weiterlesen <span class=\"meta-nav\">\u2192<\/span><\/a><\/p>\n","protected":false},"author":4,"featured_media":16056,"comment_status":"open","ping_status":"open","sticky":false,"template":"","format":"standard","meta":{"wp_typography_post_enhancements_disabled":false,"footnotes":""},"categories":[4],"tags":[1382,227,871,122,1243,176,481],"class_list":["post-20716","post","type-post","status-publish","format-standard","has-post-thumbnail","hentry","category-politik","tag-anschlag","tag-demokratie","tag-mord","tag-neoliberalismus","tag-terror","tag-terrorismus","tag-war-on-terror"],"_links":{"self":[{"href":"https:\/\/www.zeitgeistlos.de\/zgblog\/wp-json\/wp\/v2\/posts\/20716","targetHints":{"allow":["GET"]}}],"collection":[{"href":"https:\/\/www.zeitgeistlos.de\/zgblog\/wp-json\/wp\/v2\/posts"}],"about":[{"href":"https:\/\/www.zeitgeistlos.de\/zgblog\/wp-json\/wp\/v2\/types\/post"}],"author":[{"embeddable":true,"href":"https:\/\/www.zeitgeistlos.de\/zgblog\/wp-json\/wp\/v2\/users\/4"}],"replies":[{"embeddable":true,"href":"https:\/\/www.zeitgeistlos.de\/zgblog\/wp-json\/wp\/v2\/comments?post=20716"}],"version-history":[{"count":10,"href":"https:\/\/www.zeitgeistlos.de\/zgblog\/wp-json\/wp\/v2\/posts\/20716\/revisions"}],"predecessor-version":[{"id":20726,"href":"https:\/\/www.zeitgeistlos.de\/zgblog\/wp-json\/wp\/v2\/posts\/20716\/revisions\/20726"}],"wp:featuredmedia":[{"embeddable":true,"href":"https:\/\/www.zeitgeistlos.de\/zgblog\/wp-json\/wp\/v2\/media\/16056"}],"wp:attachment":[{"href":"https:\/\/www.zeitgeistlos.de\/zgblog\/wp-json\/wp\/v2\/media?parent=20716"}],"wp:term":[{"taxonomy":"category","embeddable":true,"href":"https:\/\/www.zeitgeistlos.de\/zgblog\/wp-json\/wp\/v2\/categories?post=20716"},{"taxonomy":"post_tag","embeddable":true,"href":"https:\/\/www.zeitgeistlos.de\/zgblog\/wp-json\/wp\/v2\/tags?post=20716"}],"curies":[{"name":"wp","href":"https:\/\/api.w.org\/{rel}","templated":true}]}}