{"id":20430,"date":"2016-07-29T07:45:06","date_gmt":"2016-07-29T05:45:06","guid":{"rendered":"http:\/\/www.zeitgeistlos.de\/zgblog\/?p=20430"},"modified":"2016-07-19T10:29:26","modified_gmt":"2016-07-19T08:29:26","slug":"ursachen-kontext-hintergrund","status":"publish","type":"post","link":"https:\/\/www.zeitgeistlos.de\/zgblog\/2016\/ursachen-kontext-hintergrund\/","title":{"rendered":"Ursachen. Kontext. Hintergrund."},"content":{"rendered":"<p style=\"text-align: justify;\"><img decoding=\"async\" class=\"aligncenter size-full wp-image-20432\" src=\"https:\/\/www.zeitgeistlos.de\/zgblog\/wp-content\/uploads\/kontext_titel.jpg\" alt=\"kontext_titel\" width=\"999\" height=\"659\" srcset=\"https:\/\/www.zeitgeistlos.de\/zgblog\/wp-content\/uploads\/kontext_titel.jpg 999w, https:\/\/www.zeitgeistlos.de\/zgblog\/wp-content\/uploads\/kontext_titel-150x99.jpg 150w, https:\/\/www.zeitgeistlos.de\/zgblog\/wp-content\/uploads\/kontext_titel-450x297.jpg 450w, https:\/\/www.zeitgeistlos.de\/zgblog\/wp-content\/uploads\/kontext_titel-768x507.jpg 768w, https:\/\/www.zeitgeistlos.de\/zgblog\/wp-content\/uploads\/kontext_titel-455x300.jpg 455w\" sizes=\"(max-width: 999px) 100vw, 999px\">Wir leben in einer Welt, in der Freidenker und das eigenst\u00e4ndige Denken \u2013mit Ausnahme von funktioneller <a href=\"https:\/\/www.zeitgeistlos.de\/zgblog\/2012\/nutzklugheit-und-marktintelligenz\/\" target=\"_blank\">Marktintelligenz<\/a>- weder gefordert, noch nachgefragt werden. Ganz im Gegenteil: sie st\u00f6ren den Betriebsablauf mit unbequemen Fragen. Wieso, weshalb und warum bestimmte Dinge passieren, ob es dazu eventuell einen geschichtlichen Hintergrund und\/oder eine Vorgeschichte gibt und in welchem gr\u00f6\u00dferen Gesamtzusammenhang manche Ereignisse gesehen und bewertet werden sollten \u2013 das alles ist heute keine Frage mehr. Weder in den Massenmedien, in Unternehmen, in der Politik, noch im privaten Alltag. Stattdessen werden uns Fragmente der Realit\u00e4t pr\u00e4sentiert, Bruchst\u00fccke \u2014 die ihrer eigentlichen Bedeutung entzogen und f\u00fcr eigene Interessen instrumentalisiert werden.<!--more--><\/p>\n<p style=\"text-align: justify;\"><strong>Es ist eben so!<br>\n<\/strong>Als ich beispielsweise vor rund drei Jahren <a href=\"https:\/\/www.zeitgeistlos.de\/zgblog\/2010\/bodenlosigkeit\/\">bereits zum dritten Mal<\/a> ein Geschwulst im Hals hatte, dass mir die Luft abdrehte und heraus operiert werden musste, fragte ich den damaligen HNO-Oberarzt beim Abschlussgespr\u00e4ch, woher das kommen und was ich dagegen unternehmen k\u00f6nne, damit ich hier nicht irgendwann ein viertes Mal aufschlagen m\u00fcsse. Der Arzt wischte meine Frage damals einfach zur Seite und meinte nur lapidar, dass wir das dann das n\u00e4chste Mal kl\u00e4ren k\u00f6nnten. Da wurde mir bewusst, dass die Schulmedizin scheinbar \u00fcberhaupt kein Interesse daran hat, chronische Krankheiten endg\u00fcltig zu heilen oder Ursachenforschung zu betreiben. Das best\u00e4tigen mir \u00fcbrigens bis heute auch immer wieder viele Freunde, Bekannte und Familienmitglieder. \u00c4rzte behandeln in aller Regel Symptome und sind prim\u00e4r (zusammen mit den Apotheken) die Dealer der Pharmaindustrie. Wer echte Hintergr\u00fcnde und Ursachen herausfinden will, muss in aller Regel selbst danach suchen, was ich auch getan und seitdem Ruhe im Hals habe.<\/p>\n<blockquote>\n<p style=\"text-align: justify;\"><span class=\"dquo\">\u00bb<\/span>In einem einzigen Smartphone stecken \u00fcber drei\u00dfig Metalle, die in verschiedenen Gegenden dieser Welt abgebaut werden \u2013 zum Teil in einem Umfeld, wo bewaffnete Konflikte herrschen [...] und oft unter Missachtung s\u00e4mtlicher Sozial- und Umweltstandards.\u00ab<\/p>\n<p style=\"text-align: justify;\">Emmanuel Raoul. \u00bbSmart und schmutzig\u00ab. Le Monde Diplomatique. Ausgabe M\u00e4rz 2016. S. 1<\/p>\n<\/blockquote>\n<p style=\"text-align: justify;\">\u00c4hnlich verh\u00e4lt es sich bei der Herstellung und Produktion von Textilien, Lebensmitteln und technischen Ger\u00e4ten. Man hat hier und da mal einen Bericht gesehen, beispielsweise \u00fcber den Fabrikeinsturz 2013 in Bangladesch, bei dem mehr als 1.000 Fabrikarbeiter gestorben sind, die f\u00fcr Hungerl\u00f6hne und unter unmenschlichen Bedingungen Kleidung f\u00fcr den Westen herstellten. Auch \u00fcber Blutdiamanten, schmutzige Schokolade oder \u00fcber Sweat Shops haben wir mal was geh\u00f6rt und\/oder gelesen. Aber wirklich interessieren tut es uns nicht. Man k\u00f6nne ja auch nichts machen, so das Credo. Es wird verdr\u00e4ngt, ignoriert und relativiert. Letztlich sollten die Arbeiter vor Ort doch auch froh sein, \u00fcberhaupt bezahlt zu werden, rechtfertigt man dann seine Ignoranz.<\/p>\n<p style=\"text-align: justify;\"><strong>Was soll man denn machen?<br>\n<\/strong>Man f\u00fchlt sich vom Chef unfair behandelt oder schikaniert. Der Hungerlohn reicht nicht zum Leben. Miete, Strom, Gas, Lebensmittel sowie die Eintritte von kulturellen Veranstaltungen werden immer teurer. Man f\u00fchlt sich hilflos und ausgeliefert. Ohnm\u00e4chtig. Der weit verbreitete Fatalismus f\u00fchrt zum radikalen R\u00fcckzug ins Private. \u00bb<em>Ja und, was soll man dann stattdessen machen?\u00ab<\/em>, ist dann die h\u00e4ufig formulierte Forderung von ohnm\u00e4chtigen Fatalisten. Sie fordern Alternativen und L\u00f6sungen, die sie im Alltag anwenden k\u00f6nnen und von denen sie sich einen Vorteil versprechen. Und genau hier liegt schon das Problem: wer weiter im neoliberalen Denken von Eigennutz, Wettbewerbs\u2011, Konkurrenz\u2011, Konsum- und Leistungsdenken verharren bleibt, wer nur eine Ver\u00e4nderung will, die prim\u00e4r nur <em>seine<\/em> pers\u00f6nliche Situation \u2013ganz im Sinne der Eigenverantwortung- verbessern soll, der bleibt in Wirklichkeit fest am Status Quo kleben.<\/p>\n<p style=\"text-align: justify;\">Selbst wenn konkrete L\u00f6sungen, Alternativen und\/oder Vorschl\u00e4ge geliefert werden \u2013seien es politische oder auch privat\/allt\u00e4gliche- dann wird sofort damit begonnen, diese als \u00bb<em>nicht mach- und umsetzbar\u00ab<\/em> zu zerreden. Ich habe es an vielen Stellen schon einmal betont: ich glaube nicht daran, dass es einen Mangel an Alternativen gibt, wohl aber daran, dass wenig bis gar keine Motivation existiert, diese dann auch umzusetzen. Insofern sollte es nicht prim\u00e4r darum gehen, der vielfach geforderten <em>\u00bbkonstruktiven Kritik\u00ab<\/em> nach zu kommen \u2011damit diese dann im n\u00e4chsten Moment sowieso als v\u00f6llig <em>\u00bbunrealistisch\u00ab<\/em> nieder gemacht wird- sondern es sollte zun\u00e4chst \u00fcberhaupt erst ein Klima f\u00fcr echte Ver\u00e4nderungen erzeugt werden. F\u00fcr die einen mag die Schaffung einer Gegen\u00f6ffentlichkeit, Selbstbeweihr\u00e4ucherung von Filterblasen-Klugschei\u00dfer-Bloggern sein, die in der Echokammer verweilen, f\u00fcr mich ist sie eine zwingende Vorrausetzung, um \u00fcberhaupt erst das Selbstdenken und die Motivation zur Ver\u00e4nderung (wieder) in Bewegung setzen zu k\u00f6nnen.<\/p>\n","protected":false},"excerpt":{"rendered":"<p>Wir leben in einer Welt, in der Freidenker und das eigenst\u00e4ndige Denken \u2013mit Ausnahme von funktioneller Marktintelligenz- weder gefordert, noch nachgefragt werden. Ganz im Gegenteil: sie st\u00f6ren den Betriebsablauf mit unbequemen Fragen. Wieso, weshalb und warum bestimmte Dinge passieren, ob \u2026 <a href=\"https:\/\/www.zeitgeistlos.de\/zgblog\/2016\/ursachen-kontext-hintergrund\/\">Weiterlesen <span class=\"meta-nav\">\u2192<\/span><\/a><\/p>\n","protected":false},"author":4,"featured_media":20433,"comment_status":"open","ping_status":"open","sticky":false,"template":"","format":"standard","meta":{"wp_typography_post_enhancements_disabled":false,"footnotes":""},"categories":[190,4],"tags":[643,588,521,163,1597],"class_list":["post-20430","post","type-post","status-publish","format-standard","has-post-thumbnail","hentry","category-gedanken","category-politik","tag-eigenverantwortung","tag-fatalismus","tag-kritik","tag-resignation","tag-ursachen"],"_links":{"self":[{"href":"https:\/\/www.zeitgeistlos.de\/zgblog\/wp-json\/wp\/v2\/posts\/20430","targetHints":{"allow":["GET"]}}],"collection":[{"href":"https:\/\/www.zeitgeistlos.de\/zgblog\/wp-json\/wp\/v2\/posts"}],"about":[{"href":"https:\/\/www.zeitgeistlos.de\/zgblog\/wp-json\/wp\/v2\/types\/post"}],"author":[{"embeddable":true,"href":"https:\/\/www.zeitgeistlos.de\/zgblog\/wp-json\/wp\/v2\/users\/4"}],"replies":[{"embeddable":true,"href":"https:\/\/www.zeitgeistlos.de\/zgblog\/wp-json\/wp\/v2\/comments?post=20430"}],"version-history":[{"count":10,"href":"https:\/\/www.zeitgeistlos.de\/zgblog\/wp-json\/wp\/v2\/posts\/20430\/revisions"}],"predecessor-version":[{"id":20588,"href":"https:\/\/www.zeitgeistlos.de\/zgblog\/wp-json\/wp\/v2\/posts\/20430\/revisions\/20588"}],"wp:featuredmedia":[{"embeddable":true,"href":"https:\/\/www.zeitgeistlos.de\/zgblog\/wp-json\/wp\/v2\/media\/20433"}],"wp:attachment":[{"href":"https:\/\/www.zeitgeistlos.de\/zgblog\/wp-json\/wp\/v2\/media?parent=20430"}],"wp:term":[{"taxonomy":"category","embeddable":true,"href":"https:\/\/www.zeitgeistlos.de\/zgblog\/wp-json\/wp\/v2\/categories?post=20430"},{"taxonomy":"post_tag","embeddable":true,"href":"https:\/\/www.zeitgeistlos.de\/zgblog\/wp-json\/wp\/v2\/tags?post=20430"}],"curies":[{"name":"wp","href":"https:\/\/api.w.org\/{rel}","templated":true}]}}