{"id":20276,"date":"2016-05-16T07:56:31","date_gmt":"2016-05-16T05:56:31","guid":{"rendered":"http:\/\/www.zeitgeistlos.de\/zgblog\/?p=20276"},"modified":"2016-05-11T16:56:42","modified_gmt":"2016-05-11T14:56:42","slug":"die-schuldfrage","status":"publish","type":"post","link":"https:\/\/www.zeitgeistlos.de\/zgblog\/2016\/die-schuldfrage\/","title":{"rendered":"Die Schuldfrage"},"content":{"rendered":"<p style=\"text-align: justify;\">Wir alle sind schuldig. Laut <a href=\"https:\/\/www.destatis.de\/DE\/ZahlenFakten\/GesellschaftStaat\/EinkommenKonsumLebensbedingungen\/VermoegenSchulden\/Tabellen\/DurchschnittlicheSchuldenPrivaterPersonen.html\">Statistischem Bundesamt<\/a> steht in Deutschland jeder durchschnittlich mit 35.000 Euro in der Kreide. Die Staatsverschuldung ist ein medialer Dauerbrenner. Die Schulden des Einen, sind jedoch die Verm\u00f6gen des Anderen. In jeder zwischenmenschlichen Beziehung basieren fast alle Konflikte und Probleme auf Vorw\u00fcrfen, der Suche nach Fehlern sowie der Frage nach der Schuld. Bei gerichtlichen Auseinandersetzungen geht es stets darum, wer Recht bekommt, und nicht, was gerecht ist. Nach der christlichen Erbs\u00fcnde und dem S\u00fcndenfall von Adam und Eva haben wir uns alle vers\u00fcndigt.<\/p>\n<p style=\"text-align: justify;\">Wer erwerbslos ist und\/oder sein Leben in finanzieller Armut fristet, ist laut dem neoliberalen Dogma der \u00bbEigenverantwortung\u00ab selbst schuld daran. Laut Feministinnen haben M\u00e4nner eine Kollektivschuld. Wer gerne nach unten tritt und Angst vor den wahren Verbrechern hat, macht vermeintlich Schw\u00e4chere f\u00fcr alle Probleme verantwortlich: Migranten, Ausl\u00e4nder und Fl\u00fcchtlinge. Die Menschen in irgendeiner Form von Schuld zu halten oder sie f\u00fcr schuldig zu erkl\u00e4ren, macht sie abh\u00e4ngig, ohnm\u00e4chtig und \u00e4ngstlich. Ein Traum f\u00fcr alle Herrschenden.<\/p>\n<p><iframe src=\"https:\/\/www.youtube.com\/embed\/t7aNO4qxFRg\" width=\"500\" height=\"300\" frameborder=\"0\" allowfullscreen=\"allowfullscreen\"><\/iframe><\/p>\n","protected":false},"excerpt":{"rendered":"<p>Wir alle sind schuldig. Laut Statistischem Bundesamt steht in Deutschland jeder durchschnittlich mit 35.000 Euro in der Kreide. Die Staatsverschuldung ist ein medialer Dauerbrenner. Die Schulden des Einen, sind jedoch die Verm\u00f6gen des Anderen. In jeder zwischenmenschlichen Beziehung basieren fast \u2026 <a href=\"https:\/\/www.zeitgeistlos.de\/zgblog\/2016\/die-schuldfrage\/\">Weiterlesen <span class=\"meta-nav\">\u2192<\/span><\/a><\/p>\n","protected":false},"author":4,"featured_media":16056,"comment_status":"open","ping_status":"open","sticky":false,"template":"","format":"standard","meta":{"wp_typography_post_enhancements_disabled":false,"footnotes":""},"categories":[190],"tags":[643,1469,335,804],"class_list":["post-20276","post","type-post","status-publish","format-standard","has-post-thumbnail","hentry","category-gedanken","tag-eigenverantwortung","tag-schuld","tag-staatsverschuldung","tag-verantwortung"],"_links":{"self":[{"href":"https:\/\/www.zeitgeistlos.de\/zgblog\/wp-json\/wp\/v2\/posts\/20276","targetHints":{"allow":["GET"]}}],"collection":[{"href":"https:\/\/www.zeitgeistlos.de\/zgblog\/wp-json\/wp\/v2\/posts"}],"about":[{"href":"https:\/\/www.zeitgeistlos.de\/zgblog\/wp-json\/wp\/v2\/types\/post"}],"author":[{"embeddable":true,"href":"https:\/\/www.zeitgeistlos.de\/zgblog\/wp-json\/wp\/v2\/users\/4"}],"replies":[{"embeddable":true,"href":"https:\/\/www.zeitgeistlos.de\/zgblog\/wp-json\/wp\/v2\/comments?post=20276"}],"version-history":[{"count":3,"href":"https:\/\/www.zeitgeistlos.de\/zgblog\/wp-json\/wp\/v2\/posts\/20276\/revisions"}],"predecessor-version":[{"id":20286,"href":"https:\/\/www.zeitgeistlos.de\/zgblog\/wp-json\/wp\/v2\/posts\/20276\/revisions\/20286"}],"wp:featuredmedia":[{"embeddable":true,"href":"https:\/\/www.zeitgeistlos.de\/zgblog\/wp-json\/wp\/v2\/media\/16056"}],"wp:attachment":[{"href":"https:\/\/www.zeitgeistlos.de\/zgblog\/wp-json\/wp\/v2\/media?parent=20276"}],"wp:term":[{"taxonomy":"category","embeddable":true,"href":"https:\/\/www.zeitgeistlos.de\/zgblog\/wp-json\/wp\/v2\/categories?post=20276"},{"taxonomy":"post_tag","embeddable":true,"href":"https:\/\/www.zeitgeistlos.de\/zgblog\/wp-json\/wp\/v2\/tags?post=20276"}],"curies":[{"name":"wp","href":"https:\/\/api.w.org\/{rel}","templated":true}]}}