{"id":20259,"date":"2016-04-29T08:11:30","date_gmt":"2016-04-29T06:11:30","guid":{"rendered":"http:\/\/www.zeitgeistlos.de\/zgblog\/?p=20259"},"modified":"2016-04-28T09:58:49","modified_gmt":"2016-04-28T07:58:49","slug":"mir-doch-egal-2","status":"publish","type":"post","link":"https:\/\/www.zeitgeistlos.de\/zgblog\/2016\/mir-doch-egal-2\/","title":{"rendered":"<span class=\"dquo\">\u00bb<\/span>Mir doch egal!\u00ab"},"content":{"rendered":"<div id=\"attachment_20261\" style=\"width: 1010px\" class=\"wp-caption aligncenter\"><img decoding=\"async\" aria-describedby=\"caption-attachment-20261\" class=\"wp-image-20261 size-full\" src=\"https:\/\/www.zeitgeistlos.de\/zgblog\/wp-content\/uploads\/egal_titel.jpg\" alt=\"egal_titel\" width=\"1000\" height=\"479\" srcset=\"https:\/\/www.zeitgeistlos.de\/zgblog\/wp-content\/uploads\/egal_titel.jpg 1000w, https:\/\/www.zeitgeistlos.de\/zgblog\/wp-content\/uploads\/egal_titel-150x72.jpg 150w, https:\/\/www.zeitgeistlos.de\/zgblog\/wp-content\/uploads\/egal_titel-450x216.jpg 450w, https:\/\/www.zeitgeistlos.de\/zgblog\/wp-content\/uploads\/egal_titel-768x368.jpg 768w, https:\/\/www.zeitgeistlos.de\/zgblog\/wp-content\/uploads\/egal_titel-500x240.jpg 500w\" sizes=\"(max-width: 1000px) 100vw, 1000px\"><p id=\"caption-attachment-20261\" class=\"wp-caption-text\">\u00a9 epikur<\/p><\/div>\n<p style=\"text-align: justify;\">Ab sofort ist mir alles egal. Sollen die Finanzindustrie, global-agierende Konzerne und die korrupte Politik, die Welt ausbeuten und zerst\u00f6ren. Sollen doch Milliard\u00e4re, Bankster und kriminelle Institutionen ihren Reibach machen. Warum sollte ich mir auch Gedanken \u00fcber etwas machen, was ich eh nicht \u00e4ndern kann? Warum sollte ich \u00fcberhaupt etwas \u00e4ndern wollen? Mir geht es doch gut. Naja meistens. Manchmal \u00fcberkommt mich so ein Gef\u00fchl der Einsamkeit, der inneren Leere oder Traurigkeit. Aber dann schalte ich den Fernseher an, h\u00f6re ein wenig Musik, gucke in WhatsApp nach, wem ich jetzt so schreiben k\u00f6nnte (oder ob mir jemand geschrieben hat. Hihi.) und schaue mir auf Facebook ein paar lustige (Katzen-)Videos an \u2013 und schon geht es mir wieder besser.<!--more--><\/p>\n<p style=\"text-align: justify;\"><strong>Was interessiert mich das Leid anderer?<br>\n<\/strong>Hauptsache mein Arsch ist im Warmen und mir, meinen Kindern und meiner Familie geht es gut! Soll der Rest der Welt doch verbrennen, verhungern oder verelenden. Das w\u00fcrde ich so nat\u00fcrlich nie laut sagen. Ich bin ja ein Guter! Aber was k\u00fcmmern mich andere Menschen? Ich l\u00fcmmel hier gem\u00fctlich auf meiner Couch, schaue mir lustige Videos auf Facebook an, daddel manchmal auf meinem coolen ipad oder auf meinem smartphone und lache mich \u00fcber die Kandidaten bei DSDS, dem Dschungelcamp oder bei Big Brother kaputt. So macht das Leben Spa\u00df! Ich will gar keine sozial gerechtere und menschlichere Welt, sondern lediglich ein besseres Leben f\u00fcr mich. Und nur f\u00fcr mich. Warum sollte ich etwas dabei empfinden, wenn ein Obdachloser im Winter erfriert? Die sind doch eh alle selbst schuld an ihrer Situation! Gibt doch Hartz.<\/p>\n<p style=\"text-align: justify;\">Ich will es doch nur gem\u00fctlich haben. Viel Geld besitzen oder monatlich gut verdienen. Und ein paar weitere Dinge mein Eigen nennen d\u00fcrfen: Auto. Haus. Garten. Familie. Ipad. Smartphone. Kinder. Einen gro\u00dfen Plasma-Bildschirm. Mindestens Zweimal im Jahr in den Urlaub fahren k\u00f6nnen. Viele Facebook Likes f\u00fcr mein Profilbild kassieren und eine super bequeme Couch haben. Mehr will ich doch gar nicht. Ist das etwa Zuviel verlangt? Parteien, Politiker, sozial und politisch engagierte Menschen, Klugschei\u00dfer, Weltverbesserer, Gutmenschen, Alternative, Sozialisten, Antikapitalisten und Querulanten k\u00f6nnen mir alle gestohlen bleiben! Was machen die denn schon, au\u00dfer meckern? Au\u00dferdem wollen sie mir alle sagen, wie ich mein Leben f\u00fchren soll. Dabei entscheide ich das. Ganz allein. Und <a href=\"https:\/\/www.zeitgeistlos.de\/zgblog\/2013\/massenindividualitaet\/\">individuell<\/a>.<\/p>\n<p style=\"text-align: justify;\"><strong>Dar\u00fcber will ich nicht reden!<br>\n<\/strong>Ja gut, ich rede nicht gerne \u00fcber politische, medien- oder gesellschaftskritische Themen. Eigentlich interessiert mich alles, was mich und mein Leben nicht direkt betrifft, \u00fcberhaupt nicht. Null. Nada. Gar nicht. Au\u00dfer es berichten alle Massenmedien \u00fcber ein Thema. Wie bei dem B\u00f6hmermann oder bei den Fl\u00fcchtlingen. Aber ich bin ja kein Unmensch. Wenn in Indien fast 300.000 Bauern Selbstmord begehen, weil Monsanto den Agrarweltmarkt kontrolliert, wenn weltweit 60 Millionen Menschen auf der Flucht sind, wenn \u00fcberall auf der Welt Menschen brutal gefoltert oder get\u00f6tet werden oder wenn rund 800 Millionen Menschen auf der Welt an Hunger leiden \u2013 ja dann, habe ich schon Mitleid. So ein bisschen. Also gar nicht. Wenn ich aber auf Facebook ein Bild sehe, wie Menschen Tiere qu\u00e4len oder wie sie ihre Haustiere behandeln, da k\u00f6nnte ich ausflippen. Aber so richtig! Denn das geht mal \u00fcberhaupt nicht!<\/p>\n<p style=\"text-align: justify;\">Letztlich sind diese ganzen Gutmenschen doch nur neidisch auf die Reichen. Denn dass bin ich, ehrlich gesagt auch. Aber im Gegensatz zu den linken Spinnern g\u00f6nne ich ihnen das auch. Sie haben es sich verdient. Hart gearbeitet. Viel geleistet. Und das linke Schmarotzerpack ist faul, verachtet Arbeit und Eigentum. Wenn ich an der Spitze w\u00e4r, also beispielsweise so ein Manager, dann w\u00fcrde ich mir auch ein paar Bonis g\u00f6nnen. Und das nicht zu knapp. Hehe.<\/p>\n<p style=\"text-align: justify;\">P:S: Das Wort \u00bb<em>Ich\u00ab <\/em>taucht in dem Text mehr als 20 mal auf.<\/p>\n","protected":false},"excerpt":{"rendered":"<p>Ab sofort ist mir alles egal. Sollen die Finanzindustrie, global-agierende Konzerne und die korrupte Politik, die Welt ausbeuten und zerst\u00f6ren. Sollen doch Milliard\u00e4re, Bankster und kriminelle Institutionen ihren Reibach machen. Warum sollte ich mir auch Gedanken \u00fcber etwas machen, was \u2026 <a href=\"https:\/\/www.zeitgeistlos.de\/zgblog\/2016\/mir-doch-egal-2\/\">Weiterlesen <span class=\"meta-nav\">\u2192<\/span><\/a><\/p>\n","protected":false},"author":4,"featured_media":20262,"comment_status":"open","ping_status":"open","sticky":false,"template":"","format":"standard","meta":{"wp_typography_post_enhancements_disabled":false,"footnotes":""},"categories":[203],"tags":[127,588,1166,936,163,1645,1408],"class_list":["post-20259","post","type-post","status-publish","format-standard","has-post-thumbnail","hentry","category-satire","tag-egoismus","tag-fatalismus","tag-haben","tag-neid","tag-resignation","tag-satire","tag-sozialresistente-schichten"],"_links":{"self":[{"href":"https:\/\/www.zeitgeistlos.de\/zgblog\/wp-json\/wp\/v2\/posts\/20259","targetHints":{"allow":["GET"]}}],"collection":[{"href":"https:\/\/www.zeitgeistlos.de\/zgblog\/wp-json\/wp\/v2\/posts"}],"about":[{"href":"https:\/\/www.zeitgeistlos.de\/zgblog\/wp-json\/wp\/v2\/types\/post"}],"author":[{"embeddable":true,"href":"https:\/\/www.zeitgeistlos.de\/zgblog\/wp-json\/wp\/v2\/users\/4"}],"replies":[{"embeddable":true,"href":"https:\/\/www.zeitgeistlos.de\/zgblog\/wp-json\/wp\/v2\/comments?post=20259"}],"version-history":[{"count":5,"href":"https:\/\/www.zeitgeistlos.de\/zgblog\/wp-json\/wp\/v2\/posts\/20259\/revisions"}],"predecessor-version":[{"id":20274,"href":"https:\/\/www.zeitgeistlos.de\/zgblog\/wp-json\/wp\/v2\/posts\/20259\/revisions\/20274"}],"wp:featuredmedia":[{"embeddable":true,"href":"https:\/\/www.zeitgeistlos.de\/zgblog\/wp-json\/wp\/v2\/media\/20262"}],"wp:attachment":[{"href":"https:\/\/www.zeitgeistlos.de\/zgblog\/wp-json\/wp\/v2\/media?parent=20259"}],"wp:term":[{"taxonomy":"category","embeddable":true,"href":"https:\/\/www.zeitgeistlos.de\/zgblog\/wp-json\/wp\/v2\/categories?post=20259"},{"taxonomy":"post_tag","embeddable":true,"href":"https:\/\/www.zeitgeistlos.de\/zgblog\/wp-json\/wp\/v2\/tags?post=20259"}],"curies":[{"name":"wp","href":"https:\/\/api.w.org\/{rel}","templated":true}]}}