{"id":19382,"date":"2015-12-04T07:07:58","date_gmt":"2015-12-04T06:07:58","guid":{"rendered":"http:\/\/www.zeitgeistlos.de\/zgblog\/?p=19382"},"modified":"2015-12-03T22:15:18","modified_gmt":"2015-12-03T21:15:18","slug":"presseblick-47","status":"publish","type":"post","link":"https:\/\/www.zeitgeistlos.de\/zgblog\/2015\/presseblick-47\/","title":{"rendered":"Presseblick (47)"},"content":{"rendered":"<p style=\"text-align: justify;\">Der Unmut in Europa w\u00e4chst. In Griechenland gab es am <a title=\"FR\" href=\"http:\/\/www.fr-online.de\/schuldenkrise\/streik-in-griechenland-strassenschlachten-in-athen,1471908,32398066.html\" target=\"_blank\">12. November<\/a> sowie am <a title=\"Junge Welt\" href=\"http:\/\/www.jungewelt.de\/2015\/12-04\/001.php\" target=\"_blank\">3. Dezember<\/a> einen Generalstreik,&nbsp; der den \u00f6ffentlichen Verkehr sowie staatliche Einrichtungen komplett lahmgelegt hat. Dar\u00fcber haben freilich nur wenige Lei(d)medien berichtet. Grund: der K\u00fcrzungszwang der Troika (euphemistisch: \u00bbSparkurs\u00ab oder \u00bbAusterit\u00e4tspolitik\u00ab). In <a title=\"taz.de\" href=\"http:\/\/www.taz.de\/Nach-Ruecktritt-der-Regierung-in-Portugal\/!5247912\/\" target=\"_blank\">Portugal erstarkt ein Linksb\u00fcndnis<\/a> aus Sozialisten, Kommunisten und Gr\u00fcnen, welche die Troika-Politik strikt ablehnen, Reiche besteuern und die L\u00f6hne anheben wollen. Und in Spanien genie\u00dft die linke Podemos-Bewegung eine zunehmende Popularit\u00e4t. Fest steht, dass die meisten Menschen vom menschenverachtenden Neoliberalismus die Nase gestrichen voll haben. Und nun kommt der Terrorismus und \u00fcber Nacht werden die B\u00fcrgerrechte geschliffen, die Bundeswehr wird bald im Innern sowie in Syrien eingesetzt, <a title=\"taz.de\" href=\"http:\/\/www.taz.de\/Nach-den-Terroranschlaegen-in-Paris\/!5248536\/\" target=\"_blank\">Durchsuchungen ohne Gerichtsbeschluss finden statt<\/a>, die \u00dcberwachung wird ausgeweitet, das Grundgesetz umgangen. Der feuchte Traum der Konservativen wird wahr.<\/p>\n<p style=\"text-align: justify;\"><!--more--><\/p>\n<p style=\"text-align: justify;\"><strong>Politik<br>\n<\/strong>Und w\u00e4hrend die verfassungswidrige Vorratsdatenspeicherung wieder einmal durch den Bundestag gejagt wurde, wird schon die n\u00e4chste \u00dcberwachung geplant: <a href=\"http:\/\/deutsche-wirtschafts-nachrichten.de\/2015\/11\/08\/stasi-2-0-merkel-plant-eigene-behoerde-fuer-internet-ueberwachung\/\" target=\"_blank\"><em>\u00bbMerkel plant eigene Beh\u00f6rde f\u00fcr Internet-\u00dcberwachung.\u00ab<\/em><\/a> Bis zu hundert Kryptologen und Netzwerkexperten sollen demnach Messenger-Dienste und andere verschl\u00fcsselte Kommunikationsformen knacken und \u00fcberwachen helfen. Aber da der gemeine Deutsche nach eigenem Bekunden ja <em>\u00bbnichts zu verbergen\u00ab<\/em> h\u00e4tte, braucht ihn das ja nicht zu k\u00fcmmern. <strong><br>\n<\/strong><\/p>\n<div id=\"attachment_19427\" style=\"width: 895px\" class=\"wp-caption aligncenter\"><a href=\"http:\/\/www.spiegel.de\/gesundheit\/diagnose\/guenther-jauch-guido-westerwelle-spricht-ueber-seine-krebs-erkrankung-a-1061579.html\" target=\"_blank\"><img decoding=\"async\" aria-describedby=\"caption-attachment-19427\" class=\"wp-image-19427 size-full\" src=\"https:\/\/www.zeitgeistlos.de\/zgblog\/wp-content\/uploads\/westerwelle1.jpg\" alt=\"Wir sollen jetzt Empathie mit einem Mann entwickeln, der Menschen in Armut verachtet? Und auch noch sein Buch kaufen?- Spiegel Online vom 9.11.2015 \" width=\"885\" height=\"532\" srcset=\"https:\/\/www.zeitgeistlos.de\/zgblog\/wp-content\/uploads\/westerwelle1.jpg 885w, https:\/\/www.zeitgeistlos.de\/zgblog\/wp-content\/uploads\/westerwelle1-150x90.jpg 150w, https:\/\/www.zeitgeistlos.de\/zgblog\/wp-content\/uploads\/westerwelle1-450x271.jpg 450w, https:\/\/www.zeitgeistlos.de\/zgblog\/wp-content\/uploads\/westerwelle1-500x300.jpg 500w\" sizes=\"(max-width: 885px) 100vw, 885px\"><\/a><p id=\"caption-attachment-19427\" class=\"wp-caption-text\">Wir sollen jetzt Empathie mit einem Mann entwickeln, der Menschen in Armut verachtet? Und auch noch sein Buch kaufen?- Spiegel Online vom 9.11.2015<\/p><\/div>\n<p style=\"text-align: justify;\">Zum Tod von Helmut Schmidt ein passendes Zitat aus der <a href=\"http:\/\/jungle-world.com\/artikel\/2008\/51\/32330.html\" target=\"_blank\">Jungle World<\/a>:<\/p>\n<blockquote>\n<p style=\"text-align: justify;\"><span class=\"dquo\">\u00bb<\/span>Seitdem ist die Rechtsentwicklung so weit vorangeschritten, dass die Politiker der Epoche Schmidts als leuchtende Vorbilder der Rebellion erscheinen. Gerhard Baum ist ein radikaler B\u00fcrger\u00adrechtler, Heiner Gei\u00dfler wirkt wie ein autonomer Hitzkopf, und Schmidt zeigt, dass man sich vom Schweinesystem nicht alles bieten lassen muss.\u00ab<\/p>\n<\/blockquote>\n<p style=\"text-align: justify;\">Das erkl\u00e4rt wohl auch, warum viele linke Blogger Schmidt f\u00fcr einen gro\u00dfartigen Elder Statesman halten, dabei, so schreibt Roberto J. De Lapuente treffend, war er der <a title=\"ad sinistram\" href=\"http:\/\/ad-sinistram.blogspot.de\/2015\/11\/urvater-der-agenda-2010.html\" target=\"_blank\"><em>\u00bbUrvater der Agenda 2010.\u00ab<\/em><\/a><\/p>\n<p style=\"text-align: justify;\"><strong>Arbeitsmarkt<\/strong><br>\nDie beliebte Biomarke <a title=\"Junge Welt\" href=\"http:\/\/www.jungewelt.de\/2015\/11-03\/027.php\" target=\"_blank\"><em>\u00bbAlnatura von DM macht auf \u00f6ko, fair und sozial, will aber im eigenen Laden keine Betriebsr\u00e4te.\u00ab<\/em><\/a> Das h\u00f6ren die Bio-\u00d6ko-Vegan-Anh\u00e4nger nat\u00fcrlich nicht gern. Denn das konterkariert ja die eigene elit\u00e4re Konsumhaltung. Nach dieser m\u00fcsse man nur Bio, \u00d6ko und Fair Trade einkaufen und schon werde sich die Welt zum Guten und Besseren \u00e4ndern. Pustekuchen! Hier habt Ihr ein prominentes Beispiel daf\u00fcr, dass es bei Bio eben auch nur um den knallharten Profit geht. Aber nach g\u00e4ngiger Regel von kognitiven Dissonanzen wird das eben ignoriert oder als \u00bbEinzelfall\u00ab abgetan. So ist das eben mit Glaubens- und Weltbildern.<\/p>\n<p style=\"text-align: justify;\">Die Industrielobby arbeitet weiter daran, den Mindestlohn auszuhebeln. Daf\u00fcr werden dann gerne die Fl\u00fcchtlinge benutzt: <a title=\"Spiegel Online\" href=\"http:\/\/www.spiegel.de\/wirtschaft\/soziales\/dihk-will-fluechtlinge-beim-mindestlohn-wie-langzeitarbeitslose-behandeln-a-1064251.html\" target=\"_blank\"><em>\u00bbFl\u00fcchtlinge m\u00fcssten behandelt werden wie Langzeitarbeitslose, bei denen der Mindestlohn f\u00fcr eine gewisse Zeit nicht gelte.\u00ab<\/em><\/a> Gerade so, als gebe es unter den Fl\u00fcchtlingen nur ungebildete und ungelernte \u00bb<em>Sozialschmarotzer\u00ab<\/em> und keine Akademiker.<\/p>\n<p style=\"text-align: justify;\"><strong>Technik<\/strong><br>\nApple-Chef Tim Cook erkl\u00e4t PCs f\u00fcr \u00fcberfl\u00fcssig: <a title=\"gamestar.de\" href=\"http:\/\/www.gamestar.de\/hardware\/news\/pcs\/3239159\/das_ende_des_pcs.html\" target=\"_blank\"><em>\u00bbIch glaube, wenn man sich einen PC ansieht, warum sollte man noch einen kaufen wollen? Nein, wirklich, warum sollte man einen kaufen?\u00ab<\/em><\/a> Verst\u00e4ndlich, dass der Konkurrenz-PC f\u00fcr viele smartphone\u2011, Tablet- und Konsolen-Vertreiber ein \u00c4rgernis ist. Im Vergleich zu den Konsolen, zu smartphones und Tablets, besitzt der PC eine eher offene Arbeitsumgebung, l\u00e4sst alternative Betriebssysteme zu (Linux, Ubuntu etc.), man kann Spiele modden und die Auswahl an Tools und Programmen aller Art ist fast endlos. Der PC l\u00e4sst sich viel besser individualisieren und anpassen, als es eher geschlossene Systeme wie iOS oder Android jemals zulassen w\u00fcrden. Insofern ist auch der Einfluss, die M\u00f6glichkeit zur \u00dcberwachung und die Kontrolle \u00fcber den Endbenutzer deutlich geringer. Ich vermute, auch das st\u00f6rt Herrn Cook.<\/p>\n<p><strong>Militarismus<\/strong><\/p>\n<div id=\"attachment_19425\" style=\"width: 746px\" class=\"wp-caption aligncenter\"><a href=\"http:\/\/www.jungewelt.de\/2015\/11-09\/002.php\" target=\"_blank\"><img decoding=\"async\" aria-describedby=\"caption-attachment-19425\" class=\"wp-image-19425 size-full\" src=\"https:\/\/www.zeitgeistlos.de\/zgblog\/wp-content\/uploads\/bundi_uschi.jpg\" alt=\"Junge Welt vom 9.11.2015\" width=\"736\" height=\"774\" srcset=\"https:\/\/www.zeitgeistlos.de\/zgblog\/wp-content\/uploads\/bundi_uschi.jpg 736w, https:\/\/www.zeitgeistlos.de\/zgblog\/wp-content\/uploads\/bundi_uschi-143x150.jpg 143w, https:\/\/www.zeitgeistlos.de\/zgblog\/wp-content\/uploads\/bundi_uschi-380x400.jpg 380w, https:\/\/www.zeitgeistlos.de\/zgblog\/wp-content\/uploads\/bundi_uschi-285x300.jpg 285w\" sizes=\"(max-width: 736px) 100vw, 736px\"><\/a><p id=\"caption-attachment-19425\" class=\"wp-caption-text\">Junge Welt vom 9.11.2015<\/p><\/div>\n<p style=\"text-align: justify;\"><strong>Wirtschaft<br>\n<\/strong>Die Marktverdichtung und die Monopolisierung schreiten in gro\u00dfen Z\u00fcgen weiter voran. F\u00fcnf Lebensmittelketten beherrschen den Markt in Deutschland (die Edeka\u2011, Rewe\u2011, Schwarz- und Metro-Gruppe sowie Aldi). Gleichzeitig haben sich vier gro\u00dfe Stromkonzerne die Bundesl\u00e4nder aufgeteilt (RWE, E.ON, Vattenfall und EnBW). Es ist bigott, so zu tun, als g\u00e4be es nur in Russland Oligarchen. Die gibt es auch l\u00e4ngst in den USA und Europa. Hierzu schreibt <a href=\"http:\/\/www.wsws.org\/de\/articles\/2015\/10\/31\/pers-o31.html\" target=\"_blank\">wsws.org<\/a> am 31. Oktober:<\/p>\n<blockquote>\n<p style=\"text-align: justify;\"><span class=\"dquo\">\u00bb<\/span>Presseberichten vom Donnerstag zufolge stehen die Pharmakonzerne Allergan und Phizer kurz vor Abschluss eines Zusammenschlusses. Dadurch w\u00fcrde der gr\u00f6\u00dfte Pharmagigant der Welt mit einem Marktwert von 330 Milliarden Dollar entstehen. Der Konzern w\u00fcrde sich in Irland registrieren lassen und praktisch keine Einkommensteuer entrichten.\u00ab<\/p>\n<\/blockquote>\n<p style=\"text-align: justify;\">In den b\u00fcrgerlichen Medien wurde \u00fcbrigens v\u00f6llig verschwiegen, dass <a href=\"http:\/\/www.trueactivist.com\/pepsi-admits-that-its-aquafina-bottled-water-is-just-tap-water-coca-colas-dasani-is-next\/\" target=\"_blank\">Pepsi in ihren \u00bbAquafina Bottled Water\u00ab nur Leitungswasser<\/a> abgef\u00fcllt hat. Diesen Massenbetrug haben sie selbstverst\u00e4ndlich nicht einfach zugegeben, sondern ist nur mithilfe von trueacivist.com an die \u00d6ffentlichkeit gelangt. :bier:<\/p>\n<p style=\"text-align: justify;\"><strong>Banken<\/strong><br>\n\u00dcber die Skandale der Deutschen Bank kann man eigentlich fast t\u00e4glich was schreiben. Und das ist nur das, was an die \u00d6ffentlichkeit kommt. Die kriminellen Methoden dieses Finanzinstituts unterscheiden sich nicht gro\u00df von einer beliebigen Mafia. Ich bef\u00fcrchte, man ist eher schneller gegen die Skandale <em>immunisiert<\/em>, als einem lieb ist.&nbsp; Heute: <a title=\"Handelsblatt\" href=\"http:\/\/www.handelsblatt.com\/unternehmen\/banken-versicherungen\/verstoss-gegen-us-sanktionen-deutsche-bank-zahlt-258-millionen-dollar\/12545198.html\" target=\"_blank\"><em>\u00bbDeutsche Bank zahlt 258 Millionen Dollar Strafe. Diesmal geht es um verbotene Gesch\u00e4fte mit Syrien und Iran.\u00ab<\/em><\/a><\/p>\n<p style=\"text-align: justify;\"><strong>Medien<br>\n<\/strong>Br\u00fcller und Realsatire des Tages: <a title=\"Spiegel Online\" href=\"http:\/\/www.spiegel.de\/politik\/ausland\/russland-europaeische-union-tritt-gegen-putins-propaganda-an-a-1060182.html\" target=\"_blank\"><em>\u00bbGeld f\u00fcr Medien: Europa tritt gegen Putins Propaganda an.\u00ab<\/em><\/a> Das titelt Spiegel Online.&nbsp; :kicher:<\/p>\n<p style=\"text-align: justify;\">Wollt Ihr noch einen? Im Artikel <em>\u00bbWashington: Putin-Berater tot in Hotelzimmer gefunden\u00ab<\/em> auf Spiegel Online bemerkt der Autor \u00bbala\u00ab \u00fcber den Sender Russia Today: <a title=\"Spiegel Online\" href=\"http:\/\/www.spiegel.de\/politik\/ausland\/washington-putins-berater-lessin-tot-in-hotelzimmer-gefunden-a-1061657.html\" target=\"_blank\"><em>\u00bbRT steht immer wieder im Fokus der Kritik, weil er als Sprachrohr der Regierung gilt und sehr einseitig etwa \u00fcber die Konflikte in Syrien und der Ukraine berichtet.\u00ab<\/em><\/a> Jeder wei\u00df, dass der Sender vom Kreml finanziert wird. Das ist v\u00f6llig transparent. Aber das der Spiegel von Transatlantikern und Atlantikbr\u00fccke-Journalisten unterwandert ist, und demzufolge genauso einseitig \u2011n\u00e4mlich US-freundlich berichtet- wird jedoch vehement bestritten.<\/p>\n<div id=\"attachment_19459\" style=\"width: 876px\" class=\"wp-caption aligncenter\"><a href=\"https:\/\/deutsch.rt.com\/meinung\/35491-fabelhaft-freie-welt-deutschen-leitmedienjournalismus\/\" target=\"_blank\"><img decoding=\"async\" aria-describedby=\"caption-attachment-19459\" class=\"wp-image-19459 size-full\" src=\"https:\/\/www.zeitgeistlos.de\/zgblog\/wp-content\/uploads\/rt_putin.jpg\" alt=\"RT Deutsch vom 7.11.2015\" width=\"866\" height=\"853\" srcset=\"https:\/\/www.zeitgeistlos.de\/zgblog\/wp-content\/uploads\/rt_putin.jpg 866w, https:\/\/www.zeitgeistlos.de\/zgblog\/wp-content\/uploads\/rt_putin-150x148.jpg 150w, https:\/\/www.zeitgeistlos.de\/zgblog\/wp-content\/uploads\/rt_putin-406x400.jpg 406w, https:\/\/www.zeitgeistlos.de\/zgblog\/wp-content\/uploads\/rt_putin-305x300.jpg 305w\" sizes=\"(max-width: 866px) 100vw, 866px\"><\/a><p id=\"caption-attachment-19459\" class=\"wp-caption-text\">RT Deutsch vom 7.11.2015<\/p><\/div>\n<p style=\"text-align: justify;\"><strong>Lobbyismus<\/strong><br>\nErst nach einem Beschluss des Oberverwaltungsgerichts Berlin-Brandenburg haben CDU und CSU ihre Lobbykontakte im Bundestag offengelegt. Zuerst hatten sie sich vehement gegen Transparenz gewehrt. Unter den <a title=\"abgeordnetenwatch.de\" href=\"https:\/\/www.abgeordnetenwatch.de\/blog\/lobbyliste\" target=\"_blank\">Lobbyisten von CDU\/CSU mit Hausausweisen<\/a> befinden sich unter anderem Vertreter der Frackingindustrie (ExxonMobil, Wintershall Holding), der katholischen Kirche, der R\u00fcstungslobby (EADS Deutschland, Krauss-Maffei Wegmann, Lockheed Martin Corporation, Rheinmetall, ThyssenKrupp AG etc.) sowie nat\u00fcrlich der Bertelsmann- und der Axel-Springer Verlag.<\/p>\n","protected":false},"excerpt":{"rendered":"<p>Der Unmut in Europa w\u00e4chst. In Griechenland gab es am 12. November sowie am 3. Dezember einen Generalstreik,&nbsp; der den \u00f6ffentlichen Verkehr sowie staatliche Einrichtungen komplett lahmgelegt hat. Dar\u00fcber haben freilich nur wenige Lei(d)medien berichtet. Grund: der K\u00fcrzungszwang der Troika \u2026 <a href=\"https:\/\/www.zeitgeistlos.de\/zgblog\/2015\/presseblick-47\/\">Weiterlesen <span class=\"meta-nav\">\u2192<\/span><\/a><\/p>\n","protected":false},"author":4,"featured_media":16056,"comment_status":"open","ping_status":"open","sticky":false,"template":"","format":"standard","meta":{"wp_typography_post_enhancements_disabled":false,"footnotes":""},"categories":[5],"tags":[1618,199,979,334,400,1617,106,1036,84,1286,1016,176,1535,582,681],"class_list":["post-19382","post","type-post","status-publish","format-standard","has-post-thumbnail","hentry","category-medien","tag-arbeitsbedingungen","tag-armut","tag-bio","tag-deutsche-bank","tag-gesundheit","tag-helmut-schmidt","tag-lobbyismus","tag-markt","tag-mindestlohn","tag-smartphone","tag-streik","tag-terrorismus","tag-troika","tag-westerwelle","tag-uberwachung"],"_links":{"self":[{"href":"https:\/\/www.zeitgeistlos.de\/zgblog\/wp-json\/wp\/v2\/posts\/19382","targetHints":{"allow":["GET"]}}],"collection":[{"href":"https:\/\/www.zeitgeistlos.de\/zgblog\/wp-json\/wp\/v2\/posts"}],"about":[{"href":"https:\/\/www.zeitgeistlos.de\/zgblog\/wp-json\/wp\/v2\/types\/post"}],"author":[{"embeddable":true,"href":"https:\/\/www.zeitgeistlos.de\/zgblog\/wp-json\/wp\/v2\/users\/4"}],"replies":[{"embeddable":true,"href":"https:\/\/www.zeitgeistlos.de\/zgblog\/wp-json\/wp\/v2\/comments?post=19382"}],"version-history":[{"count":37,"href":"https:\/\/www.zeitgeistlos.de\/zgblog\/wp-json\/wp\/v2\/posts\/19382\/revisions"}],"predecessor-version":[{"id":19577,"href":"https:\/\/www.zeitgeistlos.de\/zgblog\/wp-json\/wp\/v2\/posts\/19382\/revisions\/19577"}],"wp:featuredmedia":[{"embeddable":true,"href":"https:\/\/www.zeitgeistlos.de\/zgblog\/wp-json\/wp\/v2\/media\/16056"}],"wp:attachment":[{"href":"https:\/\/www.zeitgeistlos.de\/zgblog\/wp-json\/wp\/v2\/media?parent=19382"}],"wp:term":[{"taxonomy":"category","embeddable":true,"href":"https:\/\/www.zeitgeistlos.de\/zgblog\/wp-json\/wp\/v2\/categories?post=19382"},{"taxonomy":"post_tag","embeddable":true,"href":"https:\/\/www.zeitgeistlos.de\/zgblog\/wp-json\/wp\/v2\/tags?post=19382"}],"curies":[{"name":"wp","href":"https:\/\/api.w.org\/{rel}","templated":true}]}}