{"id":19074,"date":"2015-09-18T06:48:09","date_gmt":"2015-09-18T04:48:09","guid":{"rendered":"http:\/\/www.zeitgeistlos.de\/zgblog\/?p=19074"},"modified":"2015-09-18T08:27:26","modified_gmt":"2015-09-18T06:27:26","slug":"stille-selbstverfremdung","status":"publish","type":"post","link":"https:\/\/www.zeitgeistlos.de\/zgblog\/2015\/stille-selbstverfremdung\/","title":{"rendered":"Stille Selbstverfremdung"},"content":{"rendered":"<p style=\"text-align: justify;\"><img decoding=\"async\" class=\"aligncenter wp-image-19096 size-medium\" src=\"https:\/\/www.zeitgeistlos.de\/zgblog\/wp-content\/uploads\/me_f-410x400.jpg\" alt=\"me_f\" width=\"410\" height=\"400\" srcset=\"https:\/\/www.zeitgeistlos.de\/zgblog\/wp-content\/uploads\/me_f-410x400.jpg 410w, https:\/\/www.zeitgeistlos.de\/zgblog\/wp-content\/uploads\/me_f-150x146.jpg 150w, https:\/\/www.zeitgeistlos.de\/zgblog\/wp-content\/uploads\/me_f-308x300.jpg 308w, https:\/\/www.zeitgeistlos.de\/zgblog\/wp-content\/uploads\/me_f.jpg 800w\" sizes=\"(max-width: 410px) 100vw, 410px\">Es ist schon ein wenig pseudoelit\u00e4r und selbstreferentiell, wenn man behauptet \u00bbfremd\u00ab zu sein. So als wollte man sich unbedingt von anderen Menschen abgrenzen, etwas \u00bbbesonderes\u00ab sein, so ganz individuell und anders als alle anderen. Heute behaupten viele, sie seien \u00bbverr\u00fcckt\u00ab, also kreativ, witzig, einzigartig. Dabei machen alle das Gleiche, besitzen das Gleiche und denken das Gleiche. <a href=\"https:\/\/www.zeitgeistlos.de\/zgblog\/2013\/massenindividualitaet\/\">Massenindividualit\u00e4t<\/a> nenne ich das. Brave und vorauseilende Shopping-Konsumenten f\u00fcr das Zielgruppen-Marketing von PR-Soldaten. Dennoch ist es heute gleichzeitig sehr einfach und sehr schwer, unangepasst zu sein. Wer konventionelle Normen, Werte und die neoliberale Ideologie immer und immer wieder in Frage stellt, gilt als Querulant. Als Fremder unter Selbstentfremdeten.<!--more--><\/p>\n<p style=\"text-align: justify;\">Es gibt viele pers\u00f6nliche Erfahrungen, die ich mit \u00bbfremd sein\u00ab verbinde. In meiner kleinen Familie und gro\u00dfen Verwandtschaft beispielsweise, in der ich oft und gerne \u00fcber Themen wie die Entstehung von Kriegen, Gerechtigkeit, Frieden, Weltpolitik, Medienmanipulation, die Macht des Geldes oder auch \u00fcber unsere Lohnarbeitsstruktur reden wollte, und dabei nicht nur auf taube Ohren, sondern auch auf regelm\u00e4\u00dfig genervte Gesichter traf. Jahrelang. Man wiegelte stets ab und betonte: \u00bb<em>Nicht heute. Nicht an diesem Tag!\u00ab <\/em>So als h\u00e4tte man \u00fcberhaupt Interesse daran gehabt, <em>jemals<\/em> \u00fcber etwas anderes als nur \u00fcber den eigenen kleinen Mikrokosmos sprechen zu wollen. \u00dcber etwas anderes als banalen Alltagstrott und die Soapisierung des eigenen Nichtlebens. Diese sich stets wiederholende Kleingeistigkeit \u00e4rgerte mich zwar einerseits, hinterlie\u00df bei mir aber auch ein tiefes Gef\u00fchl von allein und fremd sein.<\/p>\n<p style=\"text-align: justify;\">Nun gut, dachte ich damals, Familie kann man sich nicht aussuchen. Das wird auf der Universit\u00e4t und im Freundeskreis sicher anders sein. Aber auch hier wirkten die gleichen Mechanismen wie \u00fcberall: Anpassungsdruck, Selbstinszenierung, Weltverleugnung, Oberfl\u00e4chlichkeit und schlie\u00dflich: Konformit\u00e4t. Erst wird \u2013ganz rebellisch- die S\u00fcddeutsche Zeitung gelesen, die Methoden von Banken und Konzernen kritisiert und dann sitzt man bei Papi im global agierenden Unternehmen, der Arbeitsrechte mit F\u00fc\u00dfen tritt und vorzugsweise Niedrigl\u00f6hner einstellt. So waren und sind sie auch heute noch, die Studenten, nicht nur der Politikwissenschaft. Am Ende mutieren sie alle zu Biedermeier-Weltverleugner-und-Mittelstands-Narzisten. Unterm Strich z\u00e4hl ich. Soll der Rest der Welt doch verbrennen.<\/p>\n<p style=\"text-align: justify;\">Dann war ich vor einigen Monaten auf einer <a href=\"https:\/\/www.zeitgeistlos.de\/zgblog\/2015\/der-rosarote-duckblick\/\">Eltern-Kind-Reise<\/a> und dachte anf\u00e4nglich noch, dass die Lebens- und Lohnarbeitsjahre, die Eltern weiser oder zumindest einf\u00fchlsamer gemacht h\u00e4tten. Jeder von ihnen hat Ausbeutung, Selbstentfremdung und Armut, wenn nicht am eigenen Leib, dann zumindest im n\u00e4heren Umfeld schon einmal erlebt. Und anstatt die eigenen Kinder vor der Ungerechtigkeit der Welt zu warnen und\/oder sie angemessen darauf vorzubereiten und sie empathisch aufzukl\u00e4ren, igelt man sich in einen sozial-emotionalen Glasbunker ein und tut so, als g\u00e4be es das alles gar nicht. Das neue Biedermeier ignoriert konsequent alles, was nicht direkt in der eigenen Lebensumgebung geschieht. Und wenn ich sehe, wie \u00bb<em>aufrechte Katholiken\u00ab<\/em> Kinder \u00fcber <a href=\"https:\/\/www.zeitgeistlos.de\/zgblog\/2015\/erziehung-zur-menschenverachtung\/\">Obdachlosigkeit<\/a> aufkl\u00e4ren wollen, dann f\u00fchle ich mich wahrlich fremd als Vater unter empathielosen Leistungseltern.<\/p>\n<p style=\"text-align: justify;\">Adorno sagte einmal, es gebe \u00bb<em>nur einen Ausdruck f\u00fcr die Wahrheit: den Gedanken, der das Unrecht verneint.\u00ab <\/em>In diesem Sinne ist weder die Wahrheit relativ, noch sind es die ethischen Werte, welche neoliberale Marktfundamentalisten, regelm\u00e4\u00dfig in ihrem Interesse verbiegen und umdeuten wollen (<a title=\"ZG_Neusprech\" href=\"https:\/\/www.zeitgeistlos.de\/zgblog\/category\/neusprech\/\" target=\"_blank\">Neusprech<\/a>). Mittlerweile empfinde ich die Fremderfahrung auch nicht mehr als unangenehm, sondern als Teil meiner Lebenswirklichkeit. In einer krankmachenden Gesellschaft, in der Profite stets mehr z\u00e4hlen als Menschenleben und in der Frieden sowie Humanismus als \u00bbGutmenschentum\u00ab diffamiert werden, kann und will ich mich weder heimisch noch zuhause f\u00fchlen.<\/p>\n<p style=\"text-align: justify;\">\u2014<\/p>\n<p style=\"text-align: justify;\">Dieser Beitrag ist Teil der Blogparade&nbsp;mit dem Thema <a href=\"http:\/\/landlebenblog.org\/2015\/09\/01\/blogparade-ich-war-fremd\/\" target=\"_blank\">\u00bbIch war fremd\u00ab<\/a> von Friederike auf <a href=\"http:\/\/landlebenblog.org\/\" target=\"_blank\">landlebenblog.org<\/a>. Vielen Dank f\u00fcr die Inspiration!<\/p>\n","protected":false},"excerpt":{"rendered":"<p>Es ist schon ein wenig pseudoelit\u00e4r und selbstreferentiell, wenn man behauptet \u00bbfremd\u00ab zu sein. So als wollte man sich unbedingt von anderen Menschen abgrenzen, etwas \u00bbbesonderes\u00ab sein, so ganz individuell und anders als alle anderen. Heute behaupten viele, sie seien \u2026 <a href=\"https:\/\/www.zeitgeistlos.de\/zgblog\/2015\/stille-selbstverfremdung\/\">Weiterlesen <span class=\"meta-nav\">\u2192<\/span><\/a><\/p>\n","protected":false},"author":4,"featured_media":19076,"comment_status":"open","ping_status":"open","sticky":false,"template":"","format":"standard","meta":{"wp_typography_post_enhancements_disabled":false,"footnotes":""},"categories":[190],"tags":[724,1598,673,290,1596,122,1519],"class_list":["post-19074","post","type-post","status-publish","format-standard","has-post-thumbnail","hentry","category-gedanken","tag-erziehung","tag-fremd","tag-individualitat","tag-lohnarbeit","tag-massenindividualitaet","tag-neoliberalismus","tag-selbstentfremdung"],"_links":{"self":[{"href":"https:\/\/www.zeitgeistlos.de\/zgblog\/wp-json\/wp\/v2\/posts\/19074","targetHints":{"allow":["GET"]}}],"collection":[{"href":"https:\/\/www.zeitgeistlos.de\/zgblog\/wp-json\/wp\/v2\/posts"}],"about":[{"href":"https:\/\/www.zeitgeistlos.de\/zgblog\/wp-json\/wp\/v2\/types\/post"}],"author":[{"embeddable":true,"href":"https:\/\/www.zeitgeistlos.de\/zgblog\/wp-json\/wp\/v2\/users\/4"}],"replies":[{"embeddable":true,"href":"https:\/\/www.zeitgeistlos.de\/zgblog\/wp-json\/wp\/v2\/comments?post=19074"}],"version-history":[{"count":19,"href":"https:\/\/www.zeitgeistlos.de\/zgblog\/wp-json\/wp\/v2\/posts\/19074\/revisions"}],"predecessor-version":[{"id":19108,"href":"https:\/\/www.zeitgeistlos.de\/zgblog\/wp-json\/wp\/v2\/posts\/19074\/revisions\/19108"}],"wp:featuredmedia":[{"embeddable":true,"href":"https:\/\/www.zeitgeistlos.de\/zgblog\/wp-json\/wp\/v2\/media\/19076"}],"wp:attachment":[{"href":"https:\/\/www.zeitgeistlos.de\/zgblog\/wp-json\/wp\/v2\/media?parent=19074"}],"wp:term":[{"taxonomy":"category","embeddable":true,"href":"https:\/\/www.zeitgeistlos.de\/zgblog\/wp-json\/wp\/v2\/categories?post=19074"},{"taxonomy":"post_tag","embeddable":true,"href":"https:\/\/www.zeitgeistlos.de\/zgblog\/wp-json\/wp\/v2\/tags?post=19074"}],"curies":[{"name":"wp","href":"https:\/\/api.w.org\/{rel}","templated":true}]}}