{"id":18678,"date":"2015-08-03T07:01:56","date_gmt":"2015-08-03T05:01:56","guid":{"rendered":"http:\/\/www.zeitgeistlos.de\/zgblog\/?p=18678"},"modified":"2015-07-27T17:53:18","modified_gmt":"2015-07-27T15:53:18","slug":"notizen-einer-eidechse","status":"publish","type":"post","link":"https:\/\/www.zeitgeistlos.de\/zgblog\/2015\/notizen-einer-eidechse\/","title":{"rendered":"Notizen einer Eidechse"},"content":{"rendered":"<p style=\"text-align: justify;\">Gesammelte Gespr\u00e4chsfetzen in Bus und Bahn (Berlin) vom Juni 2015:<\/p>\n<ol>\n<li style=\"text-align: justify;\">(weiblich, ca. 40 Jahre) Ick hab morjen frei.<\/li>\n<li style=\"text-align: justify;\">(m\u00e4nnlich, ca. 45 Jahre) Weeste, wie schei\u00dfe dit is? Dat Schjobcenter will mich in ne Ma\u00dfnahme stecken!<\/li>\n<li style=\"text-align: justify;\">(m\u00e4nnlich, unter 20 Jahre, am Telefon) Du Hurensohn, ich ficke Deine Mutter!<\/li>\n<li style=\"text-align: justify;\">(weiblich, ca. 35) Wenn ick wat verbockt hab, dann sach isch dit ooch und mach da nich son heckmeck draus.<\/li>\n<li style=\"text-align: justify;\">(weiblich, unter 20 Jahre) Und dann meinte er so, ich sei ja voll h\u00e4\u00dflich und so, dabei wolln grad drei Typen wat von mir. Aber ich will keinen, die sind ja alle voll die Opfer (lacht).<\/li>\n<\/ol>\n","protected":false},"excerpt":{"rendered":"<p>Gesammelte Gespr\u00e4chsfetzen in Bus und Bahn (Berlin) vom Juni 2015: (weiblich, ca. 40 Jahre) Ick hab morjen frei. (m\u00e4nnlich, ca. 45 Jahre) Weeste, wie schei\u00dfe dit is? Dat Schjobcenter will mich in ne Ma\u00dfnahme stecken! (m\u00e4nnlich, unter 20 Jahre, am \u2026 <a href=\"https:\/\/www.zeitgeistlos.de\/zgblog\/2015\/notizen-einer-eidechse\/\">Weiterlesen <span class=\"meta-nav\">\u2192<\/span><\/a><\/p>\n","protected":false},"author":4,"featured_media":16056,"comment_status":"open","ping_status":"open","sticky":false,"template":"","format":"standard","meta":{"wp_typography_post_enhancements_disabled":false,"footnotes":""},"categories":[190],"tags":[432,325,498,152],"class_list":["post-18678","post","type-post","status-publish","format-standard","has-post-thumbnail","hentry","category-gedanken","tag-alltag","tag-bahn","tag-kommunikation","tag-sprache"],"_links":{"self":[{"href":"https:\/\/www.zeitgeistlos.de\/zgblog\/wp-json\/wp\/v2\/posts\/18678","targetHints":{"allow":["GET"]}}],"collection":[{"href":"https:\/\/www.zeitgeistlos.de\/zgblog\/wp-json\/wp\/v2\/posts"}],"about":[{"href":"https:\/\/www.zeitgeistlos.de\/zgblog\/wp-json\/wp\/v2\/types\/post"}],"author":[{"embeddable":true,"href":"https:\/\/www.zeitgeistlos.de\/zgblog\/wp-json\/wp\/v2\/users\/4"}],"replies":[{"embeddable":true,"href":"https:\/\/www.zeitgeistlos.de\/zgblog\/wp-json\/wp\/v2\/comments?post=18678"}],"version-history":[{"count":4,"href":"https:\/\/www.zeitgeistlos.de\/zgblog\/wp-json\/wp\/v2\/posts\/18678\/revisions"}],"predecessor-version":[{"id":18866,"href":"https:\/\/www.zeitgeistlos.de\/zgblog\/wp-json\/wp\/v2\/posts\/18678\/revisions\/18866"}],"wp:featuredmedia":[{"embeddable":true,"href":"https:\/\/www.zeitgeistlos.de\/zgblog\/wp-json\/wp\/v2\/media\/16056"}],"wp:attachment":[{"href":"https:\/\/www.zeitgeistlos.de\/zgblog\/wp-json\/wp\/v2\/media?parent=18678"}],"wp:term":[{"taxonomy":"category","embeddable":true,"href":"https:\/\/www.zeitgeistlos.de\/zgblog\/wp-json\/wp\/v2\/categories?post=18678"},{"taxonomy":"post_tag","embeddable":true,"href":"https:\/\/www.zeitgeistlos.de\/zgblog\/wp-json\/wp\/v2\/tags?post=18678"}],"curies":[{"name":"wp","href":"https:\/\/api.w.org\/{rel}","templated":true}]}}