{"id":18298,"date":"2015-04-27T07:40:04","date_gmt":"2015-04-27T05:40:04","guid":{"rendered":"http:\/\/www.zeitgeistlos.de\/zgblog\/?p=18298"},"modified":"2015-04-24T09:09:53","modified_gmt":"2015-04-24T07:09:53","slug":"presseblick-38","status":"publish","type":"post","link":"https:\/\/www.zeitgeistlos.de\/zgblog\/2015\/presseblick-38\/","title":{"rendered":"Presseblick (38)"},"content":{"rendered":"<p style=\"text-align: justify;\">Zum Tod der 1.000 Fl\u00fcchtlinge sagt Regierungssprecher Steffen Seibert auf bundesregierung.de: <a href=\"http:\/\/www.bundeskanzlerin.de\/Content\/DE\/Artikel\/2015\/04\/2015-04-19-fluechtlingsunglueck-mittelmeer.html;jsessionid=912EE5EA6BA76AFEDF702E2FA962955D.s3t2\" target=\"_blank\"><em>\u00bbDie Bundeskanzlerin ist wie Millionen Deutsche ersch\u00fcttert \u00fcber das neuerliche Kentern eines Fl\u00fcchtlingsschiffes\u00ab<\/em><\/a>. So So. Sobald das Thema von der medialen Agenda verschwunden ist, wird genau <em>nichts<\/em> unternommen. Denn wo bleibt das millardenschwere Rettungsprogramm, wie bei den Banken?&nbsp; Was verbindet denn RTL, BILD, Pegida, NSU, Thilo Sarrazin, Politically Incorrect, die NPD sowie die CDU\/CSU miteinander? Der \u00fcberwiegende Geist in Deutschland steht rechts. Fl\u00fcchtlinge gelten als unvermeidbarer Kollateralschaden einer imperialistischen Wirtschaftspolitik, als unn\u00fctze St\u00f6renfriede der Biedermeier-Weltverleugner und politisch als unbequeme Kostenfaktoren. Als Menschen \u2011die ein Recht auf Leben, Unversehrtheit und Selbstbestimmung haben- wurden und werden sie nicht betrachtet. Die \u00f6ffentliche Heuchelei, Bigotterie, Verlogenheit und Menschenverachtung ist hier unertr\u00e4glich.<!--more--><\/p>\n<p style=\"text-align: justify;\"><strong>Bildung<\/strong><br>\nEin Professor Meyer ereifert sich auf faz.net \u00fcber die Arbeitsmoral und das zunehmend unmoralische Verhalten seiner Studenten im Artikel: <a title=\"faz\" href=\"http:\/\/www.faz.net\/aktuell\/feuilleton\/debatten\/universitaets-professor-ueber-die-arbeitsmoral-von-studenten-13539958.html?printPagedArticle=true#pageIndex_2\" target=\"_blank\"><em>\u00bbEhre und Ehrlichkeit der Studenten\u00ab<\/em><\/a>. Sie w\u00fcrden die B\u00fccher der Dozenten nicht kaufen, bei Klausuren schummeln oder krank machen und sogar in B\u00fcros einbrechen. Sie w\u00fcrden <em>\u00bbschummeln, dass sich die Balken biegen\u00ab<\/em> so der Dozent. In einem gesellschaftlichen Klima, in dem die L\u00fcge der Normalzustand und die Wahrheit die Ausnahme geworden ist, in dem man mit Betrug, Heuchelei und Verlogenheit beruflich erfolgreicher ist, als mit ehrlicher Authentizit\u00e4t, in dem Banken und Unternehmen v\u00f6llig unbehelligt B\u00fcrger abzocken und enteignen d\u00fcrfen \u2014 muss sich doch niemand mehr \u00fcber den Niedergang von Moral und Ethik wundern. Sie sind nur ein Spiegel der Gesellschaft. Solche Studenten haben wir uns selbstverschuldet herangez\u00fcchtet.&nbsp; Herzlichen Gl\u00fcckwunsch!<\/p>\n<p style=\"text-align: justify;\"><strong>Politik<\/strong><br>\nErinnert sich noch jemand an die Piratenpartei? Sie wurde im Herbst 2006 gegr\u00fcndet und galt vielen als die gro\u00dfe Hoffnung f\u00fcr einen Mentalit\u00e4tswechsel und den gesellschaftlichen Wandel. Ich hielt das <a href=\"https:\/\/www.zeitgeistlos.de\/zgblog\/2012\/partei-politik\/\" target=\"_blank\">damals<\/a> schon f\u00fcr \u00e4u\u00dferst optimistisch-naiv. Auch eine neue Partei muss und wird sich dem parlamentarischen Gesch\u00e4ftsbetrieb anpassen und wird irgendwann <em>etabliert<\/em> und damit Mainstream-So\u00dfe. Das haben wir bei den GR\u00dcNEN und der SPD erlebt. Und heute? Der in der \u00d6ffentlichkeit bekannte Pirat <a href=\"http:\/\/meedia.de\/2015\/04\/21\/ex-pirat-lauer-ist-neuer-leiter-der-strategischen-innovationen-von-axel-springer\/\" target=\"_blank\">Christopher Lauer wechselt zum Axel-Springer-Verlag<\/a>. Wieder einer, der gekauft wurde.<\/p>\n<p style=\"text-align: justify;\"><strong>Geld<br>\n<\/strong>Ein reicher Finanzgaukler r\u00e4t den Menschen auf handelsblatt.com: <a href=\"http:\/\/www.handelsblatt.com\/finanzen\/anlagestrategie\/trends\/finanzexperte-wolfgang-gerke-junge-leute-sollten-sich-kraeftig-verschulden\/11662230.html\" target=\"_blank\"><em>\u00bbJunge Leute sollten sich kr\u00e4ftig verschulden.\u00ab<\/em><\/a> Wo Schulden gemacht werden, h\u00e4ufen sich auch die Verm\u00f6gen an \u2014 dieser Zusammenhang wird h\u00e4ufig verschwiegen. Zudem sollen wir wohl alle abh\u00e4ngige Zinssklaven werden, hm?<\/p>\n<p style=\"text-align: justify;\"><strong>Datenschutz<\/strong><br>\nDie \u00dcberwachungs- und Kontrollgeilheit der Herrschenden nimmt derzeit kein Ende. Ob die NSA mit PRISM und TEMPORA, die Pkw-Maut, die Datensammelwut via Payback und den diversen Kundenkarten, \u00dcberwachungskameras in Bus, Bahn und Unternehmen, Online-Cookie-Auswertungen oder die kommende Vorratsdatenspeicherung \u2014 die Angst vor einem (berechtigten) Volksaufstand geht in der Finanzmafia um. Es wird sich auf allen Fronten darauf vorbereitet. Nun gibt es sogar schon App\u00b4s, welche die Gesundheit und Fitness von Mitarbeitern \u00fcberwachen sollen: <a href=\"http:\/\/www.fr-online.de\/digital\/ueberwachung-big-boss-is-watching-you,1472406,30497792.html\" target=\"_blank\"><em>\u00bbHolmes Arbeitgeber hat sie mit der App ausger\u00fcstet, die ihren Gem\u00fctszustand \u00fcberwacht.\u00ab<\/em><\/a> Die Sch\u00f6ne Neue Orwell Welt ist l\u00e4ngst da.<\/p>\n<p style=\"text-align: justify;\"><strong>Arbeitsmarkt<br>\n<\/strong>Die GDL wird wieder streiken. F\u00fcr bessere L\u00f6hne und Arbeitsbedingungen k\u00e4mpfen. Und obwohl in Deutschland, im internationalen Vergleich, sehr wenig gestreikt wird, muss die b\u00fcrgerliche Kaufpresse jede Arbeitsniederlegung als den Untergang des Abendlandes inszenieren: <a href=\"http:\/\/www.spiegel.de\/wirtschaft\/unternehmen\/bahn-streik-industrie-befuerchtet-millionenschaden-a-1029706.html\" target=\"_blank\"><em>\u00bbBahnstreiks: Industrie bef\u00fcrchtet Millionenschaden.\u00ab<\/em><\/a> Wenn das wirklich so sein sollte, warum bezahlt man die Lokf\u00fchrer dann nicht anst\u00e4ndig?<\/p>\n<p style=\"text-align: justify;\">Der Hass, dem die GDL hier entgegensch\u00e4gt erreicht ein neues Level. Ich bef\u00fcrchte, mit dieser unserer Bev\u00f6lkerung ist kein menschenfreundlicher Wandel mehr zu machen. Jeder Versuch, f\u00fcr den \u00bbkleinen Mann\u00ab zu k\u00e4mpfen; jeder Versuch, gegen Ausl\u00e4nderhass und Rassismus zu argumentieren; jeder Versuch, die Verbl\u00f6dungsmethoden von RTL und BILD aufzuzeigen; jeder Versuch, f\u00fcr mehr Mitmenschlichkeit, Solidarit\u00e4t und Empathie einzustehen \u2014 wird bel\u00e4chelt, abgeschmettert und mit Aggressivit\u00e4t begegnet. Ich bef\u00fcrchte, die Masse sehnt sich nach der gr\u00f6\u00dftm\u00f6glichen menschenverachtenden Katastrophe.<\/p>\n<p style=\"text-align: justify;\"><strong>Religion<br>\n<\/strong>Die Denunziation und die <a href=\"http:\/\/www.fr-online.de\/kultur\/kritik-an-papst-franziskus--chaot--und--populist-,1472786,30427608.html\" target=\"_blank\">Diffamierung von Papst Franziskus<\/a> ist weiterhin in vollem Gange. Konservative Intellektuelle nennen ihn sogar schon einen <em>\u00bbChaoten\u00ab<\/em> und <em>\u00bbPopulisten\u00ab<\/em>. Wer sich f\u00fcr mehr soziale Gerechtigkeit einsetzt und sogar behauptet: <em>\u00bbdiese Wirtschaft t\u00f6tet!\u00ab<\/em> ist nat\u00fcrlich untragbar geworden f\u00fcr die herrschende Finanzmafia. Selbst wenn man Papst ist. Ich gehe jede Wette ein, dass wir im Jahr 2015 noch eine ausgereifte Medien-Kampagne gegen ihn erleben werden.<\/p>\n","protected":false},"excerpt":{"rendered":"<p>Zum Tod der 1.000 Fl\u00fcchtlinge sagt Regierungssprecher Steffen Seibert auf bundesregierung.de: \u00bbDie Bundeskanzlerin ist wie Millionen Deutsche ersch\u00fcttert \u00fcber das neuerliche Kentern eines Fl\u00fcchtlingsschiffes\u00ab. So So. Sobald das Thema von der medialen Agenda verschwunden ist, wird genau nichts unternommen. Denn \u2026 <a href=\"https:\/\/www.zeitgeistlos.de\/zgblog\/2015\/presseblick-38\/\">Weiterlesen <span class=\"meta-nav\">\u2192<\/span><\/a><\/p>\n","protected":false},"author":4,"featured_media":16056,"comment_status":"open","ping_status":"open","sticky":false,"template":"","format":"standard","meta":{"wp_typography_post_enhancements_disabled":false,"footnotes":""},"categories":[5],"tags":[325,390,816,1005,1557,225,1214,999,1016,1343,681],"class_list":["post-18298","post","type-post","status-publish","format-standard","has-post-thumbnail","hentry","category-medien","tag-bahn","tag-bildung","tag-datenschutz","tag-doppelmoral","tag-fluechtlinge","tag-moral","tag-papst","tag-piratenpartei","tag-streik","tag-universitaet","tag-uberwachung"],"_links":{"self":[{"href":"https:\/\/www.zeitgeistlos.de\/zgblog\/wp-json\/wp\/v2\/posts\/18298","targetHints":{"allow":["GET"]}}],"collection":[{"href":"https:\/\/www.zeitgeistlos.de\/zgblog\/wp-json\/wp\/v2\/posts"}],"about":[{"href":"https:\/\/www.zeitgeistlos.de\/zgblog\/wp-json\/wp\/v2\/types\/post"}],"author":[{"embeddable":true,"href":"https:\/\/www.zeitgeistlos.de\/zgblog\/wp-json\/wp\/v2\/users\/4"}],"replies":[{"embeddable":true,"href":"https:\/\/www.zeitgeistlos.de\/zgblog\/wp-json\/wp\/v2\/comments?post=18298"}],"version-history":[{"count":18,"href":"https:\/\/www.zeitgeistlos.de\/zgblog\/wp-json\/wp\/v2\/posts\/18298\/revisions"}],"predecessor-version":[{"id":18433,"href":"https:\/\/www.zeitgeistlos.de\/zgblog\/wp-json\/wp\/v2\/posts\/18298\/revisions\/18433"}],"wp:featuredmedia":[{"embeddable":true,"href":"https:\/\/www.zeitgeistlos.de\/zgblog\/wp-json\/wp\/v2\/media\/16056"}],"wp:attachment":[{"href":"https:\/\/www.zeitgeistlos.de\/zgblog\/wp-json\/wp\/v2\/media?parent=18298"}],"wp:term":[{"taxonomy":"category","embeddable":true,"href":"https:\/\/www.zeitgeistlos.de\/zgblog\/wp-json\/wp\/v2\/categories?post=18298"},{"taxonomy":"post_tag","embeddable":true,"href":"https:\/\/www.zeitgeistlos.de\/zgblog\/wp-json\/wp\/v2\/tags?post=18298"}],"curies":[{"name":"wp","href":"https:\/\/api.w.org\/{rel}","templated":true}]}}