{"id":18152,"date":"2015-02-27T07:43:49","date_gmt":"2015-02-27T06:43:49","guid":{"rendered":"http:\/\/www.zeitgeistlos.de\/zgblog\/?p=18152"},"modified":"2015-02-18T10:44:02","modified_gmt":"2015-02-18T09:44:02","slug":"fressen-als-fetisch","status":"publish","type":"post","link":"https:\/\/www.zeitgeistlos.de\/zgblog\/2015\/fressen-als-fetisch\/","title":{"rendered":"Fressen als Fetisch"},"content":{"rendered":"<p style=\"text-align: justify;\"><img decoding=\"async\" class=\"aligncenter size-medium wp-image-18154\" src=\"https:\/\/www.zeitgeistlos.de\/zgblog\/wp-content\/uploads\/fressen_fetisch-450x338.jpg\" alt=\"fressen_fetisch\" width=\"450\" height=\"338\" srcset=\"https:\/\/www.zeitgeistlos.de\/zgblog\/wp-content\/uploads\/fressen_fetisch-450x338.jpg 450w, https:\/\/www.zeitgeistlos.de\/zgblog\/wp-content\/uploads\/fressen_fetisch-150x113.jpg 150w, https:\/\/www.zeitgeistlos.de\/zgblog\/wp-content\/uploads\/fressen_fetisch-400x300.jpg 400w, https:\/\/www.zeitgeistlos.de\/zgblog\/wp-content\/uploads\/fressen_fetisch.jpg 1000w\" sizes=\"(max-width: 450px) 100vw, 450px\">Kochsendungen mit und ohne Promis, Kochb\u00fccher auf den Bestseller-Listen, Foodblogger und Food Events wie die Berlin Food Week, Erlebnis-Restaurants (wie beispielsweise das Dunkelrestaurant) oder der Billig-Italiener um die Ecke, Dinner Shows, Restaurant-Kritiker und Bewertungsportale wie yelp.de, Ern\u00e4hrungstipps und Trainer, Gourmet-K\u00f6che, dogmatische Vegetarier oder fanatische Veganer, Fast Food \u2013 Jugendhype, Magersucht-Kotz-Models, Kino-Popcorn-Reinstopfer, Omas Kochk\u00fcnste, Bio-Besseresser, Kochduelle, Di\u00e4t-Wahnsinn oder dutzende Rezepte-Webseiten: essen und kochen ist f\u00fcr viele Menschen nicht einfach nur ein Grundbed\u00fcrfnis des K\u00f6rpers, sondern Leidenschaft, Obsession und Fetisch.<!--more--><\/p>\n<p style=\"text-align: justify;\">Wenn in der Familie gekocht oder ein Kuchen gebacken wird, verzehrt sich derjenige nach Anerkennung und Best\u00e4tigung: \u00bb<em>Schmeckt es auch? Ja? Wirklich?\u00ab<\/em> Nat\u00fcrlich mundet es vorz\u00fcglich! Wie immer. Ehrlichkeit ist hier nicht angesagt. \u00c4hnlich wie bei der Frauen-Fangfrage: \u00bb<em>Bin ich zu dick?\u00ab<\/em> Wie so oft wiegt der Narzissmus schwerer als die Authentizit\u00e4t aller Beteiligten. F\u00fcr manche scheint es die einfachste und schnellste Form von <em>Fishing for Compliments<\/em> zu sein. Und dann folgen die ewig langen Gespr\u00e4che \u00fcber die Bestandteile und Zutaten: \u00bb<em>Ah, das hast Du auch drin? Oh, wie lecker. Ja stimmt, passt gut. Muss ich auch mal ausprobieren.\u00ab<\/em> Diskussionen \u00fcber das Essen und das Wetter machen mittlerweile einen Gro\u00dfteil unserer zwischenmenschlichen Kommunikation aus.<\/p>\n<p style=\"text-align: justify;\">Auch wenn in den Industriel\u00e4ndern die Armut zunimmt, die Schere zwischen arm und reich immer weiter auseinander klafft, viele Schulkinder kein warmes Mittagessen haben, Obdachlose nicht wissen, woher sie etwas zum Bei\u00dfen bekommen sollen und mittlerweile <a href=\"http:\/\/www.tafel.de\/die-tafeln.html\">mehr als 900 Tafeln<\/a> in Deutschland existieren, wird gleichzeitig der kleinb\u00fcrgerliche Dekadenz-Diskurs von Weihnachtsg\u00e4nsen, Bio-Brot und B\u00e4rlauch-Pesto kultiviert und gepflegt. Laut dem UN World Food Programme (<a href=\"http:\/\/de.wfp.org\/hunger\/hunger-statistik\">WFP<\/a>) leiden rund 900 Millionen Menschen auf der Welt an Hunger, j\u00e4hrlich sterben weltweit mehr Menschen an Hunger, als an AIDS, Malaria und Tuberkulose zusammen und 162 Millionen Kleinkinder in den Entwicklungsl\u00e4ndern sind chronisch unterern\u00e4hrt. Und wir diskutieren hier oft und gerne beispielsweise dar\u00fcber, ob nun Oregano oder Basilikum besser in die Tomatensuppe passt.<\/p>\n<blockquote>\n<p style=\"text-align: justify;\"><span class=\"dquo\">\u00bb<\/span>Die Welt ist nur noch da zur Befriedigung unseres Appetits, sie ist ein riesiger Apfel.\u00ab<\/p>\n<p style=\"text-align: justify;\">- Erich Fromm. Die Kunst des Liebens. Ullstein Verlag. 2010. Seite 102.<\/p>\n<\/blockquote>\n<p style=\"text-align: justify;\">Unsere \u00dcberfluss- und Wegwerfgesellschaft platzt im wahrsten Sinne des Wortes aus allen N\u00e4hten. Die Deutschen sind laut der IASO-Studie die dicksten Europ\u00e4er. Bewegungsfaulheit, Alkohol\u2011, Fast Food- und zu viel S\u00fc\u00dfigkeiten-Konsum sowie zu wenig Obst und Gem\u00fcse sollen die Ursachen sein. Wir futtern was das Zeug h\u00e4lt und schmei\u00dfen gleichzeitig riesige Berge an Lebensmitteln weg. Nach einer <a href=\"https:\/\/www.zugutfuerdietonne.de\/warum-werfen-wir-lebensmittel-weg\/wie-viel-werfen-wir-weg\/\">Studie der Universit\u00e4t Stuttgart<\/a> wirft jeder von uns pro Jahr durchschnittlich 82 Kilogramm Lebensmittel weg. Dennoch w\u00e4re es zu einfach mit der Eigenverantwortungs-Keule zu argumentieren, denn den allergr\u00f6\u00dften Teil werfen die Erzeuger selbst weg, um die Preisstabilit\u00e4t aufrecht zu erhalten. Das Mindesthaltbarkeitsdatum wird zudem h\u00e4ufig mit der Maximalhaltbarkeit gleichgesetzt. Hat ein Produkt die Mindesthaltbarkeit \u00fcberschritten, wird es nicht selten weg geworfen, obwohl es noch gut ist.<\/p>\n<p><iframe src=\"https:\/\/www.youtube.com\/embed\/qBaq9rSXjKg\" width=\"500\" height=\"300\" frameborder=\"0\" allowfullscreen=\"allowfullscreen\"><\/iframe><\/p>\n<p style=\"text-align: justify;\">Ich habe auch nichts gegen ein gutes Essen oder gegen gelegentlich inspirierende Rezepte, nur hat der deutsche Fress-Wahnsinn mittlerweile v\u00f6llig \u00fcbersteigerte Ausma\u00dfe angenommen. Ob Food-Blogs, Events, Koch-Sendungen, Bio-Dogmatiker oder Schrebergarten-Gem\u00fcseanbauer: das Einverleiben wird zum Markenzeichen des eigenen Charakters. Ich werde, was ich koche. Ich bin, was ich esse. Ich w\u00fcnsche mir im Angesicht des real existierenden Welthungers ein wenig mehr Demut und Bescheidenheit sowie etwas weniger Ern\u00e4hrungs-Dekadenz-Diskurse.<\/p>\n","protected":false},"excerpt":{"rendered":"<p>Kochsendungen mit und ohne Promis, Kochb\u00fccher auf den Bestseller-Listen, Foodblogger und Food Events wie die Berlin Food Week, Erlebnis-Restaurants (wie beispielsweise das Dunkelrestaurant) oder der Billig-Italiener um die Ecke, Dinner Shows, Restaurant-Kritiker und Bewertungsportale wie yelp.de, Ern\u00e4hrungstipps und Trainer, Gourmet-K\u00f6che, \u2026 <a href=\"https:\/\/www.zeitgeistlos.de\/zgblog\/2015\/fressen-als-fetisch\/\">Weiterlesen <span class=\"meta-nav\">\u2192<\/span><\/a><\/p>\n","protected":false},"author":4,"featured_media":18155,"comment_status":"open","ping_status":"open","sticky":false,"template":"","format":"standard","meta":{"wp_typography_post_enhancements_disabled":false,"footnotes":""},"categories":[190],"tags":[85,1020,1167,167,1261,939,1204],"class_list":["post-18152","post","type-post","status-publish","format-standard","has-post-thumbnail","hentry","category-gedanken","tag-diskurs","tag-ernahrung","tag-essen","tag-fressen","tag-hunger","tag-hungersnot","tag-lebensmittel"],"_links":{"self":[{"href":"https:\/\/www.zeitgeistlos.de\/zgblog\/wp-json\/wp\/v2\/posts\/18152","targetHints":{"allow":["GET"]}}],"collection":[{"href":"https:\/\/www.zeitgeistlos.de\/zgblog\/wp-json\/wp\/v2\/posts"}],"about":[{"href":"https:\/\/www.zeitgeistlos.de\/zgblog\/wp-json\/wp\/v2\/types\/post"}],"author":[{"embeddable":true,"href":"https:\/\/www.zeitgeistlos.de\/zgblog\/wp-json\/wp\/v2\/users\/4"}],"replies":[{"embeddable":true,"href":"https:\/\/www.zeitgeistlos.de\/zgblog\/wp-json\/wp\/v2\/comments?post=18152"}],"version-history":[{"count":3,"href":"https:\/\/www.zeitgeistlos.de\/zgblog\/wp-json\/wp\/v2\/posts\/18152\/revisions"}],"predecessor-version":[{"id":18157,"href":"https:\/\/www.zeitgeistlos.de\/zgblog\/wp-json\/wp\/v2\/posts\/18152\/revisions\/18157"}],"wp:featuredmedia":[{"embeddable":true,"href":"https:\/\/www.zeitgeistlos.de\/zgblog\/wp-json\/wp\/v2\/media\/18155"}],"wp:attachment":[{"href":"https:\/\/www.zeitgeistlos.de\/zgblog\/wp-json\/wp\/v2\/media?parent=18152"}],"wp:term":[{"taxonomy":"category","embeddable":true,"href":"https:\/\/www.zeitgeistlos.de\/zgblog\/wp-json\/wp\/v2\/categories?post=18152"},{"taxonomy":"post_tag","embeddable":true,"href":"https:\/\/www.zeitgeistlos.de\/zgblog\/wp-json\/wp\/v2\/tags?post=18152"}],"curies":[{"name":"wp","href":"https:\/\/api.w.org\/{rel}","templated":true}]}}