{"id":16530,"date":"2014-01-31T06:31:34","date_gmt":"2014-01-31T05:31:34","guid":{"rendered":"http:\/\/www.zeitgeistlos.de\/zgblog\/?p=16530"},"modified":"2014-01-31T06:31:34","modified_gmt":"2014-01-31T05:31:34","slug":"presseblick-20","status":"publish","type":"post","link":"https:\/\/www.zeitgeistlos.de\/zgblog\/2014\/presseblick-20\/","title":{"rendered":"Presseblick (20)"},"content":{"rendered":"<p style=\"text-align: justify;\">Respekt verdient hat Sahra Wagenknecht, die in der <a href=\"http:\/\/www.youtube.com\/watch?v=ZAYjDGP2kJQ\" target=\"_blank\">Markus Lanz \u2014 Sendung vom 16. Januar 2014 <\/a>Ruhe bewahrt hat, obwohl sie von allen Seiten, und besonders auch vom Moderator selbst \u2014 Markus Lanz\u2011, verbal nieder gekn\u00fcppelt wurde. Sie wurde angebr\u00fcllt, ihr wurden subversive Fragen gestellt, Vorw\u00fcrfe gemacht und von Ausreden lassen konnte auch keine Rede mehr sein. Das ZDF, oder ferner die \u00d6ffentlich-Rechtlichen Sendeanstalten beweisen hier wieder einmal deutlich, dass sie politisch nicht neutral, sondern ganz eindeutig neoliberal-propagandistisch gepr\u00e4gt sind. Als Frau Wagenknecht wiederholt von den Verfehlungen von Banken, Konzernen und Verm\u00f6genden sprach, blaffte Lanz sie an: <em>\u00bbJetzt will ich aber nichts mehr von den Reichen h\u00f6ren\u00ab. <\/em>Stefan Rose von den <a href=\"http:\/\/fliegende-bretter.blogspot.de\/2014\/01\/investigativer-journalismus-ala-zdf.html\" target=\"_blank\">\u00bbfliegenden Brettern\u00ab<\/a> hat hierzu einen sch\u00f6nen Beitrag verfasst.<!--more--><\/p>\n<p style=\"text-align: justify;\">Knapp 1.000 likes und fast ebenso viele shares bekommt ein <a href=\"https:\/\/www.facebook.com\/photo.php?fbid=600885789980812&amp;set=a.112965315439531.14276.101656796570383&amp;type=1&amp;stream_ref=10\" target=\"_blank\">Facebook-Posting eines Discounters <\/a>mit einem Bild auf dem steht: <em>\u00bbZuhause \u2014 Ortsteil Sofa. Kreis Wohnzimmer.\u00ab<\/em> Ist das irgendwie lustig, kreativ oder innovativ? Oder beweist das nur, welche \u00bbZielgruppe\u00ab sich eigentlich mehr und mehr auf Facebook bewegt?<\/p>\n<p style=\"text-align: justify;\">Gesundheitsminister Hermann Gr\u00f6he (CDU) betont im <a href=\"http:\/\/www.faz.net\/aktuell\/politik\/inland\/gesundheitsminister-groehe-jede-form-der-organisierten-selbsttoetungshilfe-muss-verboten-werden-12759394.html\" target=\"_blank\">faz.net \u2014 Interview<\/a>, dass er gegen die organisierte Selbstt\u00f6tungshilfe sei und kommentiert: <em>\u00bbAber wollen wir in unserer Gesellschaft den Gedanken f\u00f6rdern, menschliches Leben falle anderen zur Last? Gilt das dann auch f\u00fcr behindertes Leben? Ich will das nicht.\u00ab<\/em> Bigotter gehts kaum noch. Was ist dann mit dem staatlich organisierten Hartz 4 \u2014 System, dass genau diesen Gedanken \u00bbArbeitslose liegen uns auf der Tasche\u00ab unterst\u00fctzt? Was ist mit der in den Medien gerade ablaufenden Hetze gegen sog. \u00bbArmutszuwanderer\u00ab aus Rum\u00e4nien und Bulgarien? Soll hier nicht auch medial vermittelt werden, dass sie eine gro\u00dfe Bedrohung sind, ergo uns zur Last fallen? Das alles findet der Parteisoldat Gr\u00f6he aber sicher gut so.<\/p>\n<p style=\"text-align: justify;\">Der vorbestrafte, ehemalige VW-Vorstand Peter Hartz, dem wir die uns\u00e4glichen, namensgebenden \u00bbHartz \u2014 Reformen\u00ab zu verdanken haben, ber\u00e4t nun die franz\u00f6sische Regierung in Sachen \u00bbSozialreformen\u00ab, so <a href=\"http:\/\/www.welt.de\/wirtschaft\/article124289202\/Hollande-holt-Peter-Hartz-fuer-Arbeitsmarktreformen.html\" target=\"_blank\">die Welt<\/a>. Deutschland exportiert also nicht nur Armut und Elend nach Griechenland und Spanien, sondern auch Sozialabbau, Mini-Jobs und Erwerbslosenhetze nach Frankreich. Bald hasst uns wieder ganz Europa. Update: einen Tag sp\u00e4ter wurde die Meldung wieder dementiert. Sollte das etwa hinter verschlossenen T\u00fcren bleiben?<\/p>\n<p style=\"text-align: justify;\">Wo wir gleich wieder bei Griechenland sind. Wie <a href=\"http:\/\/www.handelsblatt.com\/politik\/international\/knappe-mehrheit-griechenland-privatisiert-stromnetzbetreiber\/9405912.html\" target=\"_blank\">das Handelsblatt<\/a> berichtet, muss <em>\u00bbGriechenland im Gegenzug f\u00fcr die Milliardenhilfen von Eurostaaten und Internationalem W\u00e4hrungsfonds zahlreiche Unternehmen privatisieren, um seinen Staatshaushalt zu sanieren.\u00ab<\/em> Da werden sich einige internationale Konzerne und Investoren schon gierig die Finger lecken. \u00c4hnlich wie nach der Wende, wo ostdeutsche Firmen f\u00fcr lau verh\u00f6kert wurden, werden hier nun Firmen und Wettbewerber aufgekauft, ausgepresst und dann auf den M\u00fcll geworfen, samt Belegschaft. Willkommen im Raubtier-Kapitalismus.<\/p>\n","protected":false},"excerpt":{"rendered":"<p>Respekt verdient hat Sahra Wagenknecht, die in der Markus Lanz \u2014 Sendung vom 16. Januar 2014 Ruhe bewahrt hat, obwohl sie von allen Seiten, und besonders auch vom Moderator selbst \u2014 Markus Lanz\u2011, verbal nieder gekn\u00fcppelt wurde. Sie wurde angebr\u00fcllt, \u2026 <a href=\"https:\/\/www.zeitgeistlos.de\/zgblog\/2014\/presseblick-20\/\">Weiterlesen <span class=\"meta-nav\">\u2192<\/span><\/a><\/p>\n","protected":false},"author":4,"featured_media":16056,"comment_status":"open","ping_status":"closed","sticky":false,"template":"","format":"standard","meta":{"wp_typography_post_enhancements_disabled":false,"footnotes":""},"categories":[5],"tags":[83,298,662,202,1390,1322,34,1321,300,475],"class_list":["post-16530","post","type-post","status-publish","format-standard","has-post-thumbnail","hentry","category-medien","tag-banken","tag-die-linke","tag-griechenland","tag-hartz-4","tag-lanz","tag-pflege","tag-propaganda","tag-senioren","tag-wagenknecht","tag-zdf"],"_links":{"self":[{"href":"https:\/\/www.zeitgeistlos.de\/zgblog\/wp-json\/wp\/v2\/posts\/16530","targetHints":{"allow":["GET"]}}],"collection":[{"href":"https:\/\/www.zeitgeistlos.de\/zgblog\/wp-json\/wp\/v2\/posts"}],"about":[{"href":"https:\/\/www.zeitgeistlos.de\/zgblog\/wp-json\/wp\/v2\/types\/post"}],"author":[{"embeddable":true,"href":"https:\/\/www.zeitgeistlos.de\/zgblog\/wp-json\/wp\/v2\/users\/4"}],"replies":[{"embeddable":true,"href":"https:\/\/www.zeitgeistlos.de\/zgblog\/wp-json\/wp\/v2\/comments?post=16530"}],"version-history":[{"count":11,"href":"https:\/\/www.zeitgeistlos.de\/zgblog\/wp-json\/wp\/v2\/posts\/16530\/revisions"}],"predecessor-version":[{"id":16576,"href":"https:\/\/www.zeitgeistlos.de\/zgblog\/wp-json\/wp\/v2\/posts\/16530\/revisions\/16576"}],"wp:featuredmedia":[{"embeddable":true,"href":"https:\/\/www.zeitgeistlos.de\/zgblog\/wp-json\/wp\/v2\/media\/16056"}],"wp:attachment":[{"href":"https:\/\/www.zeitgeistlos.de\/zgblog\/wp-json\/wp\/v2\/media?parent=16530"}],"wp:term":[{"taxonomy":"category","embeddable":true,"href":"https:\/\/www.zeitgeistlos.de\/zgblog\/wp-json\/wp\/v2\/categories?post=16530"},{"taxonomy":"post_tag","embeddable":true,"href":"https:\/\/www.zeitgeistlos.de\/zgblog\/wp-json\/wp\/v2\/tags?post=16530"}],"curies":[{"name":"wp","href":"https:\/\/api.w.org\/{rel}","templated":true}]}}