{"id":16312,"date":"2013-12-12T05:50:02","date_gmt":"2013-12-12T04:50:02","guid":{"rendered":"http:\/\/www.zeitgeistlos.de\/zgblog\/?p=16312"},"modified":"2013-12-13T08:47:46","modified_gmt":"2013-12-13T07:47:46","slug":"presseblick-18","status":"publish","type":"post","link":"https:\/\/www.zeitgeistlos.de\/zgblog\/2013\/presseblick-18\/","title":{"rendered":"Presseblick (18)"},"content":{"rendered":"<p style=\"text-align: justify;\">Die <a href=\"http:\/\/www.faz.net\/aktuell\/wirtschaft\/armutseinwanderung-staedte-verlangen-mehr-hilfe-fuer-zuwanderer-12697175.html\" target=\"_blank\">FAZ<\/a> spricht von \u00bbArmutseinwanderer\u00ab in Deutschland und meint damit Rum\u00e4nen und Bulgaren: <em>\u00bbSorgen wegen Einwanderung in die Sozialsysteme machen sich auch im europ\u00e4ischen Ausland breit. 50.000 Einwanderer aus Rum\u00e4nien und Bulgarien werden in einem Jahr nach Gro\u00dfbritannien kommen, sch\u00e4tzen die Briten.\u00ab<\/em> Klingt ganz nach \u00bb\u00dcberfremdung\u00ab \u2014 dem Unwort des Jahres 1993. Als Kr\u00f6nung wird dann noch der uns\u00e4gliche Hans-Werner Sinn zitiert: <em>\u00bbWer Sozialleistungen in seinem Heimatland in Anspruch nehmen kann, kann nicht in einem anderen Land die Hand aufhalten \u2013 aber er darf die Leistungen seines Heimatlandes konsumieren, wo er will.\u00ab<\/em> Aha, aber Unternehmen d\u00fcrfen s\u00e4mtliche Infrastrukturen und staatliche Leistungen eines Landes in Anspruch nehmen, w\u00e4hrend sie gleichzeitig keine Steuern zahlen (Steuerflucht)?<!--more--><\/p>\n<p style=\"text-align: justify;\">Das ehemalige Nachrichtenmagazin \u00bbDer Spiegel\u00ab hat schon lange seinen Titel \u00bbSturmgesch\u00fctz der Demokratie\u00ab nicht mehr verdient. Mittlerweile ist es die \u00bbKanone des Neoliberalismus\u00ab und verbreitet uns\u00e4gliche L\u00fcgen-Propaganda. So auch am 4. Dezember 2013, in dem es <a href=\"http:\/\/www.spiegel.de\/wirtschaft\/unternehmen\/eu-und-usa-warnen-vor-scheitern-der-welthandelskonferenz-a-937100.html\" target=\"_blank\">in einem Artikel<\/a> behauptet:<em> \u00bbWeltweiten Handel st\u00e4rken, Armut bek\u00e4mpfen: Diese Ziele will die Welthandelsorganisation mit einem neuen Vertrag umsetzen.\u00ab<\/em> Die WTO will die Armut bek\u00e4mpfen? Die Organisation, die weltweite Armut erzeugt, um die Gewinne der Industriel\u00e4nder aufrecht zu erhalten? Auf diese Idee w\u00e4re selbst das Satire-Magazin \u00bbTitanic\u00ab nicht gekommen.<\/p>\n<p style=\"text-align: justify;\"><a href=\"http:\/\/www.welt.de\/wirtschaft\/article122528874\/Deutsche-koennen-2014-mehr-Geld-ausgeben.html\" target=\"_blank\">Die Welt<\/a> titelt rei\u00dferisch <em>\u00bbDeutsche k\u00f6nnen 2014 mehr Geld ausgeben\u00ab<\/em> und behauptet gleich im Untertitel: <em>\u00bbRein rechnerisch haben die Bundesb\u00fcrger im Jahr 2014 gut 586 Euro mehr in der Tasche.\u00ab<\/em> W\u00e4hrend also die Reall\u00f6hne weiter sinken werden, die Mieten steigen, die Benzinpreise teurer werden, die Post ihr Porto erh\u00f6ht, die Kosten f\u00fcr Strom, Gas, Museen, Kino, Schwimmbad und Lebensmittel ansteigen werden, der Niedriglohnsektor, Leiharbeit, unbezahlte Praktikas und prek\u00e4re Besch\u00e4ftigungsverh\u00e4ltnisse weiter zunehmen werden, haben wir dennoch mehr Geld. So langsam f\u00fchlt man sich entweder vollkommen verarscht, belogen und betrogen oder unsere sogenannten \u00bbLeitmedien\u00ab sind alle (\u00e4u\u00dferst schlechte) Satiriker geworden, ohne uns Leser davon zu unterrichten. Wer soll euch diesen Mist eigentlich noch abkaufen?<\/p>\n<p style=\"text-align: justify;\">Der Redakteur Christian Tretbar, aus dem <a href=\"http:\/\/www.tagesspiegel.de\/politik\/gleichberechtigung-in-der-politik-maenner-in-der-ersten-reihe\/9155102.html\" target=\"_blank\">Tagesspiegel,<\/a> h\u00e4lt sich sicher f\u00fcr besonders modern, weil er als Mann den Feminismus begr\u00fc\u00dft. Im Artikel <em>\u00bbGleichberechtigung in der Politik: M\u00e4nner in der ersten Reihe\u00ab<\/em> bedauert er, dass in der kommenden gro\u00dfen Koalition nur wenige Frauen die <em>\u00bbwichtigen Ministerposten\u00ab<\/em> haben werden. Keine Sorge, Herr Tretbar, es gibt genug Frauen in Spitzenpositionen: Christine Lagarde (Direktorin des IWF), Angela Merkel (deutsche Bundeskanzlerin), Elke K\u00f6nig (Direktorin der BaFin), Friede Springer (Platz 8 der reichsten Menschen Deutschlands, Axel Springer Verlag), Liz Mohn (Vorstandsmitglied der Bertelsmann Stiftung), Hannelore Kraft (Ministerpr\u00e4sidentin von Nordrhein-Westfalen), Susanne Klatten (Millionenerbin der Familie Quandt) und so weiter. Und jetzt? Waren und sind diese Frauen besonders einf\u00fchlsam, verst\u00e4ndnisvoll, warmherzig oder liebevoll? Weil das doch die ureigensten weiblichen Eigenschaften seien, laut der feministischen Theorie? Nein? Ja, dann ist nat\u00fcrlich das Patriarchat (also der Mann) schuld, dass diese Frauen \u00bbverm\u00e4nnlicht\u00ab wurden. Sorry, aber das grunds\u00e4tzliche Problem ist nicht, dass wir zuwenig Frauen in F\u00fchrungspositionen haben, sondern zuviel Neoliberalismus in den K\u00f6pfen.<\/p>\n","protected":false},"excerpt":{"rendered":"<p>Die FAZ spricht von \u00bbArmutseinwanderer\u00ab in Deutschland und meint damit Rum\u00e4nen und Bulgaren: \u00bbSorgen wegen Einwanderung in die Sozialsysteme machen sich auch im europ\u00e4ischen Ausland breit. 50.000 Einwanderer aus Rum\u00e4nien und Bulgarien werden in einem Jahr nach Gro\u00dfbritannien kommen, sch\u00e4tzen \u2026 <a href=\"https:\/\/www.zeitgeistlos.de\/zgblog\/2013\/presseblick-18\/\">Weiterlesen <span class=\"meta-nav\">\u2192<\/span><\/a><\/p>\n","protected":false},"author":4,"featured_media":0,"comment_status":"open","ping_status":"closed","sticky":false,"template":"","format":"standard","meta":{"wp_typography_post_enhancements_disabled":false,"footnotes":""},"categories":[5],"tags":[199,309,115,1372,1371,122,34,1373],"class_list":["post-16312","post","type-post","status-publish","format-standard","hentry","category-medien","tag-armut","tag-feminismus","tag-geld","tag-handel","tag-inflation","tag-neoliberalismus","tag-propaganda","tag-wto"],"_links":{"self":[{"href":"https:\/\/www.zeitgeistlos.de\/zgblog\/wp-json\/wp\/v2\/posts\/16312","targetHints":{"allow":["GET"]}}],"collection":[{"href":"https:\/\/www.zeitgeistlos.de\/zgblog\/wp-json\/wp\/v2\/posts"}],"about":[{"href":"https:\/\/www.zeitgeistlos.de\/zgblog\/wp-json\/wp\/v2\/types\/post"}],"author":[{"embeddable":true,"href":"https:\/\/www.zeitgeistlos.de\/zgblog\/wp-json\/wp\/v2\/users\/4"}],"replies":[{"embeddable":true,"href":"https:\/\/www.zeitgeistlos.de\/zgblog\/wp-json\/wp\/v2\/comments?post=16312"}],"version-history":[{"count":14,"href":"https:\/\/www.zeitgeistlos.de\/zgblog\/wp-json\/wp\/v2\/posts\/16312\/revisions"}],"predecessor-version":[{"id":16362,"href":"https:\/\/www.zeitgeistlos.de\/zgblog\/wp-json\/wp\/v2\/posts\/16312\/revisions\/16362"}],"wp:attachment":[{"href":"https:\/\/www.zeitgeistlos.de\/zgblog\/wp-json\/wp\/v2\/media?parent=16312"}],"wp:term":[{"taxonomy":"category","embeddable":true,"href":"https:\/\/www.zeitgeistlos.de\/zgblog\/wp-json\/wp\/v2\/categories?post=16312"},{"taxonomy":"post_tag","embeddable":true,"href":"https:\/\/www.zeitgeistlos.de\/zgblog\/wp-json\/wp\/v2\/tags?post=16312"}],"curies":[{"name":"wp","href":"https:\/\/api.w.org\/{rel}","templated":true}]}}